{"id":7456,"date":"2022-05-31T22:20:03","date_gmt":"2022-05-31T19:20:03","guid":{"rendered":"https:\/\/blogi.ennola.fi\/?p=7456"},"modified":"2022-06-03T22:25:37","modified_gmt":"2022-06-03T19:25:37","slug":"seikkailukasvattajien-laivaseminaari","status":"publish","type":"post","link":"https:\/\/blogi.ennola.fi\/?p=7456","title":{"rendered":"Seikkailukasvattajien laivaseminaari"},"content":{"rendered":"<p>T\u00e4n\u00e4 kev\u00e4\u00e4n\u00e4 palasin kymmenen vuoden tauon j\u00e4lkeen seikkailukasvatuksen opintojen pariin. Humanistinen ammattikorkeakoulu on vihdoin saanut aloitetuksi seikkailukasvatuksen erikoitumisopintojen seuraavan eli kolmannen asteen opinnot. Opinnot ovat suunnattu seikkailukasvatuksen parissa ty\u00f6skenteleville ja keskittyv\u00e4t voimakkaasti ty\u00f6paikalle teht\u00e4v\u00e4n kehitt\u00e4misteht\u00e4v\u00e4n ymp\u00e4rille.<\/p>\n<p>Ensimm\u00e4inen tapaaminen oli virtuaalinen ja toinen tapaaminen oli Nurmij\u00e4rvell\u00e4 pit\u00e4en sis\u00e4ll\u00e4\u00e4n yhden y\u00f6n melontaretken Porkkalan saaristoon. Melontaretken tavoitteet olivat saman tyyppisi\u00e4 kuin monen muunkin laivaseminaarin. Toiminnan tarkoituksena verkostoitua muiden alan toimijoiden kanssa ja suunnitella tulevaa yhteisty\u00f6t\u00e4. Eroina perinteiseen laivaseminaariin olivat v\u00e4hemm\u00e4n Powerpoint-esityksi\u00e4 ja viinaa mutta enemm\u00e4n hupia. Seikkailukasvattajalle meri on luontevampi ymp\u00e4rist\u00f6 meloen kuin risteilylaivalla.<\/p>\n<div id=\"attachment_7485\" style=\"width: 460px\" class=\"wp-caption aligncenter\"><a href=\"https:\/\/blogi.ennola.fi\/wp-content\/uploads\/2022\/06\/DSCI1116.jpg\" rel=\"lightbox[7456]\"><img loading=\"lazy\" decoding=\"async\" aria-describedby=\"caption-attachment-7485\" class=\"wp-image-7485 size-full\" title=\"Aallokkomelontaa.\" src=\"https:\/\/blogi.ennola.fi\/wp-content\/uploads\/2022\/06\/DSCI1116-1.jpg\" alt=\"\" width=\"450\" height=\"257\" srcset=\"https:\/\/blogi.ennola.fi\/wp-content\/uploads\/2022\/06\/DSCI1116-1.jpg 450w, https:\/\/blogi.ennola.fi\/wp-content\/uploads\/2022\/06\/DSCI1116-1-150x86.jpg 150w\" sizes=\"(max-width: 450px) 100vw, 450px\" \/><\/a><p id=\"caption-attachment-7485\" class=\"wp-caption-text\">Aallokkomelontaa.<\/p><\/div>\n<div id=\"attachment_7484\" style=\"width: 460px\" class=\"wp-caption aligncenter\"><a href=\"https:\/\/blogi.ennola.fi\/wp-content\/uploads\/2022\/06\/DSCI1117.jpg\" rel=\"lightbox[7456]\"><img loading=\"lazy\" decoding=\"async\" aria-describedby=\"caption-attachment-7484\" class=\"wp-image-7484 size-full\" title=\"Aallokkomelontaa.\" src=\"https:\/\/blogi.ennola.fi\/wp-content\/uploads\/2022\/06\/DSCI1117-1.jpg\" alt=\"\" width=\"450\" height=\"296\" srcset=\"https:\/\/blogi.ennola.fi\/wp-content\/uploads\/2022\/06\/DSCI1117-1.jpg 450w, https:\/\/blogi.ennola.fi\/wp-content\/uploads\/2022\/06\/DSCI1117-1-150x99.jpg 150w\" sizes=\"(max-width: 450px) 100vw, 450px\" \/><\/a><p id=\"caption-attachment-7484\" class=\"wp-caption-text\">Aallokkomelontaa.<\/p><\/div>\n<div id=\"attachment_7483\" style=\"width: 460px\" class=\"wp-caption aligncenter\"><a href=\"https:\/\/blogi.ennola.fi\/wp-content\/uploads\/2022\/06\/DSCI1121.jpg\" rel=\"lightbox[7456]\"><img loading=\"lazy\" decoding=\"async\" aria-describedby=\"caption-attachment-7483\" class=\"wp-image-7483 size-full\" title=\"Suojapaikkan kallioiden v\u00e4liss\u00e4.\" src=\"https:\/\/blogi.ennola.fi\/wp-content\/uploads\/2022\/06\/DSCI1121-1.jpg\" alt=\"\" width=\"450\" height=\"273\" srcset=\"https:\/\/blogi.ennola.fi\/wp-content\/uploads\/2022\/06\/DSCI1121-1.jpg 450w, https:\/\/blogi.ennola.fi\/wp-content\/uploads\/2022\/06\/DSCI1121-1-150x91.jpg 150w\" sizes=\"(max-width: 450px) 100vw, 450px\" \/><\/a><p id=\"caption-attachment-7483\" class=\"wp-caption-text\">Suojapaikkan kallioiden v\u00e4liss\u00e4.<\/p><\/div>\n<p>Heti l\u00e4hijakson alussa teimme muutaman tunnin melonnan Nurmij\u00e4rven S\u00e4\u00e4ksj\u00e4rvell\u00e4 mihin kuului pakolliset uinnit. Py\u00f6r\u00e4hdyst\u00e4kin koetin, mutta tuntuma oli v\u00e4h\u00e4n hukassa ja eka nousi, mutta toinen ei. On selv\u00e4\u00e4, ett\u00e4 t\u00e4n\u00e4 kes\u00e4n\u00e4 on ihan vaan puljattava vedess\u00e4, jotta saisi taas perusmelontatekniikat haltuun. Kilometrej\u00e4 on kyll\u00e4 viime vuosina tullut melottua, mutta puljausta ei ole ollut tarpeeksi. Ihan vaan kaatuminenkin j\u00e4nnitt\u00e4\u00e4, kun ei ole tarpeeksi puljannut.<\/p>\n<p>Melontaretken lajitaitojen tavoitteena oli tutustua aallokkomelontaan ja siksi kohteena oli Porkkala, joka kuulemma on Suomen aallokkovarmimpia melontapaikkoja. Etuk\u00e4teen s\u00e4\u00e4tiedotukset lupailivatkin ihan kunnon tuulia, mutta ennen reissua ne tyyntyiv\u00e4t melko maltillisiin lukemiin. Kumpanakin p\u00e4iv\u00e4n\u00e4 olimme vesill\u00e4 juuri heikoimpien tuulien aikaan. Vesill\u00e4 oltaessa perjantaina tuulta oli 3\u20136 metri\u00e4 sekunnissa ja lauantai oli k\u00e4yt\u00e4nn\u00f6ss\u00e4 ihan tyyni sen aikaa, kun olimme avoimilla alueilla.<\/p>\n<p>Tuulen tyyntymisest\u00e4 huolimatta lounaistuuli tarjosi hyv\u00e4n treenipaikan Tr\u00e4sk\u00f6n ulkoreunalla, miss\u00e4 vanha maininki sekoittui vallitsevan tuulen tekemiin pienempiin aaltoihin. P\u00e4\u00e4simme kokeilemaan pikkasen surffausta sek\u00e4 pujottelua matalikolla, miss\u00e4 aallot v\u00e4h\u00e4n murtuivat. Pujottelussa ohjailin kajakkia p\u00e4\u00e4osin keulaper\u00e4simell\u00e4, mik\u00e4 ei ollut kovin toimiva ratkaisu k\u00e4\u00e4nnytt\u00e4ess\u00e4 sivutuulesta my\u00f6t\u00e4tuuleen. Kun siin\u00e4 tilanteessa murtuva sivuaalto nappasi liev\u00e4\u00e4n sivusurffiin, meinasi pystyss\u00e4 oleva mela heitt\u00e4\u00e4 minut nurin ilman mahdollisuutta tuentoihin. Nopeilla reflekseill\u00e4 siit\u00e4kin tilanteesta selvittiin hiukset kuivina. Reissun suurimmat aallot koimme, kun l\u00e4hdimme sivuaallokossa kohti R\u00f6nnsk\u00e4ri\u00e4. Avoimelta merelt\u00e4 tulevat aallot olivat kuitenkin melko loivia, osin maininkia.<\/p>\n<div id=\"attachment_7482\" style=\"width: 460px\" class=\"wp-caption aligncenter\"><a href=\"https:\/\/blogi.ennola.fi\/wp-content\/uploads\/2022\/06\/DSCI1123.jpg\" rel=\"lightbox[7456]\"><img loading=\"lazy\" decoding=\"async\" aria-describedby=\"caption-attachment-7482\" class=\"wp-image-7482 size-full\" title=\"Ville kallion suojassa.\" src=\"https:\/\/blogi.ennola.fi\/wp-content\/uploads\/2022\/06\/DSCI1123-1.jpg\" alt=\"\" width=\"450\" height=\"280\" srcset=\"https:\/\/blogi.ennola.fi\/wp-content\/uploads\/2022\/06\/DSCI1123-1.jpg 450w, https:\/\/blogi.ennola.fi\/wp-content\/uploads\/2022\/06\/DSCI1123-1-150x93.jpg 150w\" sizes=\"(max-width: 450px) 100vw, 450px\" \/><\/a><p id=\"caption-attachment-7482\" class=\"wp-caption-text\">Ville kallion suojassa.<\/p><\/div>\n<div id=\"attachment_7481\" style=\"width: 460px\" class=\"wp-caption aligncenter\"><a href=\"https:\/\/blogi.ennola.fi\/wp-content\/uploads\/2022\/06\/DSCI1134.jpg\" rel=\"lightbox[7456]\"><img loading=\"lazy\" decoding=\"async\" aria-describedby=\"caption-attachment-7481\" class=\"wp-image-7481 size-full\" title=\"Lapintiira maisemassa, ja joku melojakin.\" src=\"https:\/\/blogi.ennola.fi\/wp-content\/uploads\/2022\/06\/DSCI1134-1.jpg\" alt=\"\" width=\"450\" height=\"298\" srcset=\"https:\/\/blogi.ennola.fi\/wp-content\/uploads\/2022\/06\/DSCI1134-1.jpg 450w, https:\/\/blogi.ennola.fi\/wp-content\/uploads\/2022\/06\/DSCI1134-1-150x99.jpg 150w\" sizes=\"(max-width: 450px) 100vw, 450px\" \/><\/a><p id=\"caption-attachment-7481\" class=\"wp-caption-text\">Lapintiira maisemassa, ja joku melojakin.<\/p><\/div>\n<div id=\"attachment_7480\" style=\"width: 460px\" class=\"wp-caption aligncenter\"><a href=\"https:\/\/blogi.ennola.fi\/wp-content\/uploads\/2022\/06\/DSCI1142.jpg\" rel=\"lightbox[7456]\"><img loading=\"lazy\" decoding=\"async\" aria-describedby=\"caption-attachment-7480\" class=\"wp-image-7480 size-full\" title=\"R\u00f6nnsk\u00e4rin pooki sumussa.\" src=\"https:\/\/blogi.ennola.fi\/wp-content\/uploads\/2022\/06\/DSCI1142-1.jpg\" alt=\"\" width=\"450\" height=\"277\" srcset=\"https:\/\/blogi.ennola.fi\/wp-content\/uploads\/2022\/06\/DSCI1142-1.jpg 450w, https:\/\/blogi.ennola.fi\/wp-content\/uploads\/2022\/06\/DSCI1142-1-150x92.jpg 150w\" sizes=\"(max-width: 450px) 100vw, 450px\" \/><\/a><p id=\"caption-attachment-7480\" class=\"wp-caption-text\">R\u00f6nnsk\u00e4rin pooki sumussa.<\/p><\/div>\n<p>Y\u00f6ksi saavuimme Hermansk\u00e4rille, miss\u00e4 meill\u00e4 oli kaksi mahdollista rantautumispaikkaa. Ensimm\u00e4inen oli saaren pohjoisrannalla, minne saavuimme ensin. Siin\u00e4 k\u00e4vimme kajakeissamme keskustelua ja p\u00e4\u00e4timme k\u00e4yd\u00e4 katsomassa, joko saaren it\u00e4p\u00e4\u00e4ss\u00e4 olisi suojaisempi ranta rantautumiseen, mink\u00e4 j\u00e4lkeen tarvittaessa palaisimme suorinta tiet\u00e4 takaisin. It\u00e4rantaa asutti kyhmyjoutsen, jonka pesint\u00e4\u00e4 emme halunneet h\u00e4irit\u00e4.<\/p>\n<p>T\u00e4ss\u00e4 kohdassa retken ohjaajat halusivat koetella meid\u00e4n henkist\u00e4 kest\u00e4vyytt\u00e4 ja p\u00e4\u00e4ttiv\u00e4tkin tehd\u00e4 pienen lis\u00e4lenkin tuulista etel\u00e4rantaa pitkin takaisin. Tosiasiallisesti matkan lis\u00e4ys ei ollut merkitt\u00e4v\u00e4, mutta henkisesti lis\u00e4matka osui huonoon hetkeen, kun monet olivat jo orientoituneet helppoon lyhyeen melontaan ja sitten leiriel\u00e4m\u00e4n lepoon.<\/p>\n<div id=\"attachment_7478\" style=\"width: 290px\" class=\"wp-caption aligncenter\"><a href=\"https:\/\/blogi.ennola.fi\/wp-content\/uploads\/2022\/06\/IMG_7780.jpg\" rel=\"lightbox[7456]\"><img loading=\"lazy\" decoding=\"async\" aria-describedby=\"caption-attachment-7478\" class=\"wp-image-7478 size-full\" title=\"Pannacotta tuloillaan.\" src=\"https:\/\/blogi.ennola.fi\/wp-content\/uploads\/2022\/06\/IMG_7780-1.jpg\" alt=\"\" width=\"280\" height=\"420\" srcset=\"https:\/\/blogi.ennola.fi\/wp-content\/uploads\/2022\/06\/IMG_7780-1.jpg 280w, https:\/\/blogi.ennola.fi\/wp-content\/uploads\/2022\/06\/IMG_7780-1-267x400.jpg 267w, https:\/\/blogi.ennola.fi\/wp-content\/uploads\/2022\/06\/IMG_7780-1-100x150.jpg 100w\" sizes=\"(max-width: 280px) 100vw, 280px\" \/><\/a><p id=\"caption-attachment-7478\" class=\"wp-caption-text\">Pannacotta tuloillaan.<\/p><\/div>\n<div id=\"attachment_7477\" style=\"width: 460px\" class=\"wp-caption aligncenter\"><a href=\"https:\/\/blogi.ennola.fi\/wp-content\/uploads\/2022\/06\/IMG_7781.jpg\" rel=\"lightbox[7456]\"><img loading=\"lazy\" decoding=\"async\" aria-describedby=\"caption-attachment-7477\" class=\"wp-image-7477 size-full\" title=\"Avokadopasta tulilla.\" src=\"https:\/\/blogi.ennola.fi\/wp-content\/uploads\/2022\/06\/IMG_7781-1.jpg\" alt=\"\" width=\"450\" height=\"296\" srcset=\"https:\/\/blogi.ennola.fi\/wp-content\/uploads\/2022\/06\/IMG_7781-1.jpg 450w, https:\/\/blogi.ennola.fi\/wp-content\/uploads\/2022\/06\/IMG_7781-1-150x99.jpg 150w\" sizes=\"(max-width: 450px) 100vw, 450px\" \/><\/a><p id=\"caption-attachment-7477\" class=\"wp-caption-text\">Avokadopasta tulilla.<\/p><\/div>\n<p>Hermansk\u00e4riin perustimme useita pieni\u00e4 telttaryhmi\u00e4, joissa teimme ruokaa ja majoituimme. S\u00e4\u00e4 oli sateinen ja viile\u00e4, mit\u00e4 itse en juuri huomannut, kun olin vet\u00e4nyt samat toppahousut ja untuvatakin, kuin talvella kymmenen asteenkin pakkasessakin ylleni. Iltareflektion toteutimme kuitenkin pienryhmiss\u00e4 k\u00e4vellen ymp\u00e4ri saarta. Kaitsu esitti muutaman kysymyksen, joita l\u00e4hdimme ty\u00f6st\u00e4m\u00e4\u00e4n pienelle k\u00e4velyretkelle ja pillin vihellyksell\u00e4 palasimme jakamaan pohdintoja koko ryhm\u00e4n kesken.<\/p>\n<p>Reflektion j\u00e4lkeen ehdin viel\u00e4 lyhyesti k\u00e4yd\u00e4 kuvaamassa lintuja saaren it\u00e4p\u00e4\u00e4ss\u00e4.<\/p>\n<div id=\"attachment_7475\" style=\"width: 460px\" class=\"wp-caption aligncenter\"><a href=\"https:\/\/blogi.ennola.fi\/wp-content\/uploads\/2022\/06\/IMG_7788.jpg\" rel=\"lightbox[7456]\"><img loading=\"lazy\" decoding=\"async\" aria-describedby=\"caption-attachment-7475\" class=\"wp-image-7475 size-full\" title=\"Iltareflektio.\" src=\"https:\/\/blogi.ennola.fi\/wp-content\/uploads\/2022\/06\/IMG_7788-1.jpg\" alt=\"\" width=\"450\" height=\"300\" srcset=\"https:\/\/blogi.ennola.fi\/wp-content\/uploads\/2022\/06\/IMG_7788-1.jpg 450w, https:\/\/blogi.ennola.fi\/wp-content\/uploads\/2022\/06\/IMG_7788-1-150x100.jpg 150w\" sizes=\"(max-width: 450px) 100vw, 450px\" \/><\/a><p id=\"caption-attachment-7475\" class=\"wp-caption-text\">Iltareflektio.<\/p><\/div>\n<div id=\"attachment_7476\" style=\"width: 460px\" class=\"wp-caption aligncenter\"><a href=\"https:\/\/blogi.ennola.fi\/wp-content\/uploads\/2022\/06\/IMG_7785.jpg\" rel=\"lightbox[7456]\"><img loading=\"lazy\" decoding=\"async\" aria-describedby=\"caption-attachment-7476\" class=\"wp-image-7476 size-full\" title=\"Iltareflektio.\" src=\"https:\/\/blogi.ennola.fi\/wp-content\/uploads\/2022\/06\/IMG_7785-1.jpg\" alt=\"\" width=\"450\" height=\"330\" srcset=\"https:\/\/blogi.ennola.fi\/wp-content\/uploads\/2022\/06\/IMG_7785-1.jpg 450w, https:\/\/blogi.ennola.fi\/wp-content\/uploads\/2022\/06\/IMG_7785-1-150x110.jpg 150w\" sizes=\"(max-width: 450px) 100vw, 450px\" \/><\/a><p id=\"caption-attachment-7476\" class=\"wp-caption-text\">Iltareflektio.<\/p><\/div>\n<div id=\"attachment_7492\" style=\"width: 460px\" class=\"wp-caption aligncenter\"><a href=\"https:\/\/blogi.ennola.fi\/wp-content\/uploads\/2022\/06\/IMG_7793b.jpg\" rel=\"lightbox[7456]\"><img loading=\"lazy\" decoding=\"async\" aria-describedby=\"caption-attachment-7492\" class=\"wp-image-7492 size-full\" title=\"Kyhmyjoutsen pes\u00e4ll\u00e4\u00e4n.\" src=\"https:\/\/blogi.ennola.fi\/wp-content\/uploads\/2022\/06\/IMG_7793b-1.jpg\" alt=\"\" width=\"450\" height=\"323\" srcset=\"https:\/\/blogi.ennola.fi\/wp-content\/uploads\/2022\/06\/IMG_7793b-1.jpg 450w, https:\/\/blogi.ennola.fi\/wp-content\/uploads\/2022\/06\/IMG_7793b-1-150x108.jpg 150w\" sizes=\"(max-width: 450px) 100vw, 450px\" \/><\/a><p id=\"caption-attachment-7492\" class=\"wp-caption-text\">Kyhmyjoutsen pes\u00e4ll\u00e4\u00e4n.<\/p><\/div>\n<div id=\"attachment_7491\" style=\"width: 460px\" class=\"wp-caption aligncenter\"><a href=\"https:\/\/blogi.ennola.fi\/wp-content\/uploads\/2022\/06\/IMG_7796.jpg\" rel=\"lightbox[7456]\"><img loading=\"lazy\" decoding=\"async\" aria-describedby=\"caption-attachment-7491\" class=\"wp-image-7491 size-full\" title=\"Lapintiira.\" src=\"https:\/\/blogi.ennola.fi\/wp-content\/uploads\/2022\/06\/IMG_7796-1.jpg\" alt=\"\" width=\"450\" height=\"278\" srcset=\"https:\/\/blogi.ennola.fi\/wp-content\/uploads\/2022\/06\/IMG_7796-1.jpg 450w, https:\/\/blogi.ennola.fi\/wp-content\/uploads\/2022\/06\/IMG_7796-1-150x93.jpg 150w\" sizes=\"(max-width: 450px) 100vw, 450px\" \/><\/a><p id=\"caption-attachment-7491\" class=\"wp-caption-text\">Lapintiira.<\/p><\/div>\n<div id=\"attachment_7479\" style=\"width: 460px\" class=\"wp-caption aligncenter\"><a href=\"https:\/\/blogi.ennola.fi\/wp-content\/uploads\/2022\/06\/DSCI1148.jpg\" rel=\"lightbox[7456]\"><img loading=\"lazy\" decoding=\"async\" aria-describedby=\"caption-attachment-7479\" class=\"wp-image-7479 size-full\" title=\"Kajakit riviss\u00e4 aamulla.\" src=\"https:\/\/blogi.ennola.fi\/wp-content\/uploads\/2022\/06\/DSCI1148-1.jpg\" alt=\"\" width=\"450\" height=\"300\" srcset=\"https:\/\/blogi.ennola.fi\/wp-content\/uploads\/2022\/06\/DSCI1148-1.jpg 450w, https:\/\/blogi.ennola.fi\/wp-content\/uploads\/2022\/06\/DSCI1148-1-150x100.jpg 150w\" sizes=\"(max-width: 450px) 100vw, 450px\" \/><\/a><p id=\"caption-attachment-7479\" class=\"wp-caption-text\">Kajakit riviss\u00e4 aamulla.<\/p><\/div>\n<p>Seuraava aamu valkenikin tyyness\u00e4 s\u00e4\u00e4ss\u00e4 ja suunnitelmissa ollut aaltomelonta etel\u00e4n ulkoluodoilla ei siten oikein toteutunutkaan. L\u00e4hdimme kuitenkin sinne ja jotain olematonta mainingin tynk\u00e4\u00e4 siell\u00e4 oli, ei kyll\u00e4 mit\u00e4\u00e4n, mist\u00e4 olisi merkitt\u00e4v\u00e4\u00e4 aallokkokokemusta saanut. Aikataulu oli tiukka, joten emme voineet j\u00e4\u00e4d\u00e4 odottamaan tuulen nousemista, mik\u00e4 olisikin toteutunut reilun tunnin kuluessa. Reittimme loppu vaan oli niin suojaisa, ett\u00e4 sen varrella emme merkitt\u00e4vi\u00e4 aaltoja en\u00e4\u00e4 kohdanneet.<\/p>\n<div id=\"attachment_7486\" style=\"width: 460px\" class=\"wp-caption aligncenter\"><a href=\"https:\/\/blogi.ennola.fi\/wp-content\/uploads\/2022\/06\/DSCI1161.jpg\" rel=\"lightbox[7456]\"><img loading=\"lazy\" decoding=\"async\" aria-describedby=\"caption-attachment-7486\" class=\"wp-image-7486 size-full\" title=\"Tyynt\u00e4 myrskyn edell\u00e4.\" src=\"https:\/\/blogi.ennola.fi\/wp-content\/uploads\/2022\/06\/DSCI1161-1.jpg\" alt=\"\" width=\"450\" height=\"286\" srcset=\"https:\/\/blogi.ennola.fi\/wp-content\/uploads\/2022\/06\/DSCI1161-1.jpg 450w, https:\/\/blogi.ennola.fi\/wp-content\/uploads\/2022\/06\/DSCI1161-1-150x95.jpg 150w\" sizes=\"(max-width: 450px) 100vw, 450px\" \/><\/a><p id=\"caption-attachment-7486\" class=\"wp-caption-text\">Tyynt\u00e4 myrskyn edell\u00e4.<\/p><\/div>\n<div id=\"attachment_7490\" style=\"width: 460px\" class=\"wp-caption aligncenter\"><a href=\"https:\/\/blogi.ennola.fi\/wp-content\/uploads\/2022\/06\/DSCI1162.jpg\" rel=\"lightbox[7456]\"><img loading=\"lazy\" decoding=\"async\" aria-describedby=\"caption-attachment-7490\" class=\"wp-image-7490 size-full\" title=\"Kohti ulkoluotoja.\" src=\"https:\/\/blogi.ennola.fi\/wp-content\/uploads\/2022\/06\/DSCI1162-1.jpg\" alt=\"\" width=\"450\" height=\"301\" srcset=\"https:\/\/blogi.ennola.fi\/wp-content\/uploads\/2022\/06\/DSCI1162-1.jpg 450w, https:\/\/blogi.ennola.fi\/wp-content\/uploads\/2022\/06\/DSCI1162-1-150x100.jpg 150w\" sizes=\"(max-width: 450px) 100vw, 450px\" \/><\/a><p id=\"caption-attachment-7490\" class=\"wp-caption-text\">Kohti ulkoluotoja.<\/p><\/div>\n<div id=\"attachment_7489\" style=\"width: 460px\" class=\"wp-caption aligncenter\"><a href=\"https:\/\/blogi.ennola.fi\/wp-content\/uploads\/2022\/06\/DSCI1166.jpg\" rel=\"lightbox[7456]\"><img loading=\"lazy\" decoding=\"async\" aria-describedby=\"caption-attachment-7489\" class=\"wp-image-7489 size-full\" title=\"Tummat pilvet.\" src=\"https:\/\/blogi.ennola.fi\/wp-content\/uploads\/2022\/06\/DSCI1166-1.jpg\" alt=\"\" width=\"450\" height=\"300\" srcset=\"https:\/\/blogi.ennola.fi\/wp-content\/uploads\/2022\/06\/DSCI1166-1.jpg 450w, https:\/\/blogi.ennola.fi\/wp-content\/uploads\/2022\/06\/DSCI1166-1-150x100.jpg 150w\" sizes=\"(max-width: 450px) 100vw, 450px\" \/><\/a><p id=\"caption-attachment-7489\" class=\"wp-caption-text\">Tummat pilvet.<\/p><\/div>\n<div id=\"attachment_7488\" style=\"width: 460px\" class=\"wp-caption aligncenter\"><a href=\"https:\/\/blogi.ennola.fi\/wp-content\/uploads\/2022\/06\/DSCI1171.jpg\" rel=\"lightbox[7456]\"><img loading=\"lazy\" decoding=\"async\" aria-describedby=\"caption-attachment-7488\" class=\"wp-image-7488 size-full\" title=\"Sadetta ja maininkia.\" src=\"https:\/\/blogi.ennola.fi\/wp-content\/uploads\/2022\/06\/DSCI1171-1.jpg\" alt=\"\" width=\"450\" height=\"295\" srcset=\"https:\/\/blogi.ennola.fi\/wp-content\/uploads\/2022\/06\/DSCI1171-1.jpg 450w, https:\/\/blogi.ennola.fi\/wp-content\/uploads\/2022\/06\/DSCI1171-1-150x98.jpg 150w\" sizes=\"(max-width: 450px) 100vw, 450px\" \/><\/a><p id=\"caption-attachment-7488\" class=\"wp-caption-text\">Sadetta ja maininkia.<\/p><\/div>\n<div id=\"attachment_7487\" style=\"width: 460px\" class=\"wp-caption aligncenter\"><a href=\"https:\/\/blogi.ennola.fi\/wp-content\/uploads\/2022\/06\/DSCI1177.jpg\" rel=\"lightbox[7456]\"><img loading=\"lazy\" decoding=\"async\" aria-describedby=\"caption-attachment-7487\" class=\"wp-image-7487 size-full\" title=\"Paluumatkalle.\" src=\"https:\/\/blogi.ennola.fi\/wp-content\/uploads\/2022\/06\/DSCI1177-1.jpg\" alt=\"\" width=\"450\" height=\"289\" srcset=\"https:\/\/blogi.ennola.fi\/wp-content\/uploads\/2022\/06\/DSCI1177-1.jpg 450w, https:\/\/blogi.ennola.fi\/wp-content\/uploads\/2022\/06\/DSCI1177-1-150x96.jpg 150w\" sizes=\"(max-width: 450px) 100vw, 450px\" \/><\/a><p id=\"caption-attachment-7487\" class=\"wp-caption-text\">Paluumatkalle.<\/p><\/div>\n<p>Kev\u00e4inen luonto oli parhaimmillaan ja lintuhavaintoja kertyi enemm\u00e4n kuin kykenen varmasti muistamaan. Y\u00f6saaresta j\u00e4iv\u00e4t mieleen y\u00f6ll\u00e4 kuulemani kehr\u00e4\u00e4j\u00e4 ja mustap\u00e4\u00e4kerttu. Merell\u00e4 oli viel\u00e4 isoja haahkaparvia, joissa naaraat olivat enemmist\u00f6ss\u00e4. Saarissa lukuisat haahkat jo hautoivat ja muutaman poikueenkin onnistuimme l\u00f6yt\u00e4m\u00e4\u00e4n. Muutaman allin onnistuin l\u00f6yt\u00e4m\u00e4\u00e4n haahkojen joukosta. Koskeloita n\u00e4kyi molempaa lajia, ehk\u00e4 tukkakoskeloita runsaammin. Meri- ja valkoposkihanhien kaakatusta kuului monin paikoin. Kyhmyjoutsenia oli monissa saarissa hautomassa. Merikotkia oli runsaasti liikkeell\u00e4. Merilokkeja n\u00e4kyi silmiinpist\u00e4v\u00e4n paljon verrattuna Turun saaristoon.<\/p>\n","protected":false},"excerpt":{"rendered":"<p>T\u00e4n\u00e4 kev\u00e4\u00e4n\u00e4 palasin kymmenen vuoden tauon j\u00e4lkeen seikkailukasvatuksen opintojen pariin. Humanistinen ammattikorkeakoulu on vihdoin saanut aloitetuksi seikkailukasvatuksen erikoitumisopintojen seuraavan eli kolmannen asteen opinnot. Opinnot ovat suunnattu seikkailukasvatuksen parissa&#8230;<\/p>\n","protected":false},"author":1,"featured_media":7493,"comment_status":"open","ping_status":"open","sticky":false,"template":"","format":"standard","meta":{"footnotes":""},"categories":[8,5],"tags":[],"_links":{"self":[{"href":"https:\/\/blogi.ennola.fi\/index.php?rest_route=\/wp\/v2\/posts\/7456"}],"collection":[{"href":"https:\/\/blogi.ennola.fi\/index.php?rest_route=\/wp\/v2\/posts"}],"about":[{"href":"https:\/\/blogi.ennola.fi\/index.php?rest_route=\/wp\/v2\/types\/post"}],"author":[{"embeddable":true,"href":"https:\/\/blogi.ennola.fi\/index.php?rest_route=\/wp\/v2\/users\/1"}],"replies":[{"embeddable":true,"href":"https:\/\/blogi.ennola.fi\/index.php?rest_route=%2Fwp%2Fv2%2Fcomments&post=7456"}],"version-history":[{"count":5,"href":"https:\/\/blogi.ennola.fi\/index.php?rest_route=\/wp\/v2\/posts\/7456\/revisions"}],"predecessor-version":[{"id":7499,"href":"https:\/\/blogi.ennola.fi\/index.php?rest_route=\/wp\/v2\/posts\/7456\/revisions\/7499"}],"wp:featuredmedia":[{"embeddable":true,"href":"https:\/\/blogi.ennola.fi\/index.php?rest_route=\/wp\/v2\/media\/7493"}],"wp:attachment":[{"href":"https:\/\/blogi.ennola.fi\/index.php?rest_route=%2Fwp%2Fv2%2Fmedia&parent=7456"}],"wp:term":[{"taxonomy":"category","embeddable":true,"href":"https:\/\/blogi.ennola.fi\/index.php?rest_route=%2Fwp%2Fv2%2Fcategories&post=7456"},{"taxonomy":"post_tag","embeddable":true,"href":"https:\/\/blogi.ennola.fi\/index.php?rest_route=%2Fwp%2Fv2%2Ftags&post=7456"}],"curies":[{"name":"wp","href":"https:\/\/api.w.org\/{rel}","templated":true}]}}