{"id":761,"date":"2014-08-09T08:58:54","date_gmt":"2014-08-09T05:58:54","guid":{"rendered":"https:\/\/blogi.ennola.fi\/?p=761"},"modified":"2020-06-08T09:07:41","modified_gmt":"2020-06-08T06:07:41","slug":"saaristomeren-melojien-kesaretkella","status":"publish","type":"post","link":"https:\/\/blogi.ennola.fi\/?p=761","title":{"rendered":"Saaristomeren Melojien kes\u00e4retkell\u00e4"},"content":{"rendered":"<p>Kes\u00e4n lopulla toimin apuohjaajajana Saaristomeren Melojien melontaretkell\u00e4 Saaristomeren kansallispuistossa. Loppukes\u00e4n sinilev\u00e4tilanne oli saaristomerell\u00e4 poikkeuksellisen huono ja aivan viime metreille suunnittelimme retken siirtoa pohjoisemmaksi puhtaampien vesien \u00e4\u00e4relle. Kaikesta huolimatta l\u00e4hdimme liikkeelle Kasn\u00e4sin rannasta, miss\u00e4 paksu sinilev\u00e4lautta peitti osittain l\u00e4ht\u00f6paikkamme hiekkarannan. Kovat tuulet kuitenkin hajottivat sinilev\u00e4t merelt\u00e4 muutamassa p\u00e4iv\u00e4ss\u00e4 ja sinilevist\u00e4 ei juuri haittaa alun j\u00e4lkeen ollut.<\/p>\n<p><a href=\"https:\/\/blogi.ennola.fi\/wp-content\/uploads\/2014\/08\/Saaristo_Panorama8.jpg\" rel=\"lightbox[761]\"><img loading=\"lazy\" decoding=\"async\" class=\"aligncenter wp-image-826 size-full\" title=\"Erilaisia iltamaisemia Sand\u00f6st\u00e4.\" src=\"https:\/\/blogi.ennola.fi\/wp-content\/uploads\/2014\/08\/Saaristo_Panorama8-1.jpg\" alt=\"\" width=\"480\" height=\"108\" srcset=\"https:\/\/blogi.ennola.fi\/wp-content\/uploads\/2014\/08\/Saaristo_Panorama8-1.jpg 480w, https:\/\/blogi.ennola.fi\/wp-content\/uploads\/2014\/08\/Saaristo_Panorama8-1-150x34.jpg 150w\" sizes=\"(max-width: 480px) 100vw, 480px\" \/><\/a><\/p>\n<p><a href=\"https:\/\/blogi.ennola.fi\/wp-content\/uploads\/2014\/08\/Saaristo_Panorama3.jpg\" rel=\"lightbox[761]\"><img loading=\"lazy\" decoding=\"async\" class=\"aligncenter wp-image-823 size-full\" title=\"Erilaisia iltamaisemia Sand\u00f6st\u00e4.\" src=\"https:\/\/blogi.ennola.fi\/wp-content\/uploads\/2014\/08\/Saaristo_Panorama3-1.jpg\" alt=\"\" width=\"480\" height=\"95\" srcset=\"https:\/\/blogi.ennola.fi\/wp-content\/uploads\/2014\/08\/Saaristo_Panorama3-1.jpg 480w, https:\/\/blogi.ennola.fi\/wp-content\/uploads\/2014\/08\/Saaristo_Panorama3-1-150x30.jpg 150w\" sizes=\"(max-width: 480px) 100vw, 480px\" \/><\/a><\/p>\n<p><a href=\"https:\/\/blogi.ennola.fi\/wp-content\/uploads\/2014\/08\/Saaristo_Panorama6.jpg\" rel=\"lightbox[761]\"><img loading=\"lazy\" decoding=\"async\" class=\"aligncenter wp-image-820 size-full\" title=\"Erilaisia iltamaisemia Sand\u00f6st\u00e4.\" src=\"https:\/\/blogi.ennola.fi\/wp-content\/uploads\/2014\/08\/Saaristo_Panorama6-1.jpg\" alt=\"\" width=\"480\" height=\"105\" srcset=\"https:\/\/blogi.ennola.fi\/wp-content\/uploads\/2014\/08\/Saaristo_Panorama6-1.jpg 480w, https:\/\/blogi.ennola.fi\/wp-content\/uploads\/2014\/08\/Saaristo_Panorama6-1-150x33.jpg 150w\" sizes=\"(max-width: 480px) 100vw, 480px\" \/><\/a><\/p>\n<p><a href=\"https:\/\/blogi.ennola.fi\/wp-content\/uploads\/2014\/08\/Saaristo_Panorama2.jpg\" rel=\"lightbox[761]\"><img loading=\"lazy\" decoding=\"async\" class=\"aligncenter wp-image-824 size-full\" title=\"Erilaisia iltamaisemia Sand\u00f6st\u00e4.\" src=\"https:\/\/blogi.ennola.fi\/wp-content\/uploads\/2014\/08\/Saaristo_Panorama2-1.jpg\" alt=\"\" width=\"480\" height=\"148\" srcset=\"https:\/\/blogi.ennola.fi\/wp-content\/uploads\/2014\/08\/Saaristo_Panorama2-1.jpg 480w, https:\/\/blogi.ennola.fi\/wp-content\/uploads\/2014\/08\/Saaristo_Panorama2-1-150x46.jpg 150w\" sizes=\"(max-width: 480px) 100vw, 480px\" \/><\/a><\/p>\n<div id=\"attachment_827\" style=\"width: 490px\" class=\"wp-caption aligncenter\"><a href=\"https:\/\/blogi.ennola.fi\/wp-content\/uploads\/2014\/08\/Saaristo_Panorama7.jpg\" rel=\"lightbox[761]\"><img loading=\"lazy\" decoding=\"async\" aria-describedby=\"caption-attachment-827\" class=\"wp-image-827 size-full\" title=\"Erilaisia iltamaisemia Sand\u00f6st\u00e4.\" src=\"https:\/\/blogi.ennola.fi\/wp-content\/uploads\/2014\/08\/Saaristo_Panorama7-1.jpg\" alt=\"\" width=\"480\" height=\"93\" srcset=\"https:\/\/blogi.ennola.fi\/wp-content\/uploads\/2014\/08\/Saaristo_Panorama7-1.jpg 480w, https:\/\/blogi.ennola.fi\/wp-content\/uploads\/2014\/08\/Saaristo_Panorama7-1-150x29.jpg 150w\" sizes=\"(max-width: 480px) 100vw, 480px\" \/><\/a><p id=\"caption-attachment-827\" class=\"wp-caption-text\">Erilaisia iltamaisemia Sand\u00f6st\u00e4.<\/p><\/div>\n<p>Ensimm\u00e4iset kaksi y\u00f6t\u00e4 vietimme Sand\u00f6ss\u00e4 ja niiden v\u00e4lisen p\u00e4iv\u00e4n siivosimme Sand\u00f6n rantoja roskista. Sand\u00f6n l\u00e4nsipuolen hiekkarannoille tuuli oli tuonut paksun lev\u00e4massan, jonka haju oli melko kuvottava. Leirimme perustimme hajumatkan p\u00e4\u00e4h\u00e4n tuosta rannasta. Kun tuli aika siirty\u00e4 Sand\u00f6st\u00e4 eteenp\u00e4in, l\u00e4hestyv\u00e4 ukkosmyrsky siirsi l\u00e4ht\u00f6\u00e4mme muutamalla tunnilla. Myrskyn laannuttua s\u00e4\u00e4 oli erinomainen siirty\u00e4 pohjoiseen H\u00f6glandiin, jossa niin ik\u00e4\u00e4n y\u00f6vyimme kaksi y\u00f6t\u00e4. H\u00f6glandista siirryimme viimeiseksi y\u00f6ksi S\u00f6dra Bensk\u00e4riin hienossa tyveness\u00e4 s\u00e4\u00e4ss\u00e4.<\/p>\n<p><a href=\"https:\/\/blogi.ennola.fi\/wp-content\/uploads\/2014\/08\/Saaristo_Panorama5.jpg\" rel=\"lightbox[761]\"><img loading=\"lazy\" decoding=\"async\" class=\"aligncenter wp-image-821 size-full\" title=\"Ukkosmyrsky Sand\u00f6n It\u00e4riutalla. \" src=\"https:\/\/blogi.ennola.fi\/wp-content\/uploads\/2014\/08\/Saaristo_Panorama5-1.jpg\" alt=\"\" width=\"420\" height=\"217\" srcset=\"https:\/\/blogi.ennola.fi\/wp-content\/uploads\/2014\/08\/Saaristo_Panorama5-1.jpg 420w, https:\/\/blogi.ennola.fi\/wp-content\/uploads\/2014\/08\/Saaristo_Panorama5-1-150x78.jpg 150w\" sizes=\"(max-width: 420px) 100vw, 420px\" \/><\/a><\/p>\n<div id=\"attachment_822\" style=\"width: 490px\" class=\"wp-caption aligncenter\"><a href=\"https:\/\/blogi.ennola.fi\/wp-content\/uploads\/2014\/08\/Saaristo_Panorama4.jpg\" rel=\"lightbox[761]\"><img loading=\"lazy\" decoding=\"async\" aria-describedby=\"caption-attachment-822\" class=\"wp-image-822 size-full\" title=\"Ukkosmyrsky Sand\u00f6n It\u00e4riutalla. \" src=\"https:\/\/blogi.ennola.fi\/wp-content\/uploads\/2014\/08\/Saaristo_Panorama4-1.jpg\" alt=\"\" width=\"480\" height=\"96\" srcset=\"https:\/\/blogi.ennola.fi\/wp-content\/uploads\/2014\/08\/Saaristo_Panorama4-1.jpg 480w, https:\/\/blogi.ennola.fi\/wp-content\/uploads\/2014\/08\/Saaristo_Panorama4-1-150x30.jpg 150w\" sizes=\"(max-width: 480px) 100vw, 480px\" \/><\/a><p id=\"caption-attachment-822\" class=\"wp-caption-text\">Ukkosmyrsky Sand\u00f6n It\u00e4riutalla.<\/p><\/div>\n<p>Melontaretken p\u00e4iv\u00e4t olivat melko ty\u00f6nt\u00e4yteisi\u00e4 ja aikaa ei hirve\u00e4sti kuvaamiselle j\u00e4\u00e4nyt. Niinp\u00e4 parhaat kuvaushetket olivatkin my\u00f6h\u00e4isi\u00e4 iltoja, aamuisin en tullut her\u00e4nneeksi niin aikaisin, ett\u00e4 silloin olisin ehtinyt k\u00e4yd\u00e4 kuvaamassa. Auringon laskut Sand\u00f6ss\u00e4 olivat varsin komeat ja it\u00e4isen riutan k\u00e4rjest\u00e4 ja Tall\u00f6renin suuntaan sain mielest\u00e4ni hienoja kuvia. Samoin kolmannen p\u00e4iv\u00e4n ukkosmyrsky tarjosi kauniita pilvimaisemia. Sand\u00f6n j\u00e4lkeen taivas selkeni ja kauniita pilvi\u00e4 ei en\u00e4\u00e4 samalla tavalla ollut, joten kuvaaminenkin j\u00e4i v\u00e4h\u00e4iseksi.<\/p>\n<div id=\"attachment_825\" style=\"width: 490px\" class=\"wp-caption aligncenter\"><a href=\"https:\/\/blogi.ennola.fi\/wp-content\/uploads\/2014\/08\/Saaristo_Panorama1.jpg\" rel=\"lightbox[761]\"><img loading=\"lazy\" decoding=\"async\" aria-describedby=\"caption-attachment-825\" class=\"wp-image-825 size-full\" title=\"H\u00f6glandetin rantaa auringonlaskun aikaan.\" src=\"https:\/\/blogi.ennola.fi\/wp-content\/uploads\/2014\/08\/Saaristo_Panorama1-1.jpg\" alt=\"\" width=\"480\" height=\"137\" srcset=\"https:\/\/blogi.ennola.fi\/wp-content\/uploads\/2014\/08\/Saaristo_Panorama1-1.jpg 480w, https:\/\/blogi.ennola.fi\/wp-content\/uploads\/2014\/08\/Saaristo_Panorama1-1-150x43.jpg 150w\" sizes=\"(max-width: 480px) 100vw, 480px\" \/><\/a><p id=\"caption-attachment-825\" class=\"wp-caption-text\">H\u00f6glandetin rantaa auringonlaskun aikaan.<\/p><\/div>\n","protected":false},"excerpt":{"rendered":"<p>Kes\u00e4n lopulla toimin apuohjaajajana Saaristomeren Melojien melontaretkell\u00e4 Saaristomeren kansallispuistossa. Loppukes\u00e4n sinilev\u00e4tilanne oli saaristomerell\u00e4 poikkeuksellisen huono ja aivan viime metreille suunnittelimme retken siirtoa pohjoisemmaksi puhtaampien vesien \u00e4\u00e4relle. Kaikesta huolimatta&#8230;<\/p>\n","protected":false},"author":1,"featured_media":815,"comment_status":"open","ping_status":"open","sticky":false,"template":"","format":"standard","meta":{"footnotes":""},"categories":[4,8,3],"tags":[],"_links":{"self":[{"href":"https:\/\/blogi.ennola.fi\/index.php?rest_route=\/wp\/v2\/posts\/761"}],"collection":[{"href":"https:\/\/blogi.ennola.fi\/index.php?rest_route=\/wp\/v2\/posts"}],"about":[{"href":"https:\/\/blogi.ennola.fi\/index.php?rest_route=\/wp\/v2\/types\/post"}],"author":[{"embeddable":true,"href":"https:\/\/blogi.ennola.fi\/index.php?rest_route=\/wp\/v2\/users\/1"}],"replies":[{"embeddable":true,"href":"https:\/\/blogi.ennola.fi\/index.php?rest_route=%2Fwp%2Fv2%2Fcomments&post=761"}],"version-history":[{"count":4,"href":"https:\/\/blogi.ennola.fi\/index.php?rest_route=\/wp\/v2\/posts\/761\/revisions"}],"predecessor-version":[{"id":5054,"href":"https:\/\/blogi.ennola.fi\/index.php?rest_route=\/wp\/v2\/posts\/761\/revisions\/5054"}],"wp:featuredmedia":[{"embeddable":true,"href":"https:\/\/blogi.ennola.fi\/index.php?rest_route=\/wp\/v2\/media\/815"}],"wp:attachment":[{"href":"https:\/\/blogi.ennola.fi\/index.php?rest_route=%2Fwp%2Fv2%2Fmedia&parent=761"}],"wp:term":[{"taxonomy":"category","embeddable":true,"href":"https:\/\/blogi.ennola.fi\/index.php?rest_route=%2Fwp%2Fv2%2Fcategories&post=761"},{"taxonomy":"post_tag","embeddable":true,"href":"https:\/\/blogi.ennola.fi\/index.php?rest_route=%2Fwp%2Fv2%2Ftags&post=761"}],"curies":[{"name":"wp","href":"https:\/\/api.w.org\/{rel}","templated":true}]}}