{"id":7638,"date":"2022-09-24T22:13:22","date_gmt":"2022-09-24T19:13:22","guid":{"rendered":"https:\/\/blogi.ennola.fi\/?p=7638"},"modified":"2022-10-14T22:13:36","modified_gmt":"2022-10-14T19:13:36","slug":"merkityksellisia-ihmissuhteita","status":"publish","type":"post","link":"https:\/\/blogi.ennola.fi\/?p=7638","title":{"rendered":"Merkityksellisi\u00e4 ihmissuhteita"},"content":{"rendered":"<p>Seikkailukasvatusopintoihini on aina liittynyt retki\u00e4, joissa on tilaisuus p\u00e4\u00e4st\u00e4 haastamaan itse\u00e4\u00e4n. Nyt erikoistumisopintojen kolmostasolla se tarkoitti vaellusta, miss\u00e4 meloimme kolme p\u00e4iv\u00e4\u00e4 vuorovesiolosuhteissa ja nelj\u00e4nten\u00e4 p\u00e4iv\u00e4n\u00e4 kaivoimme kajakeistamme rinkat ja vaelsimme seuraavat kolme p\u00e4iv\u00e4\u00e4 jylh\u00e4ss\u00e4 vuoristossa yli kilometristen huippujen lomassa.<\/p>\n<p>Ekspedition vetiv\u00e4t Maija Pukkila ja Oscar Manguy, jotka ty\u00f6skentelev\u00e4t amerikkalaisessa seikkailukasvatuksellista johtajakoulutusta j\u00e4rjest\u00e4v\u00e4ss\u00e4 yrityksess\u00e4 (NOLS). T\u00e4m\u00e4n ekspedition tarkoituksena oli toimia lyhyen\u00e4 esimerkkin\u00e4 siit\u00e4, mink\u00e4laisia heid\u00e4n vet\u00e4m\u00e4ns\u00e4 johtajakoulutuksensa ovat. Tavallisten asiakasryhmien kanssa ekspeditiot ovat kahdesta viikosta muutaman kuukauden mittaisia.<\/p>\n<div id=\"attachment_7733\" style=\"width: 490px\" class=\"wp-caption aligncenter\"><a href=\"https:\/\/blogi.ennola.fi\/wp-content\/uploads\/2022\/10\/Norja1.jpg\" rel=\"lightbox[7638]\"><img loading=\"lazy\" decoding=\"async\" aria-describedby=\"caption-attachment-7733\" class=\"wp-image-7733 size-full\" title=\"Sinisell\u00e4 melontareitti, vihre\u00e4ll\u00e4 vaellusreitti.\" src=\"https:\/\/blogi.ennola.fi\/wp-content\/uploads\/2022\/10\/Norja1-1.jpg\" alt=\"\" width=\"480\" height=\"296\" srcset=\"https:\/\/blogi.ennola.fi\/wp-content\/uploads\/2022\/10\/Norja1-1.jpg 480w, https:\/\/blogi.ennola.fi\/wp-content\/uploads\/2022\/10\/Norja1-1-150x93.jpg 150w\" sizes=\"(max-width: 480px) 100vw, 480px\" \/><\/a><p id=\"caption-attachment-7733\" class=\"wp-caption-text\">Sinisell\u00e4 melontareitti, vihre\u00e4ll\u00e4 vaellusreitti.<\/p><\/div>\n<p>Ekspeditio l\u00e4hti liikkeelle Nes Campingist\u00e4 Hamar\u00f8yn kunnassa varhaisena aamuna syyskuun alussa. Varasimme reilusti aikaa varusteiden tarkastukseen ja niiden pakkaamiseen. Ohjaajat halusivat k\u00e4yd\u00e4 ne l\u00e4pi, jotta kaikilla olisi riitt\u00e4v\u00e4sti, muttei kuitenkaan liikaakaan tavaroita. Muodostimme teltta- ja ruokaryhm\u00e4t, jotka nyt alkumatkan olivat erit. Ohjaajat olivat jakaneet opiskelijaryhm\u00e4mme etuk\u00e4teen kolmeen ruokaryhm\u00e4\u00e4n, joissa me suursy\u00f6m\u00e4reiksi oletetut miehet olimme eri ruokaryhmiss\u00e4. Samaan telttaan eiv\u00e4t ryhm\u00e4n naisv\u00e4ki meit\u00e4 huolineet, joten muodostimme oman telttaryhm\u00e4mme.<\/p>\n<p>Kajakit pakkasimme nousuveden jo noustessa, jotta ne olisi helppo pakata kuivalla maalla, mutta liikkeelle l\u00e4hdett\u00e4ess\u00e4 vesi olisi nostanut ne kellumaan vapaasti. T\u00e4t\u00e4 tavoittelimme, mutta k\u00e4yt\u00e4nn\u00f6ss\u00e4 kajakkeja piti siirrell\u00e4 yl\u00f6sp\u00e4in, etteiv\u00e4t olisi l\u00e4hteneet karkuun liian aikaisin. Vett\u00e4 pakkasimme mukaan vain sen verta mit\u00e4 matkalla tarvitsisi juoda. Leiripaikat tulisivat olemaan tunturipurojen varrella.<\/p>\n<div id=\"attachment_7739\" style=\"width: 460px\" class=\"wp-caption aligncenter\"><a href=\"https:\/\/blogi.ennola.fi\/wp-content\/uploads\/2022\/10\/IMG_4362.jpg\" rel=\"lightbox[7638]\"><img loading=\"lazy\" decoding=\"async\" aria-describedby=\"caption-attachment-7739\" class=\"wp-image-7739 size-full\" title=\"Villen varusteet esittelyss\u00e4.\" src=\"https:\/\/blogi.ennola.fi\/wp-content\/uploads\/2022\/10\/IMG_4362-1.jpg\" alt=\"\" width=\"450\" height=\"309\" srcset=\"https:\/\/blogi.ennola.fi\/wp-content\/uploads\/2022\/10\/IMG_4362-1.jpg 450w, https:\/\/blogi.ennola.fi\/wp-content\/uploads\/2022\/10\/IMG_4362-1-150x103.jpg 150w\" sizes=\"(max-width: 450px) 100vw, 450px\" \/><\/a><p id=\"caption-attachment-7739\" class=\"wp-caption-text\">Villen varusteet esittelyss\u00e4.<\/p><\/div>\n<p>Ohjaajat olivat varanneet kaikille ruokaryhmille kutakuinkin samanlaiset ruokakassit, joissa oli m\u00e4\u00e4r\u00e4llisesti riitt\u00e4v\u00e4sti ruokaa kahdeksaksi p\u00e4iv\u00e4ksi, mutta ruokaa ei ollut suunniteltu tiettyj\u00e4 reseptej\u00e4 varten. Kunkin ryhm\u00e4n haasteena olikin loihtia annetusta ruuasta maittavat ja maukkaat aamiaiset sek\u00e4 p\u00e4iv\u00e4lliset unohtamatta nopeasti ja helposti teht\u00e4vi\u00e4 lounaita. Teht\u00e4v\u00e4 ei ollut helppo erilaisten jauhopussien \u00e4\u00e4rell\u00e4, mist\u00e4 saimme arvailla niiden sis\u00e4lt\u00f6\u00e4. P\u00e4\u00e4s\u00e4\u00e4nt\u00f6isesti teht\u00e4v\u00e4ss\u00e4mme onnistuimme, vaikka alkuun olikin vaikeaa hahmottaa, mit\u00e4 ev\u00e4ist\u00e4 voisi tehd\u00e4 ja mihin ne riitt\u00e4isiv\u00e4t.<\/p>\n<p>Maija oli tulostanut meille vuorovesitaulukon l\u00e4heisest\u00e4 Skutvikin satamasta, jota tulisimme tutkimaan tarkkaan koko melontaosuuden. T\u00e4ht\u00e4simme l\u00e4ht\u00f6mme liikkeelle iltap\u00e4iv\u00e4n siihen hetkeen, kun nousuvesi olisi korkeimmillaan, mutta virtaamassa sis\u00e4\u00e4n. K\u00e4yt\u00e4nn\u00f6ss\u00e4 p\u00e4\u00e4simme liikkeelle turhan my\u00f6h\u00e4\u00e4n ja sel\u00e4ll\u00e4 vesi virtasi jo poisp\u00e4in, joten jouduimme kiert\u00e4m\u00e4\u00e4n salmen suun kohtuullisen kaukaa, jottemme olisi vahingossa valuneet takaisin salmeen.<\/p>\n<p>Ensimm\u00e4isen\u00e4 p\u00e4iv\u00e4n\u00e4 emme meloneet kauas: vain salmen toiselle rannalle kauniiseen Storvikan lahteen. Illalla ohjelmassa oli kokkausta ja leiriytyminen. Pimeys syyskuussa tuli aikaisin ja y\u00f6 oli kylm\u00e4, vaikka p\u00e4iv\u00e4 olikin ollut aurinkoisen l\u00e4mmin ja kes\u00e4is\u00e4. Illalla lieripaikan edustalla vieraili delfiinej\u00e4, jotka valitettavasti minulta j\u00e4iv\u00e4t n\u00e4kem\u00e4tt\u00e4.<\/p>\n<div id=\"attachment_7695\" style=\"width: 460px\" class=\"wp-caption aligncenter\"><a href=\"https:\/\/blogi.ennola.fi\/wp-content\/uploads\/2022\/09\/IMG_4395.jpg\" rel=\"lightbox[7638]\"><img loading=\"lazy\" decoding=\"async\" aria-describedby=\"caption-attachment-7695\" class=\"wp-image-7695 size-full\" title=\"Oskari luennoi ryhm\u00e4n suoritustason yhdenmukaistamisesta.\" src=\"https:\/\/blogi.ennola.fi\/wp-content\/uploads\/2022\/09\/IMG_4395-1.jpg\" alt=\"\" width=\"450\" height=\"300\" srcset=\"https:\/\/blogi.ennola.fi\/wp-content\/uploads\/2022\/09\/IMG_4395-1.jpg 450w, https:\/\/blogi.ennola.fi\/wp-content\/uploads\/2022\/09\/IMG_4395-1-150x100.jpg 150w\" sizes=\"(max-width: 450px) 100vw, 450px\" \/><\/a><p id=\"caption-attachment-7695\" class=\"wp-caption-text\">Oskari luennoi ryhm\u00e4n suoritustason yhdenmukaistamisesta.<\/p><\/div>\n<div id=\"attachment_7696\" style=\"width: 460px\" class=\"wp-caption aligncenter\"><a href=\"https:\/\/blogi.ennola.fi\/wp-content\/uploads\/2022\/09\/IMG_4399.jpg\" rel=\"lightbox[7638]\"><img loading=\"lazy\" decoding=\"async\" aria-describedby=\"caption-attachment-7696\" class=\"wp-image-7696 size-full\" title=\"Maija luennoi suomalaiseen tyyliin johtamistyyleist\u00e4.\" src=\"https:\/\/blogi.ennola.fi\/wp-content\/uploads\/2022\/09\/IMG_4399-1.jpg\" alt=\"\" width=\"450\" height=\"305\" srcset=\"https:\/\/blogi.ennola.fi\/wp-content\/uploads\/2022\/09\/IMG_4399-1.jpg 450w, https:\/\/blogi.ennola.fi\/wp-content\/uploads\/2022\/09\/IMG_4399-1-150x102.jpg 150w\" sizes=\"(max-width: 450px) 100vw, 450px\" \/><\/a><p id=\"caption-attachment-7696\" class=\"wp-caption-text\">Maija luennoi suomalaiseen tyyliin johtamistyyleist\u00e4.<\/p><\/div>\n<div id=\"attachment_7697\" style=\"width: 460px\" class=\"wp-caption aligncenter\"><a href=\"https:\/\/blogi.ennola.fi\/wp-content\/uploads\/2022\/09\/IMG_4410.jpg\" rel=\"lightbox[7638]\"><img loading=\"lazy\" decoding=\"async\" aria-describedby=\"caption-attachment-7697\" class=\"wp-image-7697 size-full\" title=\"Oskarilla on v\u00e4h\u00e4n vauhdikkaampi ote luennoimiseen.\" src=\"https:\/\/blogi.ennola.fi\/wp-content\/uploads\/2022\/09\/IMG_4410-1.jpg\" alt=\"\" width=\"450\" height=\"296\" srcset=\"https:\/\/blogi.ennola.fi\/wp-content\/uploads\/2022\/09\/IMG_4410-1.jpg 450w, https:\/\/blogi.ennola.fi\/wp-content\/uploads\/2022\/09\/IMG_4410-1-150x99.jpg 150w\" sizes=\"(max-width: 450px) 100vw, 450px\" \/><\/a><p id=\"caption-attachment-7697\" class=\"wp-caption-text\">Oskarilla on v\u00e4h\u00e4n vauhdikkaampi ote luennoimiseen.<\/p><\/div>\n<div id=\"attachment_7698\" style=\"width: 460px\" class=\"wp-caption aligncenter\"><a href=\"https:\/\/blogi.ennola.fi\/wp-content\/uploads\/2022\/09\/IMG_4423.jpg\" rel=\"lightbox[7638]\"><img loading=\"lazy\" decoding=\"async\" aria-describedby=\"caption-attachment-7698\" class=\"wp-image-7698 size-full\" title=\"Kajakkien pakkaus vesirajassa. \" src=\"https:\/\/blogi.ennola.fi\/wp-content\/uploads\/2022\/09\/IMG_4423-1.jpg\" alt=\"\" width=\"450\" height=\"307\" srcset=\"https:\/\/blogi.ennola.fi\/wp-content\/uploads\/2022\/09\/IMG_4423-1.jpg 450w, https:\/\/blogi.ennola.fi\/wp-content\/uploads\/2022\/09\/IMG_4423-1-150x102.jpg 150w\" sizes=\"(max-width: 450px) 100vw, 450px\" \/><\/a><p id=\"caption-attachment-7698\" class=\"wp-caption-text\">Kajakkien pakkaus vesirajassa.<\/p><\/div>\n<p>Aamulla ker\u00e4\u00e4nnyimme kello seitsem\u00e4n havainnoimaan s\u00e4\u00e4t\u00e4. Riviss\u00e4 kuuntelimme luonnon \u00e4\u00e4nt\u00e4, havainnoimme l\u00e4mp\u00f6tilaa ja tuulta sek\u00e4 katselimme pilvi\u00e4. Niiden perusteella suunnittelimme p\u00e4iv\u00e4n ohjelmaa. Keli oli mit\u00e4 parhain melontaan, mutta l\u00e4ht\u00f6 oli j\u00e4rkevint\u00e4 tehd\u00e4 nousuveden ollessa nousussa, joten j\u00e4imme aamusta odottelemaan oikeaa hetke\u00e4.<\/p>\n<p>Aamiaisen j\u00e4lkeen olikin hetki ensimm\u00e4iseen opetustuokioon. K\u00e4sittelimme hyv\u00e4n ohjaajan ominaisuuksia, johtajuuden rooleja ja sit\u00e4, miten eri tasoisten osallistujien osaamista pystyy vaelluksella tasoittamaan, nostamalla heikoimpien osaamista hyv\u00e4ll\u00e4 ohjauksella ja harjoittelulla sek\u00e4 antamalla vahvimmille sopivia lis\u00e4haasteita. Opetustuokion pys\u00e4ytti muutaman kerran yli lent\u00e4neet pari merikotkaa.<\/p>\n<p>P\u00e4iv\u00e4n ollessa jo suhteellisen pitk\u00e4ll\u00e4 pakkasimme kajakit ja l\u00e4hdimme liikkeelle. Yhdell\u00e4 pys\u00e4hdyksell\u00e4 siirryimme seuraavaan leiripaikkaamme: kauniiseen lahden poukamaan, jonka per\u00e4ll\u00e4 oli pienehk\u00f6 vesiputous. Lyhyen lounastauon pidimme puolessa matkassa. Siin\u00e4 ihastelimme vedenalaista maailmaa: merisiilej\u00e4 ja -t\u00e4hti\u00e4. Rantaan tuli pieni makean veden virta, joka kohdatessaan suolaisen meriveden sai seoksen v\u00e4reilem\u00e4\u00e4n j\u00e4nn\u00e4sti.<\/p>\n<p><a href=\"https:\/\/blogi.ennola.fi\/wp-content\/uploads\/2022\/09\/DSCI1279.jpg\" rel=\"lightbox[7638]\"><img loading=\"lazy\" decoding=\"async\" class=\"aligncenter wp-image-7699 size-full\" title=\"Melojia ja vuoria.\" src=\"https:\/\/blogi.ennola.fi\/wp-content\/uploads\/2022\/09\/DSCI1279-1.jpg\" alt=\"\" width=\"450\" height=\"300\" srcset=\"https:\/\/blogi.ennola.fi\/wp-content\/uploads\/2022\/09\/DSCI1279-1.jpg 450w, https:\/\/blogi.ennola.fi\/wp-content\/uploads\/2022\/09\/DSCI1279-1-150x100.jpg 150w\" sizes=\"(max-width: 450px) 100vw, 450px\" \/><\/a><\/p>\n<p><a href=\"https:\/\/blogi.ennola.fi\/wp-content\/uploads\/2022\/09\/DSCI1285.jpg\" rel=\"lightbox[7638]\"><img loading=\"lazy\" decoding=\"async\" class=\"aligncenter wp-image-7717 size-full\" title=\"Melojia ja vuoria.\" src=\"https:\/\/blogi.ennola.fi\/wp-content\/uploads\/2022\/09\/DSCI1285-1.jpg\" alt=\"\" width=\"450\" height=\"300\" srcset=\"https:\/\/blogi.ennola.fi\/wp-content\/uploads\/2022\/09\/DSCI1285-1.jpg 450w, https:\/\/blogi.ennola.fi\/wp-content\/uploads\/2022\/09\/DSCI1285-1-150x100.jpg 150w\" sizes=\"(max-width: 450px) 100vw, 450px\" \/><\/a><\/p>\n<div id=\"attachment_7715\" style=\"width: 460px\" class=\"wp-caption aligncenter\"><a href=\"https:\/\/blogi.ennola.fi\/wp-content\/uploads\/2022\/09\/DSCI1287.jpg\" rel=\"lightbox[7638]\"><img loading=\"lazy\" decoding=\"async\" aria-describedby=\"caption-attachment-7715\" class=\"wp-image-7715 size-full\" title=\"Melojia ja vuoria.\" src=\"https:\/\/blogi.ennola.fi\/wp-content\/uploads\/2022\/09\/DSCI1287-1.jpg\" alt=\"\" width=\"450\" height=\"307\" srcset=\"https:\/\/blogi.ennola.fi\/wp-content\/uploads\/2022\/09\/DSCI1287-1.jpg 450w, https:\/\/blogi.ennola.fi\/wp-content\/uploads\/2022\/09\/DSCI1287-1-150x102.jpg 150w\" sizes=\"(max-width: 450px) 100vw, 450px\" \/><\/a><p id=\"caption-attachment-7715\" class=\"wp-caption-text\">Melojia ja vuoria.<\/p><\/div>\n<p>Y\u00f6paikan rantautumispaikka oli hankala. Jouduimme nostamaan kajakit yksitellen kalliohyllylle muutaman metrin korkeuteen liukkailla ja jyrkill\u00e4 rantakallioilla. Ruuanvalmistukseen kalliohylly oli kuitenkin ihanteellinen upeine maisemineen. Illan ohjelmassa olikin perinteisen NOLS-pizzan valmistus. Pizza valmistettiin retkikeittimell\u00e4 hiivalla kohotetusta taikinasta ja t\u00e4ytteen\u00e4 kukin ryhm\u00e4 sai k\u00e4ytt\u00e4\u00e4 vapaasti ruokakassinsa aineksia. Meill\u00e4 siin\u00e4 oli ainakin salamia, tomaattikastiketta ja runsaasti juustoa.<\/p>\n<p>&nbsp;<\/p>\n<div id=\"attachment_7702\" style=\"width: 290px\" class=\"wp-caption aligncenter\"><a href=\"https:\/\/blogi.ennola.fi\/wp-content\/uploads\/2022\/09\/IMG_4471.jpg\" rel=\"lightbox[7638]\"><img loading=\"lazy\" decoding=\"async\" aria-describedby=\"caption-attachment-7702\" class=\"wp-image-7702 size-full\" title=\"Kaitsu sai sein.\" src=\"https:\/\/blogi.ennola.fi\/wp-content\/uploads\/2022\/09\/IMG_4471-1.jpg\" alt=\"\" width=\"280\" height=\"420\" srcset=\"https:\/\/blogi.ennola.fi\/wp-content\/uploads\/2022\/09\/IMG_4471-1.jpg 280w, https:\/\/blogi.ennola.fi\/wp-content\/uploads\/2022\/09\/IMG_4471-1-267x400.jpg 267w, https:\/\/blogi.ennola.fi\/wp-content\/uploads\/2022\/09\/IMG_4471-1-100x150.jpg 100w\" sizes=\"(max-width: 280px) 100vw, 280px\" \/><\/a><p id=\"caption-attachment-7702\" class=\"wp-caption-text\">Kaitsu sai sein.<\/p><\/div>\n<div id=\"attachment_7703\" style=\"width: 293px\" class=\"wp-caption aligncenter\"><a href=\"https:\/\/blogi.ennola.fi\/wp-content\/uploads\/2022\/09\/IMG_4480.jpg\" rel=\"lightbox[7638]\"><img loading=\"lazy\" decoding=\"async\" aria-describedby=\"caption-attachment-7703\" class=\"wp-image-7703 size-full\" title=\"P\u00e4iv\u00e4lliseksi tulee pitsaa. T\u00e4ss\u00e4 paahdetaan salamia t\u00e4ytteeksi.\" src=\"https:\/\/blogi.ennola.fi\/wp-content\/uploads\/2022\/09\/IMG_4480-1.jpg\" alt=\"\" width=\"283\" height=\"420\" srcset=\"https:\/\/blogi.ennola.fi\/wp-content\/uploads\/2022\/09\/IMG_4480-1.jpg 283w, https:\/\/blogi.ennola.fi\/wp-content\/uploads\/2022\/09\/IMG_4480-1-270x400.jpg 270w, https:\/\/blogi.ennola.fi\/wp-content\/uploads\/2022\/09\/IMG_4480-1-101x150.jpg 101w\" sizes=\"(max-width: 283px) 100vw, 283px\" \/><\/a><p id=\"caption-attachment-7703\" class=\"wp-caption-text\">P\u00e4iv\u00e4lliseksi tulee pitsaa. T\u00e4ss\u00e4 paahdetaan salamia t\u00e4ytteeksi.<\/p><\/div>\n<p>Aamulla odottelimme taas vuoroveden k\u00e4\u00e4ntymist\u00e4 nousuun, joten kiirett\u00e4 l\u00e4ht\u00f6\u00f6n ei ollut. K\u00e4ytimme aamun hetket luentoihin vuorovedest\u00e4 ja sen ominaisuuksista. K\u00e4sittelimme sit\u00e4, mik\u00e4 m\u00e4\u00e4r\u00e4\u00e4 vuoroveden suuruuden ja ajankohdan sek\u00e4 miten vuoroveden virtausnopeus m\u00e4\u00e4r\u00e4ytyy vuorovesiaallon korkeuden mukaan. Mieleeni alkoi hahmottua se kuinka monimutkaisia asioita vuorovesi ja sen dynamiikka lopulta k\u00e4yt\u00e4nn\u00f6ss\u00e4 olivatkaan, kun siihen yhdisti maiseman maanpinnan muotoineen ja melojan. Paljon enemm\u00e4n kuin vain se, ett\u00e4 vesi rannalla nousee ja laskee. Leiripaikaltamme matkaa vuorovesitaulukon laatimispaikkaan ei ollut paljoakaan, mutta silti vuoroveden aikataulu erosi useampia tunteja taulukon ajasta ja korkeusvaihtelukin oli pienemp\u00e4\u00e4. Ahdas kapeikko meid\u00e4n ja tuon sataman v\u00e4lill\u00e4 aiheutti viivett\u00e4 parisen tuntia ja samalla tasoitti vuoroveden vaihteluita.<\/p>\n<div id=\"attachment_7704\" style=\"width: 460px\" class=\"wp-caption aligncenter\"><a href=\"https:\/\/blogi.ennola.fi\/wp-content\/uploads\/2022\/09\/IMG_4516.jpg\" rel=\"lightbox[7638]\"><img loading=\"lazy\" decoding=\"async\" aria-describedby=\"caption-attachment-7704\" class=\"wp-image-7704 size-full\" title=\"Maija juo nyt teet\u00e4.\" src=\"https:\/\/blogi.ennola.fi\/wp-content\/uploads\/2022\/09\/IMG_4516-1.jpg\" alt=\"\" width=\"450\" height=\"300\" srcset=\"https:\/\/blogi.ennola.fi\/wp-content\/uploads\/2022\/09\/IMG_4516-1.jpg 450w, https:\/\/blogi.ennola.fi\/wp-content\/uploads\/2022\/09\/IMG_4516-1-150x100.jpg 150w\" sizes=\"(max-width: 450px) 100vw, 450px\" \/><\/a><p id=\"caption-attachment-7704\" class=\"wp-caption-text\">Maija juo nyt teet\u00e4.<\/p><\/div>\n<div id=\"attachment_7705\" style=\"width: 460px\" class=\"wp-caption aligncenter\"><a href=\"https:\/\/blogi.ennola.fi\/wp-content\/uploads\/2022\/09\/IMG_4522b.jpg\" rel=\"lightbox[7638]\"><img loading=\"lazy\" decoding=\"async\" aria-describedby=\"caption-attachment-7705\" class=\"wp-image-7705 size-full\" title=\"Hammaspyykill\u00e4.\" src=\"https:\/\/blogi.ennola.fi\/wp-content\/uploads\/2022\/09\/IMG_4522b-1.jpg\" alt=\"\" width=\"450\" height=\"317\" srcset=\"https:\/\/blogi.ennola.fi\/wp-content\/uploads\/2022\/09\/IMG_4522b-1.jpg 450w, https:\/\/blogi.ennola.fi\/wp-content\/uploads\/2022\/09\/IMG_4522b-1-150x106.jpg 150w\" sizes=\"(max-width: 450px) 100vw, 450px\" \/><\/a><p id=\"caption-attachment-7705\" class=\"wp-caption-text\">Hammaspyykill\u00e4.<\/p><\/div>\n<div id=\"attachment_7706\" style=\"width: 290px\" class=\"wp-caption aligncenter\"><a href=\"https:\/\/blogi.ennola.fi\/wp-content\/uploads\/2022\/09\/IMG_4532.jpg\" rel=\"lightbox[7638]\"><img loading=\"lazy\" decoding=\"async\" aria-describedby=\"caption-attachment-7706\" class=\"wp-image-7706 size-full\" title=\"Vuorovesien synty.\" src=\"https:\/\/blogi.ennola.fi\/wp-content\/uploads\/2022\/09\/IMG_4532-1.jpg\" alt=\"\" width=\"280\" height=\"420\" srcset=\"https:\/\/blogi.ennola.fi\/wp-content\/uploads\/2022\/09\/IMG_4532-1.jpg 280w, https:\/\/blogi.ennola.fi\/wp-content\/uploads\/2022\/09\/IMG_4532-1-267x400.jpg 267w, https:\/\/blogi.ennola.fi\/wp-content\/uploads\/2022\/09\/IMG_4532-1-100x150.jpg 100w\" sizes=\"(max-width: 280px) 100vw, 280px\" \/><\/a><p id=\"caption-attachment-7706\" class=\"wp-caption-text\">Vuorovesien synty.<\/p><\/div>\n<div id=\"attachment_7707\" style=\"width: 294px\" class=\"wp-caption aligncenter\"><a href=\"https:\/\/blogi.ennola.fi\/wp-content\/uploads\/2022\/09\/IMG_4537.jpg\" rel=\"lightbox[7638]\"><img loading=\"lazy\" decoding=\"async\" aria-describedby=\"caption-attachment-7707\" class=\"wp-image-7707 size-full\" title=\"Oskari mallintaa pikkukivill\u00e4 vuoroveden dynamiikkaa.\" src=\"https:\/\/blogi.ennola.fi\/wp-content\/uploads\/2022\/09\/IMG_4537-1.jpg\" alt=\"\" width=\"284\" height=\"420\" srcset=\"https:\/\/blogi.ennola.fi\/wp-content\/uploads\/2022\/09\/IMG_4537-1.jpg 284w, https:\/\/blogi.ennola.fi\/wp-content\/uploads\/2022\/09\/IMG_4537-1-270x400.jpg 270w, https:\/\/blogi.ennola.fi\/wp-content\/uploads\/2022\/09\/IMG_4537-1-101x150.jpg 101w\" sizes=\"(max-width: 284px) 100vw, 284px\" \/><\/a><p id=\"caption-attachment-7707\" class=\"wp-caption-text\">Oskari mallintaa pikkukivill\u00e4 vuoroveden dynamiikkaa.<\/p><\/div>\n<p>T\u00e4h\u00e4n p\u00e4iv\u00e4\u00e4n sis\u00e4ltyi etuk\u00e4teen arvioiden haastavin paikka meloa: kapean salmi, jossa vuorovesivirta v\u00e4\u00e4r\u00e4ll\u00e4 hetkell\u00e4 olisi melojalle liian voimakas. Periaatteessa melominen olisi helpointa vuoroveden ollessa korkeimmillaan, koska silloin veden virtauksen pit\u00e4isi olla meille my\u00f6t\u00e4inen. Vuoroveden nousua ei pid\u00e4 kuitenkaan odottaa liikaa, jottei kapeikon molemmin puolin oleva korkeusero muodostuisi niin suureksi, ett\u00e4 kapeikkoon muodostuisi valkoisenaan kuohuva vuorovesikoski.<\/p>\n<p>Maija ja Oscar olivat jo pari p\u00e4iv\u00e4\u00e4 maalailleet t\u00e4llaista mahdollisuutta ja valmistauduinkin koskimelontaan vaihtamalla uimalasit p\u00e4\u00e4h\u00e4n ja miettim\u00e4ll\u00e4 kummalta suunnalta kaksikkoa kannattaisi rollata. Pieneksi pettymykseksi kapeikko lopultakin oli vain maltillinen vastavirta melottavaksi. Ep\u00e4selv\u00e4ksi j\u00e4\u00e4, ett\u00e4 olisiko virta jossain vaiheessa k\u00e4\u00e4ntynyt my\u00f6t\u00e4virraksi, jos olisimme odottaneet viel\u00e4 hetken. Ohjausvuorossa oleva ryhm\u00e4 oli kuitenkin k\u00e4ynyt paikan tarkastamassa ja oli todennut virran olevan riitt\u00e4v\u00e4n heikko, jotta saatoimme meloa siit\u00e4 l\u00e4pi.<\/p>\n<p>Pian kapeikon j\u00e4lkeen rantauduimme laakealle kalliorannalle pit\u00e4m\u00e4\u00e4n taukoa, joka perusteellisen pohdinnan j\u00e4lkeen piteni seuraavan y\u00f6n mittaiseksi. Yksi kurssilasista voi huonosti ja seuraavan p\u00e4iv\u00e4n kannalta ei ollut suurta merkityst\u00e4 meloa muutamaa kilometri\u00e4 pidemm\u00e4lle. Paikka oli kaunis, mutta toiveistani huolimatta t\u00e4ss\u00e4kin paikassa aurinko j\u00e4i l\u00e4heisten tunturien taakse. Emme siis p\u00e4\u00e4sseet nauttimaan auringon viime tai ensi s\u00e4teist\u00e4 l\u00e4mmitt\u00e4m\u00e4ss\u00e4 ja kuivattamassa leiri\u00e4. Illan reflektion teimme hieman leirin sivussa kauniin kalliolammen \u00e4\u00e4rell\u00e4.<\/p>\n<div id=\"attachment_7708\" style=\"width: 460px\" class=\"wp-caption aligncenter\"><a href=\"https:\/\/blogi.ennola.fi\/wp-content\/uploads\/2022\/09\/DSCI1302.jpg\" rel=\"lightbox[7638]\"><img loading=\"lazy\" decoding=\"async\" aria-describedby=\"caption-attachment-7708\" class=\"wp-image-7708 size-full\" title=\"Meloja, pilvi\u00e4 ja vuoria.\" src=\"https:\/\/blogi.ennola.fi\/wp-content\/uploads\/2022\/09\/DSCI1302-1.jpg\" alt=\"\" width=\"450\" height=\"298\" srcset=\"https:\/\/blogi.ennola.fi\/wp-content\/uploads\/2022\/09\/DSCI1302-1.jpg 450w, https:\/\/blogi.ennola.fi\/wp-content\/uploads\/2022\/09\/DSCI1302-1-150x99.jpg 150w\" sizes=\"(max-width: 450px) 100vw, 450px\" \/><\/a><p id=\"caption-attachment-7708\" class=\"wp-caption-text\">Meloja, pilvi\u00e4 ja vuoria.<\/p><\/div>\n<div id=\"attachment_7709\" style=\"width: 460px\" class=\"wp-caption aligncenter\"><a href=\"https:\/\/blogi.ennola.fi\/wp-content\/uploads\/2022\/09\/DSCI1311.jpg\" rel=\"lightbox[7638]\"><img loading=\"lazy\" decoding=\"async\" aria-describedby=\"caption-attachment-7709\" class=\"wp-image-7709 size-full\" title=\"Merit\u00e4hti.\" src=\"https:\/\/blogi.ennola.fi\/wp-content\/uploads\/2022\/09\/DSCI1311-1.jpg\" alt=\"\" width=\"450\" height=\"305\" srcset=\"https:\/\/blogi.ennola.fi\/wp-content\/uploads\/2022\/09\/DSCI1311-1.jpg 450w, https:\/\/blogi.ennola.fi\/wp-content\/uploads\/2022\/09\/DSCI1311-1-150x102.jpg 150w\" sizes=\"(max-width: 450px) 100vw, 450px\" \/><\/a><p id=\"caption-attachment-7709\" class=\"wp-caption-text\">Merit\u00e4hti.<\/p><\/div>\n<div id=\"attachment_7710\" style=\"width: 304px\" class=\"wp-caption aligncenter\"><a href=\"https:\/\/blogi.ennola.fi\/wp-content\/uploads\/2022\/09\/IMG_4573.jpg\" rel=\"lightbox[7638]\"><img loading=\"lazy\" decoding=\"async\" aria-describedby=\"caption-attachment-7710\" class=\"wp-image-7710 size-full\" title=\"Yst\u00e4vyytt\u00e4.\" src=\"https:\/\/blogi.ennola.fi\/wp-content\/uploads\/2022\/09\/IMG_4573-1.jpg\" alt=\"\" width=\"294\" height=\"420\" srcset=\"https:\/\/blogi.ennola.fi\/wp-content\/uploads\/2022\/09\/IMG_4573-1.jpg 294w, https:\/\/blogi.ennola.fi\/wp-content\/uploads\/2022\/09\/IMG_4573-1-280x400.jpg 280w, https:\/\/blogi.ennola.fi\/wp-content\/uploads\/2022\/09\/IMG_4573-1-105x150.jpg 105w\" sizes=\"(max-width: 294px) 100vw, 294px\" \/><\/a><p id=\"caption-attachment-7710\" class=\"wp-caption-text\">Yst\u00e4vyytt\u00e4.<\/p><\/div>\n<p>Seuraava p\u00e4iv\u00e4 oli jo viimeinen melontap\u00e4iv\u00e4 ja suuntasimme kohti Notvann Campingi\u00e4, johon j\u00e4tt\u00e4isimme melontavarusteemme ja siirtyisimme ekspedition vaellusosuuteen. Lounastauon ennen varusteiden uudelleenj\u00e4rjestely\u00e4 pidimme aivan upealla ja matalalla hiekkarannalla. Oli upeaa vain kahlata rantaa pitkin ja katsella kaikkea vedenalaista luontoa, mit\u00e4 siin\u00e4 n\u00e4kyi: simpukoita, merisiilej\u00e4- ja t\u00e4hti\u00e4. Edellisen\u00e4 y\u00f6n\u00e4 oli k\u00e4ynyt selv\u00e4ksi, ett\u00e4 vuoroveden korkeusvaihtelu t\u00e4ss\u00e4 kohtuullisen eristyneess\u00e4 sis\u00e4meress\u00e4 oli enimmill\u00e4\u00e4nkin puolisen metri\u00e4, joten sen vaikutusta ei juuri tarvinnut nyt mietti\u00e4.<\/p>\n<div id=\"attachment_7711\" style=\"width: 460px\" class=\"wp-caption aligncenter\"><a href=\"https:\/\/blogi.ennola.fi\/wp-content\/uploads\/2022\/09\/DSCI1325.jpg\" rel=\"lightbox[7638]\"><img loading=\"lazy\" decoding=\"async\" aria-describedby=\"caption-attachment-7711\" class=\"wp-image-7711 size-full\" title=\"Viimeinen tauko upealla hiekkarannalla.\" src=\"https:\/\/blogi.ennola.fi\/wp-content\/uploads\/2022\/09\/DSCI1325-1.jpg\" alt=\"\" width=\"450\" height=\"292\" srcset=\"https:\/\/blogi.ennola.fi\/wp-content\/uploads\/2022\/09\/DSCI1325-1.jpg 450w, https:\/\/blogi.ennola.fi\/wp-content\/uploads\/2022\/09\/DSCI1325-1-150x97.jpg 150w\" sizes=\"(max-width: 450px) 100vw, 450px\" \/><\/a><p id=\"caption-attachment-7711\" class=\"wp-caption-text\">Viimeinen tauko upealla hiekkarannalla.<\/p><\/div>\n<p>Notvann Campingiss\u00e4 j\u00e4rjestelimme kaikki varusteet uudestaan. Pois j\u00e4iv\u00e4t kajakit melontavarusteineen, paksut melontas\u00e4kit, osa ruuanvalmistusv\u00e4lineist\u00e4, ylellisyysvarusteita ja kaikkea sellaista, jonka kantaminen ei tuntunut mielekk\u00e4\u00e4lt\u00e4. Telttaryhm\u00e4t muodostimme uudestaan ja siirryimme nukkumaan ruokaryhmiss\u00e4mme, jolloin saatoimme luopua yhdest\u00e4 nelj\u00e4n hengen teltasta. Ohjaajat tarkistivat kaikkien rinkkojen painon ennen l\u00e4ht\u00f6\u00e4, jotta ne olisivat kohtuuden rajoissa. Ei niin yll\u00e4tt\u00e4en minun rinkkani taisi olla kevyin. Olinhan etuk\u00e4teen siihen satsannut, sill\u00e4 olin viel\u00e4 ep\u00e4varma omasta palautumisestani viimevuotisten hoitojen j\u00e4lkeen. Saimme j\u00e4tt\u00e4\u00e4 vaatteemme kuivumaan leirint\u00e4alueen tiloihin korvauksetta, mik\u00e4 oli ihan mahtavaa palvelua.<\/p>\n<p>Jokainen kurssilainen vuorollaan osallistui muutaman hengen ryhmiss\u00e4 ohjaamaan ryhm\u00e4\u00e4. Kaikkiin ohjaustuokioihin kuului lopuksi lyhyt reflektiokeskustelu ohjaajien sek\u00e4 koko ryhm\u00e4n kanssa. Itse pyrin antamaan muille tilaa enk\u00e4 pyrkinyt erityisen aktiivisesti johtamaan ryhm\u00e4\u00e4. P\u00e4\u00e4t\u00f6ksentekoon osallistuin toki aktiivisesti tuomalla esiin omia n\u00e4k\u00f6kulmiani, vaikka olin avoimesti valmis muihinkin p\u00e4\u00e4t\u00f6ksiin. Nyt oli kuitenkin minun vuoroni asettua ter\u00e4vimp\u00e4\u00e4n p\u00e4\u00e4h\u00e4n. Ilta oli jo pitk\u00e4ll\u00e4, joten siirryimme ohjauksessani noin kilometrin p\u00e4\u00e4h\u00e4n ja kolmenkymmenen metrin korkeuteen y\u00f6pym\u00e4\u00e4n pienen lammen l\u00e4heisyyteen.<\/p>\n<p>Illan ohjelmassa ruokailun j\u00e4lkeen oli telttatarkastus. Tarkastus p\u00e4\u00e4si minut liev\u00e4sti yll\u00e4tt\u00e4m\u00e4\u00e4n, vaikka olihan siit\u00e4 meille toki etuk\u00e4teen kerrottu. Tarkastuksessa jaettiin pisteit\u00e4 siit\u00e4, kuinka paljon varusteet olivat ep\u00e4siististi ymp\u00e4ri leiri\u00e4. Normaalisti tuollainen tarkastus olisi ollut \u00e4rsytt\u00e4v\u00e4, mutta Oscar piti sen niin hyv\u00e4ll\u00e4 huumorilla h\u00f6ystettyn\u00e4, ett\u00e4 kenellek\u00e4\u00e4n ei varmasti j\u00e4\u00e4nyt paha mieli. Meill\u00e4 oli ruokailu viel\u00e4 pahasti kesken tarkastuksen alkaessa, joten ker\u00e4simme suvereenisti eniten pisteit\u00e4. Mutta se ei ilmeisestik\u00e4\u00e4n tarkoittanut voittoa t\u00e4ss\u00e4 kisassa.<\/p>\n<div id=\"attachment_7712\" style=\"width: 332px\" class=\"wp-caption aligncenter\"><a href=\"https:\/\/blogi.ennola.fi\/wp-content\/uploads\/2022\/09\/IMG_4590.jpg\" rel=\"lightbox[7638]\"><img loading=\"lazy\" decoding=\"async\" aria-describedby=\"caption-attachment-7712\" class=\"wp-image-7712 size-full\" title=\"Johtoryhm\u00e4.\" src=\"https:\/\/blogi.ennola.fi\/wp-content\/uploads\/2022\/09\/IMG_4590-1.jpg\" alt=\"\" width=\"322\" height=\"420\" srcset=\"https:\/\/blogi.ennola.fi\/wp-content\/uploads\/2022\/09\/IMG_4590-1.jpg 322w, https:\/\/blogi.ennola.fi\/wp-content\/uploads\/2022\/09\/IMG_4590-1-307x400.jpg 307w, https:\/\/blogi.ennola.fi\/wp-content\/uploads\/2022\/09\/IMG_4590-1-115x150.jpg 115w\" sizes=\"(max-width: 322px) 100vw, 322px\" \/><\/a><p id=\"caption-attachment-7712\" class=\"wp-caption-text\">Johtoryhm\u00e4.<\/p><\/div>\n<div id=\"attachment_7676\" style=\"width: 460px\" class=\"wp-caption aligncenter\"><a href=\"https:\/\/blogi.ennola.fi\/wp-content\/uploads\/2022\/09\/IMG_4597.jpg\" rel=\"lightbox[7638]\"><img loading=\"lazy\" decoding=\"async\" aria-describedby=\"caption-attachment-7676\" class=\"wp-image-7676 size-full\" title=\"Jauhojengi lajittelee lopuretken ruokia.\" src=\"https:\/\/blogi.ennola.fi\/wp-content\/uploads\/2022\/09\/IMG_4597-1.jpg\" alt=\"\" width=\"450\" height=\"300\" srcset=\"https:\/\/blogi.ennola.fi\/wp-content\/uploads\/2022\/09\/IMG_4597-1.jpg 450w, https:\/\/blogi.ennola.fi\/wp-content\/uploads\/2022\/09\/IMG_4597-1-150x100.jpg 150w\" sizes=\"(max-width: 450px) 100vw, 450px\" \/><\/a><p id=\"caption-attachment-7676\" class=\"wp-caption-text\">Jauhojengi lajittelee lopuretken ruokia.<\/p><\/div>\n<p>Seuraavana aamuna jakaannuimme pienen leikin avulla kahdeksi itsen\u00e4iseksi vaellusryhm\u00e4ksi. P\u00e4iv\u00e4n aikana nousimme m\u00e4ntymets\u00e4n l\u00e4pi koivuvy\u00f6hykkeelle ja y\u00f6vyimme kalastajien tukikohdan l\u00e4heisyydess\u00e4. Norjalaisen k\u00e4yt\u00e4nn\u00f6n mukaan maasto oli varsin haastavaa, vaikka seurasimmekin karttaan merkitty\u00e4 polkua. Etenkin Nedre Stuollovatnetin ranta oli monin paikoin jyrkk\u00e4\u00e4, louhikkoista ja hidaskulkuista. P\u00e4iv\u00e4 tuntui siksi ihan t\u00e4ydelt\u00e4 vaellusp\u00e4iv\u00e4lt\u00e4, vaikka matka j\u00e4ikin alle kymmeneen kilometriin. Lounaalla ryhm\u00e4mme kohtasivat kauniin j\u00e4rven rannalla, miss\u00e4 merikotka k\u00e4vi kaartelemassa yll\u00e4mme l\u00e4hiet\u00e4isyydell\u00e4.<\/p>\n<p>Kuten tiedetty\u00e4 norjalaiset polut voivat olla varsin vaikeita l\u00f6yt\u00e4\u00e4 ja v\u00e4lill\u00e4 saattavat olla vaikeita my\u00f6s seurata. Polku t\u00e4ytyykin ehk\u00e4 ymm\u00e4rt\u00e4\u00e4 enemm\u00e4n periaatteessa mahdollisena reittin\u00e4 seurata, mik\u00e4 Norjassa monin paikoin ei ole itsest\u00e4\u00e4n selv\u00e4\u00e4. Monin paikoin kartalta on hyvin vaikeaa hahmotta, mist\u00e4 ylip\u00e4\u00e4t\u00e4ns\u00e4 on mahdollista kulkea ja mist\u00e4 ei.<\/p>\n<div id=\"attachment_7694\" style=\"width: 460px\" class=\"wp-caption aligncenter\"><a href=\"https:\/\/blogi.ennola.fi\/wp-content\/uploads\/2022\/09\/IMG_4614.jpg\" rel=\"lightbox[7638]\"><img loading=\"lazy\" decoding=\"async\" aria-describedby=\"caption-attachment-7694\" class=\"wp-image-7694 size-full\" title=\"Puolessa v\u00e4liss\u00e4 siirryttiin vaellusosuuteen. Alhaalla oli viel\u00e4 havumets\u00e4\u00e4.\" src=\"https:\/\/blogi.ennola.fi\/wp-content\/uploads\/2022\/09\/IMG_4614-1.jpg\" alt=\"\" width=\"450\" height=\"301\" srcset=\"https:\/\/blogi.ennola.fi\/wp-content\/uploads\/2022\/09\/IMG_4614-1.jpg 450w, https:\/\/blogi.ennola.fi\/wp-content\/uploads\/2022\/09\/IMG_4614-1-150x100.jpg 150w\" sizes=\"(max-width: 450px) 100vw, 450px\" \/><\/a><p id=\"caption-attachment-7694\" class=\"wp-caption-text\">Puolessa v\u00e4liss\u00e4 siirryttiin vaellusosuuteen. Alhaalla oli viel\u00e4 havumets\u00e4\u00e4.<\/p><\/div>\n<div id=\"attachment_7693\" style=\"width: 460px\" class=\"wp-caption aligncenter\"><a href=\"https:\/\/blogi.ennola.fi\/wp-content\/uploads\/2022\/09\/IMG_4622.jpg\" rel=\"lightbox[7638]\"><img loading=\"lazy\" decoding=\"async\" aria-describedby=\"caption-attachment-7693\" class=\"wp-image-7693 size-full\" title=\"K\u00e4velless\u00e4 oli aikaa keskustella.\" src=\"https:\/\/blogi.ennola.fi\/wp-content\/uploads\/2022\/09\/IMG_4622-1.jpg\" alt=\"\" width=\"450\" height=\"300\" srcset=\"https:\/\/blogi.ennola.fi\/wp-content\/uploads\/2022\/09\/IMG_4622-1.jpg 450w, https:\/\/blogi.ennola.fi\/wp-content\/uploads\/2022\/09\/IMG_4622-1-150x100.jpg 150w\" sizes=\"(max-width: 450px) 100vw, 450px\" \/><\/a><p id=\"caption-attachment-7693\" class=\"wp-caption-text\">K\u00e4velless\u00e4 oli aikaa keskustella.<\/p><\/div>\n<div id=\"attachment_7692\" style=\"width: 460px\" class=\"wp-caption aligncenter\"><a href=\"https:\/\/blogi.ennola.fi\/wp-content\/uploads\/2022\/09\/IMG_4626b.jpg\" rel=\"lightbox[7638]\"><img loading=\"lazy\" decoding=\"async\" aria-describedby=\"caption-attachment-7692\" class=\"wp-image-7692 size-full\" title=\"Kartanlukua.\" src=\"https:\/\/blogi.ennola.fi\/wp-content\/uploads\/2022\/09\/IMG_4626b-1.jpg\" alt=\"\" width=\"450\" height=\"303\" srcset=\"https:\/\/blogi.ennola.fi\/wp-content\/uploads\/2022\/09\/IMG_4626b-1.jpg 450w, https:\/\/blogi.ennola.fi\/wp-content\/uploads\/2022\/09\/IMG_4626b-1-150x101.jpg 150w\" sizes=\"(max-width: 450px) 100vw, 450px\" \/><\/a><p id=\"caption-attachment-7692\" class=\"wp-caption-text\">Kartanlukua.<\/p><\/div>\n<p>Seuraava p\u00e4iv\u00e4 valkeni tihkusateisena, kuten edellisen p\u00e4iv\u00e4n pilvien perusteella oli saattanut odottaa. Aurinko olikin paistanut koko alkumatkan pilvett\u00f6m\u00e4lt\u00e4 taivaalta, mik\u00e4 on uskomatonta Norjassa. Edellisp\u00e4iv\u00e4n\u00e4 oli aamusta n\u00e4kynyt ensin ohutta yl\u00e4pilve\u00e4, joka pitkin p\u00e4iv\u00e4\u00e4 oli oppikirjanmukaisesti tihentynyt ja laskeutunut alasp\u00e4in: matalapaine oli tulossa ja nyt se alkoi vihmoa vett\u00e4 p\u00e4\u00e4lle. Ei kovaa, mutta tihuttaen.<\/p>\n<p>P\u00e4iv\u00e4n ohjelmassa oli ylitt\u00e4\u00e4 yli puolen kilometrin korkeudessa oleva sola ja j\u00e4\u00e4d\u00e4 y\u00f6t\u00e4 Ruossav\u00e1ggen yl\u00e4p\u00e4\u00e4h\u00e4n y\u00f6t\u00e4, mit\u00e4 pitkin seuraavana p\u00e4iv\u00e4n\u00e4 l\u00e4htisimme vaeltamaan alas. Leiripaikka oli puutonta tundraa komeiden vuorien ymp\u00e4r\u00f6im\u00e4n\u00e4. Saavuttuamme paikalle taivaalta vihmoi sen verta vett\u00e4, ett\u00e4 pystytimme ulkoteltan, jonka sis\u00e4\u00e4n k\u00f6mmimme ruuan valmistukseen.<\/p>\n<p>Kostuneet vaatteet ja sateen ropina saivat mielen apaattiseksi ja l\u00e4hteminen ulos iltareflektioon ei oikein innostanut. Oscar haistoi tilanteen hyvin ja vet\u00e4isi isolla innolla hauskan toiminnallisen leikin, johon oli helppo heitt\u00e4yty\u00e4 ja apatia oli tiess\u00e4\u00e4n. Sen j\u00e4lkeen reflektiokuin sujui hyvin.<\/p>\n<div id=\"attachment_7691\" style=\"width: 460px\" class=\"wp-caption aligncenter\"><a href=\"https:\/\/blogi.ennola.fi\/wp-content\/uploads\/2022\/09\/IMG_4652.jpg\" rel=\"lightbox[7638]\"><img loading=\"lazy\" decoding=\"async\" aria-describedby=\"caption-attachment-7691\" class=\"wp-image-7691 size-full\" title=\"P\u00e4iv\u00e4n reitin ja ohjelman demostrointi.\" src=\"https:\/\/blogi.ennola.fi\/wp-content\/uploads\/2022\/09\/IMG_4652-1.jpg\" alt=\"\" width=\"450\" height=\"351\" srcset=\"https:\/\/blogi.ennola.fi\/wp-content\/uploads\/2022\/09\/IMG_4652-1.jpg 450w, https:\/\/blogi.ennola.fi\/wp-content\/uploads\/2022\/09\/IMG_4652-1-150x117.jpg 150w\" sizes=\"(max-width: 450px) 100vw, 450px\" \/><\/a><p id=\"caption-attachment-7691\" class=\"wp-caption-text\">P\u00e4iv\u00e4n reitin ja ohjelman demostrointi.<\/p><\/div>\n<div id=\"attachment_7690\" style=\"width: 460px\" class=\"wp-caption aligncenter\"><a href=\"https:\/\/blogi.ennola.fi\/wp-content\/uploads\/2022\/09\/IMG_4656.jpg\" rel=\"lightbox[7638]\"><img loading=\"lazy\" decoding=\"async\" aria-describedby=\"caption-attachment-7690\" class=\"wp-image-7690 size-full\" title=\"Aamujumppa.\" src=\"https:\/\/blogi.ennola.fi\/wp-content\/uploads\/2022\/09\/IMG_4656-1.jpg\" alt=\"\" width=\"450\" height=\"313\" srcset=\"https:\/\/blogi.ennola.fi\/wp-content\/uploads\/2022\/09\/IMG_4656-1.jpg 450w, https:\/\/blogi.ennola.fi\/wp-content\/uploads\/2022\/09\/IMG_4656-1-150x104.jpg 150w\" sizes=\"(max-width: 450px) 100vw, 450px\" \/><\/a><p id=\"caption-attachment-7690\" class=\"wp-caption-text\">Aamujumppa.<\/p><\/div>\n<div id=\"attachment_7689\" style=\"width: 460px\" class=\"wp-caption aligncenter\"><a href=\"https:\/\/blogi.ennola.fi\/wp-content\/uploads\/2022\/09\/IMG_4677.jpg\" rel=\"lightbox[7638]\"><img loading=\"lazy\" decoding=\"async\" aria-describedby=\"caption-attachment-7689\" class=\"wp-image-7689 size-full\" title=\"Puurajalla.\" src=\"https:\/\/blogi.ennola.fi\/wp-content\/uploads\/2022\/09\/IMG_4677-1.jpg\" alt=\"\" width=\"450\" height=\"308\" srcset=\"https:\/\/blogi.ennola.fi\/wp-content\/uploads\/2022\/09\/IMG_4677-1.jpg 450w, https:\/\/blogi.ennola.fi\/wp-content\/uploads\/2022\/09\/IMG_4677-1-150x103.jpg 150w\" sizes=\"(max-width: 450px) 100vw, 450px\" \/><\/a><p id=\"caption-attachment-7689\" class=\"wp-caption-text\">Puurajalla.<\/p><\/div>\n<div id=\"attachment_7688\" style=\"width: 460px\" class=\"wp-caption aligncenter\"><a href=\"https:\/\/blogi.ennola.fi\/wp-content\/uploads\/2022\/09\/IMG_4692.jpg\" rel=\"lightbox[7638]\"><img loading=\"lazy\" decoding=\"async\" aria-describedby=\"caption-attachment-7688\" class=\"wp-image-7688 size-full\" title=\"Nousu avotunturiin puolen kilometrin korkeuteen.\" src=\"https:\/\/blogi.ennola.fi\/wp-content\/uploads\/2022\/09\/IMG_4692-1.jpg\" alt=\"\" width=\"450\" height=\"294\" srcset=\"https:\/\/blogi.ennola.fi\/wp-content\/uploads\/2022\/09\/IMG_4692-1.jpg 450w, https:\/\/blogi.ennola.fi\/wp-content\/uploads\/2022\/09\/IMG_4692-1-150x98.jpg 150w\" sizes=\"(max-width: 450px) 100vw, 450px\" \/><\/a><p id=\"caption-attachment-7688\" class=\"wp-caption-text\">Nousu avotunturiin puolen kilometrin korkeuteen.<\/p><\/div>\n<div id=\"attachment_7687\" style=\"width: 460px\" class=\"wp-caption aligncenter\"><a href=\"https:\/\/blogi.ennola.fi\/wp-content\/uploads\/2022\/09\/IMG_4735-Panorama.jpg\" rel=\"lightbox[7638]\"><img loading=\"lazy\" decoding=\"async\" aria-describedby=\"caption-attachment-7687\" class=\"wp-image-7687 size-full\" title=\"Tunturileiri.\" src=\"https:\/\/blogi.ennola.fi\/wp-content\/uploads\/2022\/09\/IMG_4735-Panorama-1.jpg\" alt=\"\" width=\"450\" height=\"410\" srcset=\"https:\/\/blogi.ennola.fi\/wp-content\/uploads\/2022\/09\/IMG_4735-Panorama-1.jpg 450w, https:\/\/blogi.ennola.fi\/wp-content\/uploads\/2022\/09\/IMG_4735-Panorama-1-439x400.jpg 439w, https:\/\/blogi.ennola.fi\/wp-content\/uploads\/2022\/09\/IMG_4735-Panorama-1-150x137.jpg 150w\" sizes=\"(max-width: 450px) 100vw, 450px\" \/><\/a><p id=\"caption-attachment-7687\" class=\"wp-caption-text\">Tunturileiri.<\/p><\/div>\n<div id=\"attachment_7686\" style=\"width: 303px\" class=\"wp-caption aligncenter\"><a href=\"https:\/\/blogi.ennola.fi\/wp-content\/uploads\/2022\/09\/IMG_4754.jpg\" rel=\"lightbox[7638]\"><img loading=\"lazy\" decoding=\"async\" aria-describedby=\"caption-attachment-7686\" class=\"wp-image-7686 size-full\" title=\"Tunturikeitti\u00f6.\" src=\"https:\/\/blogi.ennola.fi\/wp-content\/uploads\/2022\/09\/IMG_4754-1.jpg\" alt=\"\" width=\"293\" height=\"420\" srcset=\"https:\/\/blogi.ennola.fi\/wp-content\/uploads\/2022\/09\/IMG_4754-1.jpg 293w, https:\/\/blogi.ennola.fi\/wp-content\/uploads\/2022\/09\/IMG_4754-1-279x400.jpg 279w, https:\/\/blogi.ennola.fi\/wp-content\/uploads\/2022\/09\/IMG_4754-1-105x150.jpg 105w\" sizes=\"(max-width: 293px) 100vw, 293px\" \/><\/a><p id=\"caption-attachment-7686\" class=\"wp-caption-text\">Tunturikeitti\u00f6.<\/p><\/div>\n<p>Aamulla sade oli jo loppunut ja aurinko alkoi pilkotella pilvien v\u00e4list\u00e4. Leiripaikan purossa koskikara kalasteli. K\u00e4vimme l\u00e4heisen j\u00e4rven rannassa, mink\u00e4 j\u00e4lkeen l\u00e4hdimme laskeutumaan norjalaista polkua takaisin meren rantaan. Polku ylitti solan pohjalla kulkevan joen, jolloin hetkeksi menetin itseni hallinnan: minulle tuli pakottava tarve kiirehti\u00e4 muiden edelle etsim\u00e4\u00e4n ylityskohta, koska en kest\u00e4nyt ep\u00e4tietoisuutta siit\u00e4 p\u00e4\u00e4seek\u00f6 joesta yli. Tied\u00e4 mist\u00e4 tuokin tuli, ei kuitenkaan kovin fiksua k\u00e4yt\u00f6st\u00e4. Karttaan merkityst\u00e4 kohdasta l\u00f6ytyi kuin l\u00f6ytyikin varsin helppo reitti joen toiselle puolelle.<\/p>\n<div id=\"attachment_7685\" style=\"width: 460px\" class=\"wp-caption aligncenter\"><a href=\"https:\/\/blogi.ennola.fi\/wp-content\/uploads\/2022\/09\/IMG_4768.jpg\" rel=\"lightbox[7638]\"><img loading=\"lazy\" decoding=\"async\" aria-describedby=\"caption-attachment-7685\" class=\"wp-image-7685 size-full\" title=\"Oskari ihastelee maisemia.\" src=\"https:\/\/blogi.ennola.fi\/wp-content\/uploads\/2022\/09\/IMG_4768-1.jpg\" alt=\"\" width=\"450\" height=\"300\" srcset=\"https:\/\/blogi.ennola.fi\/wp-content\/uploads\/2022\/09\/IMG_4768-1.jpg 450w, https:\/\/blogi.ennola.fi\/wp-content\/uploads\/2022\/09\/IMG_4768-1-150x100.jpg 150w\" sizes=\"(max-width: 450px) 100vw, 450px\" \/><\/a><p id=\"caption-attachment-7685\" class=\"wp-caption-text\">Oskari ihastelee maisemia.<\/p><\/div>\n<div id=\"attachment_7684\" style=\"width: 460px\" class=\"wp-caption aligncenter\"><a href=\"https:\/\/blogi.ennola.fi\/wp-content\/uploads\/2022\/09\/IMG_4783.jpg\" rel=\"lightbox[7638]\"><img loading=\"lazy\" decoding=\"async\" aria-describedby=\"caption-attachment-7684\" class=\"wp-image-7684 size-full\" title=\"Vesist\u00f6nylitys.\" src=\"https:\/\/blogi.ennola.fi\/wp-content\/uploads\/2022\/09\/IMG_4783-1.jpg\" alt=\"\" width=\"450\" height=\"309\" srcset=\"https:\/\/blogi.ennola.fi\/wp-content\/uploads\/2022\/09\/IMG_4783-1.jpg 450w, https:\/\/blogi.ennola.fi\/wp-content\/uploads\/2022\/09\/IMG_4783-1-150x103.jpg 150w\" sizes=\"(max-width: 450px) 100vw, 450px\" \/><\/a><p id=\"caption-attachment-7684\" class=\"wp-caption-text\">Vesist\u00f6nylitys.<\/p><\/div>\n<div id=\"attachment_7683\" style=\"width: 460px\" class=\"wp-caption aligncenter\"><a href=\"https:\/\/blogi.ennola.fi\/wp-content\/uploads\/2022\/09\/IMG_4793.jpg\" rel=\"lightbox[7638]\"><img loading=\"lazy\" decoding=\"async\" aria-describedby=\"caption-attachment-7683\" class=\"wp-image-7683 size-full\" title=\"Vesist\u00f6nylitys.\" src=\"https:\/\/blogi.ennola.fi\/wp-content\/uploads\/2022\/09\/IMG_4793-1.jpg\" alt=\"\" width=\"450\" height=\"300\" srcset=\"https:\/\/blogi.ennola.fi\/wp-content\/uploads\/2022\/09\/IMG_4793-1.jpg 450w, https:\/\/blogi.ennola.fi\/wp-content\/uploads\/2022\/09\/IMG_4793-1-150x100.jpg 150w\" sizes=\"(max-width: 450px) 100vw, 450px\" \/><\/a><p id=\"caption-attachment-7683\" class=\"wp-caption-text\">Vesist\u00f6nylitys.<\/p><\/div>\n<div id=\"attachment_7682\" style=\"width: 460px\" class=\"wp-caption aligncenter\"><a href=\"https:\/\/blogi.ennola.fi\/wp-content\/uploads\/2022\/09\/IMG_4798.jpg\" rel=\"lightbox[7638]\"><img loading=\"lazy\" decoding=\"async\" aria-describedby=\"caption-attachment-7682\" class=\"wp-image-7682 size-full\" title=\"Vaeltajia.\" src=\"https:\/\/blogi.ennola.fi\/wp-content\/uploads\/2022\/09\/IMG_4798-1.jpg\" alt=\"\" width=\"450\" height=\"308\" srcset=\"https:\/\/blogi.ennola.fi\/wp-content\/uploads\/2022\/09\/IMG_4798-1.jpg 450w, https:\/\/blogi.ennola.fi\/wp-content\/uploads\/2022\/09\/IMG_4798-1-150x103.jpg 150w\" sizes=\"(max-width: 450px) 100vw, 450px\" \/><\/a><p id=\"caption-attachment-7682\" class=\"wp-caption-text\">Vaeltajia.<\/p><\/div>\n<div id=\"attachment_7681\" style=\"width: 460px\" class=\"wp-caption aligncenter\"><a href=\"https:\/\/blogi.ennola.fi\/wp-content\/uploads\/2022\/09\/IMG_4815.jpg\" rel=\"lightbox[7638]\"><img loading=\"lazy\" decoding=\"async\" aria-describedby=\"caption-attachment-7681\" class=\"wp-image-7681 size-full\" title=\"Taru iloitsee maisemasta.\" src=\"https:\/\/blogi.ennola.fi\/wp-content\/uploads\/2022\/09\/IMG_4815-1.jpg\" alt=\"\" width=\"450\" height=\"300\" srcset=\"https:\/\/blogi.ennola.fi\/wp-content\/uploads\/2022\/09\/IMG_4815-1.jpg 450w, https:\/\/blogi.ennola.fi\/wp-content\/uploads\/2022\/09\/IMG_4815-1-150x100.jpg 150w\" sizes=\"(max-width: 450px) 100vw, 450px\" \/><\/a><p id=\"caption-attachment-7681\" class=\"wp-caption-text\">Taru iloitsee maisemasta.<\/p><\/div>\n<div id=\"attachment_7680\" style=\"width: 460px\" class=\"wp-caption aligncenter\"><a href=\"https:\/\/blogi.ennola.fi\/wp-content\/uploads\/2022\/09\/IMG_4840.jpg\" rel=\"lightbox[7638]\"><img loading=\"lazy\" decoding=\"async\" aria-describedby=\"caption-attachment-7680\" class=\"wp-image-7680 size-full\" title=\"Jokivartta alasp\u00e4in.\" src=\"https:\/\/blogi.ennola.fi\/wp-content\/uploads\/2022\/09\/IMG_4840-1.jpg\" alt=\"\" width=\"450\" height=\"301\" srcset=\"https:\/\/blogi.ennola.fi\/wp-content\/uploads\/2022\/09\/IMG_4840-1.jpg 450w, https:\/\/blogi.ennola.fi\/wp-content\/uploads\/2022\/09\/IMG_4840-1-150x100.jpg 150w\" sizes=\"(max-width: 450px) 100vw, 450px\" \/><\/a><p id=\"caption-attachment-7680\" class=\"wp-caption-text\">Jokivartta alasp\u00e4in.<\/p><\/div>\n<div id=\"attachment_7679\" style=\"width: 460px\" class=\"wp-caption aligncenter\"><a href=\"https:\/\/blogi.ennola.fi\/wp-content\/uploads\/2022\/09\/IMG_4851.jpg\" rel=\"lightbox[7638]\"><img loading=\"lazy\" decoding=\"async\" aria-describedby=\"caption-attachment-7679\" class=\"wp-image-7679 size-full\" title=\"Laskeutuminen jokilaaksoon.\" src=\"https:\/\/blogi.ennola.fi\/wp-content\/uploads\/2022\/09\/IMG_4851-1.jpg\" alt=\"\" width=\"450\" height=\"300\" srcset=\"https:\/\/blogi.ennola.fi\/wp-content\/uploads\/2022\/09\/IMG_4851-1.jpg 450w, https:\/\/blogi.ennola.fi\/wp-content\/uploads\/2022\/09\/IMG_4851-1-150x100.jpg 150w\" sizes=\"(max-width: 450px) 100vw, 450px\" \/><\/a><p id=\"caption-attachment-7679\" class=\"wp-caption-text\">Laskeutuminen jokilaaksoon.<\/p><\/div>\n<div id=\"attachment_7678\" style=\"width: 490px\" class=\"wp-caption aligncenter\"><a href=\"https:\/\/blogi.ennola.fi\/wp-content\/uploads\/2022\/09\/Hammaro_Panorama17.jpg\" rel=\"lightbox[7638]\"><img loading=\"lazy\" decoding=\"async\" aria-describedby=\"caption-attachment-7678\" class=\"wp-image-7678 size-full\" title=\"Rantakivikossa on hidasta kulkea.\" src=\"https:\/\/blogi.ennola.fi\/wp-content\/uploads\/2022\/09\/Hammaro_Panorama17-1.jpg\" alt=\"\" width=\"480\" height=\"211\" srcset=\"https:\/\/blogi.ennola.fi\/wp-content\/uploads\/2022\/09\/Hammaro_Panorama17-1.jpg 480w, https:\/\/blogi.ennola.fi\/wp-content\/uploads\/2022\/09\/Hammaro_Panorama17-1-150x66.jpg 150w\" sizes=\"(max-width: 480px) 100vw, 480px\" \/><\/a><p id=\"caption-attachment-7678\" class=\"wp-caption-text\">Rantakivikossa on hidasta kulkea.<\/p><\/div>\n<p>Norjalainen polku osoittautui alam\u00e4keenkin hitaaksi kulkea ja ilta oli jo melko pitk\u00e4ll\u00e4, kun lopulta saavuimme m\u00e4\u00e4r\u00e4np\u00e4\u00e4h\u00e4mme M\u00e5sken ktiett\u00f6m\u00e4\u00e4n kyl\u00e4\u00e4n. Paikalliset olivat uskomattoman vieraanvaraisia ja tarjosivat meille mahdollisuuden y\u00f6py\u00e4 vanhassa kyl\u00e4koulussa. Y\u00f6koulua diskoineen en ollut aiemmin el\u00e4m\u00e4ss\u00e4ni p\u00e4\u00e4ssyt kokeilemaan, joten sellainen piti nyt pist\u00e4\u00e4 pystyyn muiden opettajien innostamana.<\/p>\n<div id=\"attachment_7677\" style=\"width: 307px\" class=\"wp-caption aligncenter\"><a href=\"https:\/\/blogi.ennola.fi\/wp-content\/uploads\/2022\/09\/IMG_4879.jpg\" rel=\"lightbox[7638]\"><img loading=\"lazy\" decoding=\"async\" aria-describedby=\"caption-attachment-7677\" class=\"wp-image-7677 size-full\" title=\"Ryhm\u00e4kuva M\u00e5sken saamenkielisell\u00e4 alakoululla.\" src=\"https:\/\/blogi.ennola.fi\/wp-content\/uploads\/2022\/09\/IMG_4879-1.jpg\" alt=\"\" width=\"297\" height=\"420\" srcset=\"https:\/\/blogi.ennola.fi\/wp-content\/uploads\/2022\/09\/IMG_4879-1.jpg 297w, https:\/\/blogi.ennola.fi\/wp-content\/uploads\/2022\/09\/IMG_4879-1-283x400.jpg 283w, https:\/\/blogi.ennola.fi\/wp-content\/uploads\/2022\/09\/IMG_4879-1-106x150.jpg 106w\" sizes=\"(max-width: 297px) 100vw, 297px\" \/><\/a><p id=\"caption-attachment-7677\" class=\"wp-caption-text\">Ryhm\u00e4kuva M\u00e5sken saamenkielisell\u00e4 alakoululla.<\/p><\/div>\n<p>Viimeisen p\u00e4iv\u00e4n ohjelmassa oli paluu julkisella liikenteell\u00e4 l\u00e4ht\u00f6paikkaamme. Matkaa taitettiin yhteysaluksella ja sen j\u00e4lkeen nelj\u00e4ll\u00e4 eri bussilla, kunnes olimme takaisin l\u00e4ht\u00f6paikassamme. Presteidiss\u00e4 meill\u00e4 oli useamman tunnin tauko, jolloin tarkoituksemme oli k\u00e4yd\u00e4 ravintolassa, mutta se olikin kiinni, joten tyydyimme ostamaan kaupasta lounastarvikkeita ja sy\u00f6m\u00e4\u00e4n lounaamme kaupan edess\u00e4 olevilla penkeill\u00e4.<\/p>\n<p>Koko ekspedition ajan Maijan ja Oscarin ohjaustyyli oli lempe\u00e4n rento. He olivat hyvin sis\u00e4ist\u00e4neet sen, kuinka t\u00e4rke\u00e4\u00e4 on ymm\u00e4rt\u00e4\u00e4 oman ja ryhm\u00e4n agendan v\u00e4linen ero. Kuinka helposti me ohjaajina etuk\u00e4teen teemme tarkat ja hieman liian kunnianhimoiset tavoitteet. Niiden toteuttaminen sitten m\u00e4\u00e4ritt\u00e4\u00e4 toimintaamme, ilman mahdollisuutta rauhassa aistia ja havainnoida ymp\u00e4r\u00f6iv\u00e4\u00e4 luontoa.<\/p>\n<p>T\u00e4ll\u00e4 ekspeditiolla kuten monella aiemmallakin vastaavalla on ollut j\u00e4nn\u00e4 huomata, miten merkityksellisi\u00e4 ihmissuhteita niiss\u00e4 muodostuu osallistujien kesken. Siell\u00e4 tulee k\u00e4ydyksi lukemattomia hyvi\u00e4 keskusteluja kollegoiden ja mentoreiden kanssa. Sopivat fyysiset ja henkiset haasteet yhdistettyin\u00e4 reflektioihin, miss\u00e4 omia kokemuksia ja tuntemuksia yhdess\u00e4 puretaan, luovat sellaista yhteenkuuluvaisuudentunnetta, mit\u00e4 on vaikea tavoittaa miss\u00e4\u00e4n muualla.<\/p>\n<p>Kiitokset kaikille kanssakokijoille ikimuistoisesta ekspeditiosta. Matka jatkuu&#8230;<\/p>\n","protected":false},"excerpt":{"rendered":"<p>Seikkailukasvatusopintoihini on aina liittynyt retki\u00e4, joissa on tilaisuus p\u00e4\u00e4st\u00e4 haastamaan itse\u00e4\u00e4n. Nyt erikoistumisopintojen kolmostasolla se tarkoitti vaellusta, miss\u00e4 meloimme kolme p\u00e4iv\u00e4\u00e4 vuorovesiolosuhteissa ja nelj\u00e4nten\u00e4 p\u00e4iv\u00e4n\u00e4 kaivoimme kajakeistamme rinkat&#8230;<\/p>\n","protected":false},"author":1,"featured_media":7713,"comment_status":"open","ping_status":"open","sticky":false,"template":"","format":"standard","meta":{"footnotes":""},"categories":[8,3,5],"tags":[],"_links":{"self":[{"href":"https:\/\/blogi.ennola.fi\/index.php?rest_route=\/wp\/v2\/posts\/7638"}],"collection":[{"href":"https:\/\/blogi.ennola.fi\/index.php?rest_route=\/wp\/v2\/posts"}],"about":[{"href":"https:\/\/blogi.ennola.fi\/index.php?rest_route=\/wp\/v2\/types\/post"}],"author":[{"embeddable":true,"href":"https:\/\/blogi.ennola.fi\/index.php?rest_route=\/wp\/v2\/users\/1"}],"replies":[{"embeddable":true,"href":"https:\/\/blogi.ennola.fi\/index.php?rest_route=%2Fwp%2Fv2%2Fcomments&post=7638"}],"version-history":[{"count":11,"href":"https:\/\/blogi.ennola.fi\/index.php?rest_route=\/wp\/v2\/posts\/7638\/revisions"}],"predecessor-version":[{"id":7740,"href":"https:\/\/blogi.ennola.fi\/index.php?rest_route=\/wp\/v2\/posts\/7638\/revisions\/7740"}],"wp:featuredmedia":[{"embeddable":true,"href":"https:\/\/blogi.ennola.fi\/index.php?rest_route=\/wp\/v2\/media\/7713"}],"wp:attachment":[{"href":"https:\/\/blogi.ennola.fi\/index.php?rest_route=%2Fwp%2Fv2%2Fmedia&parent=7638"}],"wp:term":[{"taxonomy":"category","embeddable":true,"href":"https:\/\/blogi.ennola.fi\/index.php?rest_route=%2Fwp%2Fv2%2Fcategories&post=7638"},{"taxonomy":"post_tag","embeddable":true,"href":"https:\/\/blogi.ennola.fi\/index.php?rest_route=%2Fwp%2Fv2%2Ftags&post=7638"}],"curies":[{"name":"wp","href":"https:\/\/api.w.org\/{rel}","templated":true}]}}