{"id":771,"date":"2014-02-06T09:12:00","date_gmt":"2014-02-06T07:12:00","guid":{"rendered":"https:\/\/blogi.ennola.fi\/?p=771"},"modified":"2020-06-08T09:14:51","modified_gmt":"2020-06-08T06:14:51","slug":"jaakiipeilya-korouomassa","status":"publish","type":"post","link":"https:\/\/blogi.ennola.fi\/?p=771","title":{"rendered":"J\u00e4\u00e4kiipeily\u00e4 Korouomassa"},"content":{"rendered":"<p>Onnistuin j\u00e4rjest\u00e4m\u00e4\u00e4n itselleni mahdollisuuden j\u00e4\u00e4kiipeilyyn Pikku-Sy\u00f6tteell\u00e4 olleiden Seikkailukasvatusp\u00e4ivien j\u00e4lkeen. Oppaaksi Korouoman rotkolaaksoon oli lupautunut j\u00e4\u00e4kiipeilyguru Mira. Seuraamme liittyi my\u00f6s Maija ja Daniel, jotka olivat Kuusamon suunnalla er\u00e4opaskoulutusta vet\u00e4m\u00e4ss\u00e4 sek\u00e4 Ky\u00f6sti, heid\u00e4n kurssilaisensa. Daniel ja Mira olivat siis kokeneita j\u00e4\u00e4kiipeilij\u00f6it\u00e4, min\u00e4 ja Maija vasta-alkajia sek\u00e4 Ky\u00f6sti jotain silt\u00e4 v\u00e4lilt\u00e4.<\/p>\n<div id=\"attachment_904\" style=\"width: 460px\" class=\"wp-caption aligncenter\"><a href=\"https:\/\/blogi.ennola.fi\/wp-content\/uploads\/2014\/02\/IMG_1283.jpg\" rel=\"lightbox[771]\"><img loading=\"lazy\" decoding=\"async\" aria-describedby=\"caption-attachment-904\" class=\"wp-image-904 size-full\" title=\"Porukka valmistautuu kiipe\u00e4m\u00e4\u00e4n.\" src=\"https:\/\/blogi.ennola.fi\/wp-content\/uploads\/2014\/02\/IMG_1283-1.jpg\" alt=\"\" width=\"450\" height=\"338\" srcset=\"https:\/\/blogi.ennola.fi\/wp-content\/uploads\/2014\/02\/IMG_1283-1.jpg 450w, https:\/\/blogi.ennola.fi\/wp-content\/uploads\/2014\/02\/IMG_1283-1-150x113.jpg 150w\" sizes=\"(max-width: 450px) 100vw, 450px\" \/><\/a><p id=\"caption-attachment-904\" class=\"wp-caption-text\">Porukka valmistautuu kiipe\u00e4m\u00e4\u00e4n.<\/p><\/div>\n<p>Laskeuduimme Korouoman laaksoon parkkipaikalta ja ohitimme ensin Ruskeavirran ja Mammutin j\u00e4\u00e4putoukset ja tulimme Jaska Jokunen -nimiselle j\u00e4\u00e4putoukselle, josta l\u00f6ytyi sopivaa kiivett\u00e4v\u00e4\u00e4 minun ja Maijan kaltaisille vasta-alkajille. S\u00e4\u00e4 oli onneksi lauhtunut edellisest\u00e4 p\u00e4iv\u00e4st\u00e4, jolloin Sy\u00f6tteen maisemissa oli ollut l\u00e4hes kolmekymment\u00e4 astetta pakkasta. J\u00e4\u00e4 oli kovista pakkasista johtuen varsin kovaa ja kuivaa.<\/p>\n<p>Aluksi Mira ja Daniel kiipesiv\u00e4t alak\u00f6ydell\u00e4 tekem\u00e4\u00e4n sopivat ankkuripisteet yl\u00e4k\u00f6ysille. Mira teki oman ankkurinsa erityisen kest\u00e4v\u00e4ksi, koska olin varoitellut siit\u00e4, ett\u00e4 todenn\u00e4k\u00f6isesti tulen jossain vaiheessa tippumaan k\u00f6yden varaan.<\/p>\n<div id=\"attachment_901\" style=\"width: 460px\" class=\"wp-caption aligncenter\"><a href=\"https:\/\/blogi.ennola.fi\/wp-content\/uploads\/2014\/02\/IMG_1287.jpg\" rel=\"lightbox[771]\"><img loading=\"lazy\" decoding=\"async\" aria-describedby=\"caption-attachment-901\" class=\"wp-image-901 size-full\" title=\"Mira ja Daniel kiinnittiv\u00e4t k\u00f6ydet paikoilleen.\" src=\"https:\/\/blogi.ennola.fi\/wp-content\/uploads\/2014\/02\/IMG_1287-1.jpg\" alt=\"\" width=\"450\" height=\"338\" srcset=\"https:\/\/blogi.ennola.fi\/wp-content\/uploads\/2014\/02\/IMG_1287-1.jpg 450w, https:\/\/blogi.ennola.fi\/wp-content\/uploads\/2014\/02\/IMG_1287-1-150x113.jpg 150w\" sizes=\"(max-width: 450px) 100vw, 450px\" \/><\/a><p id=\"caption-attachment-901\" class=\"wp-caption-text\">Mira ja Daniel kiinnittiv\u00e4t k\u00f6ydet paikoilleen.<\/p><\/div>\n<p>Varsinainen kiipeily sujui nyt paremmin kuin vuosi sitten ensimm\u00e4isell\u00e4 kokeilukerrallani. Kuten ensimm\u00e4isell\u00e4 kerrallakin hakkujen kanssa ty\u00f6skentely sujui mielest\u00e4ni hyvin. En kokenut erityisen vaikeaksi saada hakulla pit\u00e4v\u00e4\u00e4 otetta j\u00e4\u00e4st\u00e4. Jossain kukkakaalij\u00e4\u00e4ss\u00e4 sai hakuilla jopa riitt\u00e4v\u00e4n tuen ilman, ett\u00e4 sit\u00e4 tarvitsi edes ly\u00f6d\u00e4 j\u00e4\u00e4h\u00e4n kiinni.<\/p>\n<div id=\"attachment_903\" style=\"width: 460px\" class=\"wp-caption aligncenter\"><a href=\"https:\/\/blogi.ennola.fi\/wp-content\/uploads\/2014\/02\/IMG_1293.jpg\" rel=\"lightbox[771]\"><img loading=\"lazy\" decoding=\"async\" aria-describedby=\"caption-attachment-903\" class=\"wp-image-903 size-full\" title=\"Ky\u00f6sti Kiipe\u00e4\u00e4, Daniel varmistaa.\" src=\"https:\/\/blogi.ennola.fi\/wp-content\/uploads\/2014\/02\/IMG_1293-1.jpg\" alt=\"\" width=\"450\" height=\"338\" srcset=\"https:\/\/blogi.ennola.fi\/wp-content\/uploads\/2014\/02\/IMG_1293-1.jpg 450w, https:\/\/blogi.ennola.fi\/wp-content\/uploads\/2014\/02\/IMG_1293-1-150x113.jpg 150w\" sizes=\"(max-width: 450px) 100vw, 450px\" \/><\/a><p id=\"caption-attachment-903\" class=\"wp-caption-text\">Ky\u00f6sti Kiipe\u00e4\u00e4, Daniel varmistaa.<\/p><\/div>\n<p>Jalkaty\u00f6skentely oli nyt kuten viimeksikin se hankalampi homma. Nyt minulla oli kevyemm\u00e4t j\u00e4\u00e4tikk\u00f6vaelluskeng\u00e4t ja yksipiikkiset, hieman parempikuntoisemmat raudat kuin viimeksi, joten tukea sain niill\u00e4 paljon paremmin. \u00a0Pystyin kiipe\u00e4m\u00e4\u00e4n jopa joitain pystysuoriakin kohtia ilman, ett\u00e4 siin\u00e4 oli edell\u00e4 menneiden \u2019askelmia\u2019 apuna. En my\u00f6sk\u00e4\u00e4n pudonnut miss\u00e4\u00e4n vaiheessa t\u00e4ysin holtittomasti k\u00f6yteen, vaan sain pidetty\u00e4 v\u00e4hint\u00e4\u00e4nkin oikeanpuoleisesta hakusta kiinni.<\/p>\n<p>V\u00e4syin kuitenkin sein\u00e4ll\u00e4 nopeasti. J\u00e4nnitys ja tottumattomuus kiipeilyyn v\u00e4syttiv\u00e4t jo noin viidentoista metrin kiipe\u00e4misess\u00e4 siten, ett\u00e4 vaikeammista kohdista ei sen j\u00e4lkeen tahtonut tulla mit\u00e4\u00e4n. Sein\u00e4ll\u00e4 lep\u00e4ilyk\u00e4\u00e4n ei oikein auttanut, vaan oli laskeuduttava alas lep\u00e4\u00e4m\u00e4\u00e4n.<\/p>\n<p><a href=\"https:\/\/blogi.ennola.fi\/wp-content\/uploads\/2014\/02\/IMG_1295.jpg\" rel=\"lightbox[771]\"><img loading=\"lazy\" decoding=\"async\" class=\"aligncenter wp-image-902 size-full\" title=\"Maijan tyylin\u00e4yte kiipe\u00e4misest\u00e4.\" src=\"https:\/\/blogi.ennola.fi\/wp-content\/uploads\/2014\/02\/IMG_1295-1.jpg\" alt=\"\" width=\"300\" height=\"400\" srcset=\"https:\/\/blogi.ennola.fi\/wp-content\/uploads\/2014\/02\/IMG_1295-1.jpg 300w, https:\/\/blogi.ennola.fi\/wp-content\/uploads\/2014\/02\/IMG_1295-1-113x150.jpg 113w\" sizes=\"(max-width: 300px) 100vw, 300px\" \/><\/a><\/p>\n<div id=\"attachment_905\" style=\"width: 310px\" class=\"wp-caption aligncenter\"><a href=\"https:\/\/blogi.ennola.fi\/wp-content\/uploads\/2014\/02\/IMG_1297.jpg\" rel=\"lightbox[771]\"><img loading=\"lazy\" decoding=\"async\" aria-describedby=\"caption-attachment-905\" class=\"wp-image-905 size-full\" title=\"Maijan tyylin\u00e4yte kiipe\u00e4misest\u00e4.\" src=\"https:\/\/blogi.ennola.fi\/wp-content\/uploads\/2014\/02\/IMG_1297-1.jpg\" alt=\"\" width=\"300\" height=\"400\" srcset=\"https:\/\/blogi.ennola.fi\/wp-content\/uploads\/2014\/02\/IMG_1297-1.jpg 300w, https:\/\/blogi.ennola.fi\/wp-content\/uploads\/2014\/02\/IMG_1297-1-113x150.jpg 113w\" sizes=\"(max-width: 300px) 100vw, 300px\" \/><\/a><p id=\"caption-attachment-905\" class=\"wp-caption-text\">Maijan tyylin\u00e4yte kiipe\u00e4misest\u00e4.<\/p><\/div>\n<p>Hauskaa oli kiipeill\u00e4 hyv\u00e4ss\u00e4 seurassa. Omat taidot ja fyysinen kunto eiv\u00e4t viel\u00e4 riitt\u00e4neet t\u00e4ysin hy\u00f6dynt\u00e4m\u00e4\u00e4n Korouoman j\u00e4\u00e4kiipeilymahdollisuuksia &#8211; minulle olisi riitt\u00e4nyt paljon pienemm\u00e4nkin j\u00e4\u00e4putouksen tarjoamat mahdollisuudet. Oli my\u00f6s hienoa n\u00e4hd\u00e4, millainen Suomen ykk\u00f6sj\u00e4\u00e4kiipeilypaikka oikein on. Ehk\u00e4 seuraavalla vierailullani voin hy\u00f6dynt\u00e4\u00e4 sen mahdollisuuksia t\u00e4ysipainoisemmin.<\/p>\n","protected":false},"excerpt":{"rendered":"<p>Onnistuin j\u00e4rjest\u00e4m\u00e4\u00e4n itselleni mahdollisuuden j\u00e4\u00e4kiipeilyyn Pikku-Sy\u00f6tteell\u00e4 olleiden Seikkailukasvatusp\u00e4ivien j\u00e4lkeen. Oppaaksi Korouoman rotkolaaksoon oli lupautunut j\u00e4\u00e4kiipeilyguru Mira. Seuraamme liittyi my\u00f6s Maija ja Daniel, jotka olivat Kuusamon suunnalla er\u00e4opaskoulutusta vet\u00e4m\u00e4ss\u00e4&#8230;<\/p>\n","protected":false},"author":1,"featured_media":1318,"comment_status":"open","ping_status":"open","sticky":false,"template":"","format":"standard","meta":{"footnotes":""},"categories":[6],"tags":[],"_links":{"self":[{"href":"https:\/\/blogi.ennola.fi\/index.php?rest_route=\/wp\/v2\/posts\/771"}],"collection":[{"href":"https:\/\/blogi.ennola.fi\/index.php?rest_route=\/wp\/v2\/posts"}],"about":[{"href":"https:\/\/blogi.ennola.fi\/index.php?rest_route=\/wp\/v2\/types\/post"}],"author":[{"embeddable":true,"href":"https:\/\/blogi.ennola.fi\/index.php?rest_route=\/wp\/v2\/users\/1"}],"replies":[{"embeddable":true,"href":"https:\/\/blogi.ennola.fi\/index.php?rest_route=%2Fwp%2Fv2%2Fcomments&post=771"}],"version-history":[{"count":5,"href":"https:\/\/blogi.ennola.fi\/index.php?rest_route=\/wp\/v2\/posts\/771\/revisions"}],"predecessor-version":[{"id":5059,"href":"https:\/\/blogi.ennola.fi\/index.php?rest_route=\/wp\/v2\/posts\/771\/revisions\/5059"}],"wp:featuredmedia":[{"embeddable":true,"href":"https:\/\/blogi.ennola.fi\/index.php?rest_route=\/wp\/v2\/media\/1318"}],"wp:attachment":[{"href":"https:\/\/blogi.ennola.fi\/index.php?rest_route=%2Fwp%2Fv2%2Fmedia&parent=771"}],"wp:term":[{"taxonomy":"category","embeddable":true,"href":"https:\/\/blogi.ennola.fi\/index.php?rest_route=%2Fwp%2Fv2%2Fcategories&post=771"},{"taxonomy":"post_tag","embeddable":true,"href":"https:\/\/blogi.ennola.fi\/index.php?rest_route=%2Fwp%2Fv2%2Ftags&post=771"}],"curies":[{"name":"wp","href":"https:\/\/api.w.org\/{rel}","templated":true}]}}