{"id":773,"date":"2014-01-20T09:13:35","date_gmt":"2014-01-20T07:13:35","guid":{"rendered":"https:\/\/blogi.ennola.fi\/?p=773"},"modified":"2020-06-08T09:15:44","modified_gmt":"2020-06-08T06:15:44","slug":"naantalista-teersaloon-luistellen","status":"publish","type":"post","link":"https:\/\/blogi.ennola.fi\/?p=773","title":{"rendered":"Naantalista Teersaloon luistellen"},"content":{"rendered":"<p>Talven luistelukausi on nyt avattu. Viime sunnuntaina olin mukana <a href=\"http:\/\/www.skrinnari.fi\/\">Suomen Retkiluistelijoiden<\/a> luisteluretkell\u00e4 Naantalin keskustasta Teersaloon ja takaisin. Kuluneen viikon pakkaset olivat j\u00e4\u00e4dytt\u00e4neet sis\u00e4saaristoon paksun j\u00e4\u00e4n, joka oli j\u00e4\u00e4ruusujen kirjoma. Paikoin j\u00e4\u00e4ruusut olivat jo niin isoja, ett\u00e4 ne haittasivat luistelua. Ainakin paikoissa, joissa ruusuja oli v\u00e4hemm\u00e4n, oli luistelu kevyemp\u00e4\u00e4 eik\u00e4 luistin t\u00e4rist\u00e4nyt yht\u00e4 paljon. Taukoineen aikaa kului reilu viisi tuntia ja matkaa taittui 48 kilometri\u00e4.<\/p>\n<p><a href=\"https:\/\/blogi.ennola.fi\/wp-content\/uploads\/2014\/01\/IMG_1252.jpg\" rel=\"lightbox[773]\"><img loading=\"lazy\" decoding=\"async\" class=\"aligncenter wp-image-893 size-full\" src=\"https:\/\/blogi.ennola.fi\/wp-content\/uploads\/2014\/01\/IMG_1252-1.jpg\" alt=\"\" width=\"450\" height=\"334\" srcset=\"https:\/\/blogi.ennola.fi\/wp-content\/uploads\/2014\/01\/IMG_1252-1.jpg 450w, https:\/\/blogi.ennola.fi\/wp-content\/uploads\/2014\/01\/IMG_1252-1-150x111.jpg 150w\" sizes=\"(max-width: 450px) 100vw, 450px\" \/><\/a><\/p>\n<p><a href=\"https:\/\/blogi.ennola.fi\/wp-content\/uploads\/2014\/01\/IMG_1261.jpg\" rel=\"lightbox[773]\"><img loading=\"lazy\" decoding=\"async\" class=\"aligncenter wp-image-892 size-full\" src=\"https:\/\/blogi.ennola.fi\/wp-content\/uploads\/2014\/01\/IMG_1261-1.jpg\" alt=\"\" width=\"450\" height=\"338\" srcset=\"https:\/\/blogi.ennola.fi\/wp-content\/uploads\/2014\/01\/IMG_1261-1.jpg 450w, https:\/\/blogi.ennola.fi\/wp-content\/uploads\/2014\/01\/IMG_1261-1-150x113.jpg 150w\" sizes=\"(max-width: 450px) 100vw, 450px\" \/><\/a><\/p>\n<p><a href=\"https:\/\/blogi.ennola.fi\/wp-content\/uploads\/2014\/01\/IMG_1263.jpg\" rel=\"lightbox[773]\"><img loading=\"lazy\" decoding=\"async\" class=\"aligncenter wp-image-889 size-full\" src=\"https:\/\/blogi.ennola.fi\/wp-content\/uploads\/2014\/01\/IMG_1263-1.jpg\" alt=\"\" width=\"450\" height=\"335\" srcset=\"https:\/\/blogi.ennola.fi\/wp-content\/uploads\/2014\/01\/IMG_1263-1.jpg 450w, https:\/\/blogi.ennola.fi\/wp-content\/uploads\/2014\/01\/IMG_1263-1-150x112.jpg 150w\" sizes=\"(max-width: 450px) 100vw, 450px\" \/><\/a><\/p>\n<p><a href=\"https:\/\/blogi.ennola.fi\/wp-content\/uploads\/2014\/01\/IMG_1264.jpg\" rel=\"lightbox[773]\"><img loading=\"lazy\" decoding=\"async\" class=\"aligncenter wp-image-891 size-full\" src=\"https:\/\/blogi.ennola.fi\/wp-content\/uploads\/2014\/01\/IMG_1264-1.jpg\" alt=\"\" width=\"450\" height=\"337\" srcset=\"https:\/\/blogi.ennola.fi\/wp-content\/uploads\/2014\/01\/IMG_1264-1.jpg 450w, https:\/\/blogi.ennola.fi\/wp-content\/uploads\/2014\/01\/IMG_1264-1-150x112.jpg 150w\" sizes=\"(max-width: 450px) 100vw, 450px\" \/><\/a><\/p>\n<p><a href=\"https:\/\/blogi.ennola.fi\/wp-content\/uploads\/2014\/01\/Luistelu_Panorama1.jpg\" rel=\"lightbox[773]\"><img loading=\"lazy\" decoding=\"async\" class=\"aligncenter wp-image-890 size-full\" src=\"https:\/\/blogi.ennola.fi\/wp-content\/uploads\/2014\/01\/Luistelu_Panorama1-1.jpg\" alt=\"\" width=\"480\" height=\"194\" srcset=\"https:\/\/blogi.ennola.fi\/wp-content\/uploads\/2014\/01\/Luistelu_Panorama1-1.jpg 480w, https:\/\/blogi.ennola.fi\/wp-content\/uploads\/2014\/01\/Luistelu_Panorama1-1-150x61.jpg 150w\" sizes=\"(max-width: 480px) 100vw, 480px\" \/><\/a><\/p>\n","protected":false},"excerpt":{"rendered":"<p>Talven luistelukausi on nyt avattu. Viime sunnuntaina olin mukana Suomen Retkiluistelijoiden luisteluretkell\u00e4 Naantalin keskustasta Teersaloon ja takaisin. Kuluneen viikon pakkaset olivat j\u00e4\u00e4dytt\u00e4neet sis\u00e4saaristoon paksun j\u00e4\u00e4n, joka oli j\u00e4\u00e4ruusujen&#8230;<\/p>\n","protected":false},"author":1,"featured_media":884,"comment_status":"open","ping_status":"open","sticky":false,"template":"","format":"standard","meta":{"footnotes":""},"categories":[3],"tags":[],"_links":{"self":[{"href":"https:\/\/blogi.ennola.fi\/index.php?rest_route=\/wp\/v2\/posts\/773"}],"collection":[{"href":"https:\/\/blogi.ennola.fi\/index.php?rest_route=\/wp\/v2\/posts"}],"about":[{"href":"https:\/\/blogi.ennola.fi\/index.php?rest_route=\/wp\/v2\/types\/post"}],"author":[{"embeddable":true,"href":"https:\/\/blogi.ennola.fi\/index.php?rest_route=\/wp\/v2\/users\/1"}],"replies":[{"embeddable":true,"href":"https:\/\/blogi.ennola.fi\/index.php?rest_route=%2Fwp%2Fv2%2Fcomments&post=773"}],"version-history":[{"count":5,"href":"https:\/\/blogi.ennola.fi\/index.php?rest_route=\/wp\/v2\/posts\/773\/revisions"}],"predecessor-version":[{"id":5060,"href":"https:\/\/blogi.ennola.fi\/index.php?rest_route=\/wp\/v2\/posts\/773\/revisions\/5060"}],"wp:featuredmedia":[{"embeddable":true,"href":"https:\/\/blogi.ennola.fi\/index.php?rest_route=\/wp\/v2\/media\/884"}],"wp:attachment":[{"href":"https:\/\/blogi.ennola.fi\/index.php?rest_route=%2Fwp%2Fv2%2Fmedia&parent=773"}],"wp:term":[{"taxonomy":"category","embeddable":true,"href":"https:\/\/blogi.ennola.fi\/index.php?rest_route=%2Fwp%2Fv2%2Fcategories&post=773"},{"taxonomy":"post_tag","embeddable":true,"href":"https:\/\/blogi.ennola.fi\/index.php?rest_route=%2Fwp%2Fv2%2Ftags&post=773"}],"curies":[{"name":"wp","href":"https:\/\/api.w.org\/{rel}","templated":true}]}}