{"id":7835,"date":"2022-11-18T21:09:04","date_gmt":"2022-11-18T19:09:04","guid":{"rendered":"https:\/\/blogi.ennola.fi\/?p=7835"},"modified":"2023-01-08T21:15:30","modified_gmt":"2023-01-08T19:15:30","slug":"ahvenanmaan-vaellus","status":"publish","type":"post","link":"https:\/\/blogi.ennola.fi\/?p=7835","title":{"rendered":"Ahvenanmaan vaellus"},"content":{"rendered":"<p>Marraskuun alussa oli Livian er\u00e4opasopiskelijoiden kautta aikain ensimm\u00e4inen rinkkavaellus. Vaelluskohteen valinta ei ollut helppo. Vaelluksen my\u00f6h\u00e4inen ajankohta rajasi vaelluksen Etel\u00e4-Suomeen, koska tarkoituksena ei ollut talvivaellus. Alusta asti haaveilin my\u00f6s toteuttavani vaelluksen koulutuksen teeman mukaisesti saaristoymp\u00e4rist\u00f6ss\u00e4, mutta en tahtonut l\u00f6yt\u00e4\u00e4 tarpeeksi riitt\u00e4v\u00e4n isoa er\u00e4maista aluetta, mit\u00e4 kes\u00e4m\u00f6kit ja asutus eiv\u00e4t olisi pilanneet.<\/p>\n<p>Kes\u00e4ll\u00e4 meloessani Ahvenanmaan pohjoisosia olin ihastellut etel\u00e4ss\u00e4 aukeavaa horisonttia, miss\u00e4 korkeat mets\u00e4iset m\u00e4et toivat mieleeni Inarij\u00e4rven maisemat. Meloessani rannan tuntumassa havaitsin varsin laajojakin ranta-alueita ilman kes\u00e4m\u00f6kkej\u00e4. Ajatus j\u00e4i hautomaan mieleeni ja pohdin voisiko tuo olla kohde usean p\u00e4iv\u00e4n vaellukselle.<\/p>\n<p>&nbsp;<\/p>\n<div id=\"attachment_7883\" style=\"width: 460px\" class=\"wp-caption aligncenter\"><a href=\"https:\/\/blogi.ennola.fi\/wp-content\/uploads\/2022\/12\/IMG_0179b.jpg\" rel=\"lightbox[7835]\"><img loading=\"lazy\" decoding=\"async\" aria-describedby=\"caption-attachment-7883\" class=\"wp-image-7883 size-full\" title=\"Getaberget.\" src=\"https:\/\/blogi.ennola.fi\/wp-content\/uploads\/2022\/12\/IMG_0179b-1.jpg\" alt=\"\" width=\"450\" height=\"300\" srcset=\"https:\/\/blogi.ennola.fi\/wp-content\/uploads\/2022\/12\/IMG_0179b-1.jpg 450w, https:\/\/blogi.ennola.fi\/wp-content\/uploads\/2022\/12\/IMG_0179b-1-150x100.jpg 150w\" sizes=\"(max-width: 450px) 100vw, 450px\" \/><\/a><p id=\"caption-attachment-7883\" class=\"wp-caption-text\">Getaberget.<\/p><\/div>\n<p>Ehdotin kohdetta ty\u00f6parilleni ja h\u00e4n ei sit\u00e4 t\u00e4ysin tyrm\u00e4nnyt, joten lopulta teimme vaelluksemme Ahvenanmaan p\u00e4\u00e4saaren pohjoisosien laajoihin avokallioer\u00e4maihin. Hieman se etuk\u00e4teen j\u00e4nnitti, kun en ollut siell\u00e4 koskaan ennen vaeltanut ja itse asiassa en edes tied\u00e4 ket\u00e4\u00e4n, joka olisi toteuttanut l\u00e4hes viikon rinkkavaelluksen Ahvenanmaalle ennen meit\u00e4.<\/p>\n<div id=\"attachment_7897\" style=\"width: 490px\" class=\"wp-caption aligncenter\"><a href=\"https:\/\/blogi.ennola.fi\/wp-content\/uploads\/2022\/12\/Untitled-71.jpg\" rel=\"lightbox[7835]\"><img loading=\"lazy\" decoding=\"async\" aria-describedby=\"caption-attachment-7897\" class=\"wp-image-7897 size-full\" title=\"Reitti.\" src=\"https:\/\/blogi.ennola.fi\/wp-content\/uploads\/2022\/12\/Untitled-71-1.jpg\" alt=\"\" width=\"480\" height=\"331\" srcset=\"https:\/\/blogi.ennola.fi\/wp-content\/uploads\/2022\/12\/Untitled-71-1.jpg 480w, https:\/\/blogi.ennola.fi\/wp-content\/uploads\/2022\/12\/Untitled-71-1-150x103.jpg 150w\" sizes=\"(max-width: 480px) 100vw, 480px\" \/><\/a><p id=\"caption-attachment-7897\" class=\"wp-caption-text\">Reitti.<\/p><\/div>\n<p>Alue jakaantui nelj\u00e4\u00e4n laajahkoon avokallioalueeseen: Getabergen, Pettb\u00f6lebergen, Orrdals klint ja Stenr\u00f6sberget. N\u00e4iden v\u00e4liss\u00e4 jouduimme aina lyhyesti kulkemaan kulttuurimaisemassa siirtyess\u00e4mme alueelta toiselle. Vaelluksen lopullinen pituus oli 65 km ja 5 y\u00f6t\u00e4, joista kaksi nukuimme samassa paikassa ja p\u00e4iv\u00e4n k\u00e4ytimme retkeilyyn leiripaikan tuntumassa.<\/p>\n<div class=\"mceTemp\"><\/div>\n<div id=\"attachment_7884\" style=\"width: 460px\" class=\"wp-caption aligncenter\"><a href=\"https:\/\/blogi.ennola.fi\/wp-content\/uploads\/2022\/12\/IMG_0345.jpg\" rel=\"lightbox[7835]\"><img loading=\"lazy\" decoding=\"async\" aria-describedby=\"caption-attachment-7884\" class=\"wp-image-7884 size-full\" title=\"Nousu Ordals Klintille.\" src=\"https:\/\/blogi.ennola.fi\/wp-content\/uploads\/2022\/12\/IMG_0345-1.jpg\" alt=\"\" width=\"450\" height=\"296\" srcset=\"https:\/\/blogi.ennola.fi\/wp-content\/uploads\/2022\/12\/IMG_0345-1.jpg 450w, https:\/\/blogi.ennola.fi\/wp-content\/uploads\/2022\/12\/IMG_0345-1-150x99.jpg 150w\" sizes=\"(max-width: 450px) 100vw, 450px\" \/><\/a><p id=\"caption-attachment-7884\" class=\"wp-caption-text\">Nousu Ordals Klintille.<\/p><\/div>\n<div id=\"attachment_7885\" style=\"width: 460px\" class=\"wp-caption aligncenter\"><a href=\"https:\/\/blogi.ennola.fi\/wp-content\/uploads\/2022\/12\/IMG_0352.jpg\" rel=\"lightbox[7835]\"><img loading=\"lazy\" decoding=\"async\" aria-describedby=\"caption-attachment-7885\" class=\"wp-image-7885 size-full\" title=\"Matkailumaja Ordals Klintill\u00e4.\" src=\"https:\/\/blogi.ennola.fi\/wp-content\/uploads\/2022\/12\/IMG_0352-1.jpg\" alt=\"\" width=\"450\" height=\"311\" srcset=\"https:\/\/blogi.ennola.fi\/wp-content\/uploads\/2022\/12\/IMG_0352-1.jpg 450w, https:\/\/blogi.ennola.fi\/wp-content\/uploads\/2022\/12\/IMG_0352-1-150x104.jpg 150w\" sizes=\"(max-width: 450px) 100vw, 450px\" \/><\/a><p id=\"caption-attachment-7885\" class=\"wp-caption-text\">Matkailumaja Ordals Klintill\u00e4.<\/p><\/div>\n<p>Yleisest\u00e4 v\u00e4\u00e4rink\u00e4sityksest\u00e4 huolimatta Ahvenanmaalla on samankaltaiset jokamiehenoikeudet kuin manner-Suomessakin. Y\u00f6paikoistamme kaksi oli meren rannassa ja kaksi asumattomien j\u00e4rvien rannassa. Matkaa l\u00e4himp\u00e4\u00e4n asutukseen oli riitt\u00e4v\u00e4sti. Nuotiota emme maastoon tehneet, mutta pient\u00e4 tunnelmatulta pidimme ter\u00e4skattilassa.<\/p>\n<div class=\"mceTemp\"><\/div>\n<div id=\"attachment_7917\" style=\"width: 460px\" class=\"wp-caption aligncenter\"><a href=\"https:\/\/blogi.ennola.fi\/wp-content\/uploads\/2022\/12\/IMG_0266.jpg\" rel=\"lightbox[7835]\"><img loading=\"lazy\" decoding=\"async\" aria-describedby=\"caption-attachment-7917\" class=\"wp-image-7917 size-full\" title=\"Joulutunnelmaa.\" src=\"https:\/\/blogi.ennola.fi\/wp-content\/uploads\/2022\/12\/IMG_0266-1.jpg\" alt=\"\" width=\"450\" height=\"288\" srcset=\"https:\/\/blogi.ennola.fi\/wp-content\/uploads\/2022\/12\/IMG_0266-1.jpg 450w, https:\/\/blogi.ennola.fi\/wp-content\/uploads\/2022\/12\/IMG_0266-1-150x96.jpg 150w\" sizes=\"(max-width: 450px) 100vw, 450px\" \/><\/a><p id=\"caption-attachment-7917\" class=\"wp-caption-text\">Joulutunnelmaa.<\/p><\/div>\n<div id=\"attachment_7887\" style=\"width: 460px\" class=\"wp-caption aligncenter\"><a href=\"https:\/\/blogi.ennola.fi\/wp-content\/uploads\/2022\/12\/IMG_0369.jpg\" rel=\"lightbox[7835]\"><img loading=\"lazy\" decoding=\"async\" aria-describedby=\"caption-attachment-7887\" class=\"wp-image-7887 size-full\" title=\"Leiri aamulla.\" src=\"https:\/\/blogi.ennola.fi\/wp-content\/uploads\/2022\/12\/IMG_0369-1.jpg\" alt=\"\" width=\"450\" height=\"300\" srcset=\"https:\/\/blogi.ennola.fi\/wp-content\/uploads\/2022\/12\/IMG_0369-1.jpg 450w, https:\/\/blogi.ennola.fi\/wp-content\/uploads\/2022\/12\/IMG_0369-1-150x100.jpg 150w\" sizes=\"(max-width: 450px) 100vw, 450px\" \/><\/a><p id=\"caption-attachment-7887\" class=\"wp-caption-text\">Leiri aamulla.<\/p><\/div>\n<p>Kohde ja ajankohta aiheuttivat haasteita. Marraskuu oli jo varsin sateista ja kosteaa aikaa, maasto ei juurikaan en\u00e4\u00e4 kuivunut, joten kalliot olivat liukkaita ja niill\u00e4 piti kulkea varsin varovaisesti. P\u00e4iv\u00e4n lyhyys toi my\u00f6s omat haasteensa. Valoisa aika ei mill\u00e4\u00e4n tahtonut riitt\u00e4\u00e4 p\u00e4iv\u00e4n aktiviteetteihin ja useimmiten leiripaikoille saapuessamme oli jo t\u00e4ysin pime\u00e4\u00e4. Muutamaa poikkeusta lukuun ottamatta maasto oli my\u00f6s polutonta, joten suunnistaa piti koko ajan itsen\u00e4isesti. Etuk\u00e4teistietojen saaminen paikasta oli my\u00f6s vaikeaa, koska alueella vaeltaneista ei ollut tietoja.<\/p>\n<p>&nbsp;<\/p>\n<div id=\"attachment_7879\" style=\"width: 460px\" class=\"wp-caption aligncenter\"><a href=\"https:\/\/blogi.ennola.fi\/wp-content\/uploads\/2022\/12\/IMG_0219.jpg\" rel=\"lightbox[7835]\"><img loading=\"lazy\" decoding=\"async\" aria-describedby=\"caption-attachment-7879\" class=\"wp-image-7879 size-full\" title=\"Mets\u00e4ss\u00e4.\" src=\"https:\/\/blogi.ennola.fi\/wp-content\/uploads\/2022\/12\/IMG_0219-1.jpg\" alt=\"\" width=\"450\" height=\"303\" srcset=\"https:\/\/blogi.ennola.fi\/wp-content\/uploads\/2022\/12\/IMG_0219-1.jpg 450w, https:\/\/blogi.ennola.fi\/wp-content\/uploads\/2022\/12\/IMG_0219-1-150x101.jpg 150w\" sizes=\"(max-width: 450px) 100vw, 450px\" \/><\/a><p id=\"caption-attachment-7879\" class=\"wp-caption-text\">Mets\u00e4ss\u00e4.<\/p><\/div>\n<div id=\"attachment_7878\" style=\"width: 460px\" class=\"wp-caption aligncenter\"><a href=\"https:\/\/blogi.ennola.fi\/wp-content\/uploads\/2022\/12\/IMG_0227b.jpg\" rel=\"lightbox[7835]\"><img loading=\"lazy\" decoding=\"async\" aria-describedby=\"caption-attachment-7878\" class=\"wp-image-7878 size-full\" title=\"Mets\u00e4ss\u00e4 suunnistusta.\" src=\"https:\/\/blogi.ennola.fi\/wp-content\/uploads\/2022\/12\/IMG_0227b-1.jpg\" alt=\"\" width=\"450\" height=\"300\" srcset=\"https:\/\/blogi.ennola.fi\/wp-content\/uploads\/2022\/12\/IMG_0227b-1.jpg 450w, https:\/\/blogi.ennola.fi\/wp-content\/uploads\/2022\/12\/IMG_0227b-1-150x100.jpg 150w\" sizes=\"(max-width: 450px) 100vw, 450px\" \/><\/a><p id=\"caption-attachment-7878\" class=\"wp-caption-text\">Mets\u00e4ss\u00e4 suunnistusta.<\/p><\/div>\n<p>S\u00e4\u00e4 oli sateinen, mutta onneksemme kaikki runsaat sateet osuivat y\u00f6aikaan ja saimme vaeltaa p\u00e4\u00e4s\u00e4\u00e4nt\u00f6isesti kuivana. Ilmeisestik\u00e4\u00e4n koulun vanhat kangaslaavut eiv\u00e4t en\u00e4\u00e4 olleet t\u00e4ysin vedenpit\u00e4vi\u00e4, kun y\u00f6llisiss\u00e4 sateissa oli p\u00e4\u00e4ssyt vett\u00e4 tulemaan sis\u00e4\u00e4n. Varusteita kostui, mutta mit\u00e4\u00e4n ylip\u00e4\u00e4sem\u00e4tt\u00f6mi\u00e4 ongelmia ei kuitenkaan syntynyt.<\/p>\n<div class=\"mceTemp\"><\/div>\n<div id=\"attachment_7915\" style=\"width: 460px\" class=\"wp-caption aligncenter\"><a href=\"https:\/\/blogi.ennola.fi\/wp-content\/uploads\/2022\/12\/IMG_0292c.jpg\" rel=\"lightbox[7835]\"><img loading=\"lazy\" decoding=\"async\" aria-describedby=\"caption-attachment-7915\" class=\"wp-image-7915 size-full\" title=\"Kallioilla.\" src=\"https:\/\/blogi.ennola.fi\/wp-content\/uploads\/2022\/12\/IMG_0292c-1.jpg\" alt=\"\" width=\"450\" height=\"300\" srcset=\"https:\/\/blogi.ennola.fi\/wp-content\/uploads\/2022\/12\/IMG_0292c-1.jpg 450w, https:\/\/blogi.ennola.fi\/wp-content\/uploads\/2022\/12\/IMG_0292c-1-150x100.jpg 150w\" sizes=\"(max-width: 450px) 100vw, 450px\" \/><\/a><p id=\"caption-attachment-7915\" class=\"wp-caption-text\">Kallioilla.<\/p><\/div>\n<div id=\"attachment_7913\" style=\"width: 460px\" class=\"wp-caption aligncenter\"><a href=\"https:\/\/blogi.ennola.fi\/wp-content\/uploads\/2022\/12\/IMG_0300.jpg\" rel=\"lightbox[7835]\"><img loading=\"lazy\" decoding=\"async\" aria-describedby=\"caption-attachment-7913\" class=\"wp-image-7913 size-full\" title=\"Laskeutuminen pient\u00e4 rotkoa pitkin. \" src=\"https:\/\/blogi.ennola.fi\/wp-content\/uploads\/2022\/12\/IMG_0300-1.jpg\" alt=\"\" width=\"450\" height=\"300\" srcset=\"https:\/\/blogi.ennola.fi\/wp-content\/uploads\/2022\/12\/IMG_0300-1.jpg 450w, https:\/\/blogi.ennola.fi\/wp-content\/uploads\/2022\/12\/IMG_0300-1-150x100.jpg 150w\" sizes=\"(max-width: 450px) 100vw, 450px\" \/><\/a><p id=\"caption-attachment-7913\" class=\"wp-caption-text\">Laskeutuminen pient\u00e4 rotkoa pitkin.<\/p><\/div>\n<p>Tuulet vaihtelivat voimakkaasti. Parinakin y\u00f6n\u00e4 tyyni ilta vaihtui yll\u00e4 melko kovaan tuuleen, mik\u00e4 laittoi laavut ja niiden pystytyksen koetukselle. Viimeisen\u00e4 y\u00f6n\u00e4 voimakas f\u00f6hntuuli iski leiriimme ja riepotti kaikkien meid\u00e4n majoitteita ja h\u00e4iritsi y\u00f6unta. Aamun valjetessa aurinko kuitenkin paistoi pilvett\u00f6m\u00e4lt\u00e4 taivaalta ja l\u00e4mp\u00f6 p\u00e4iv\u00e4n mittaan nousi marraskuun l\u00e4mp\u00f6enn\u00e4tykseen: +15 astetta.<\/p>\n<div class=\"mceTemp\"><\/div>\n<div class=\"mceTemp\"><\/div>\n<div id=\"attachment_7894\" style=\"width: 460px\" class=\"wp-caption aligncenter\"><a href=\"https:\/\/blogi.ennola.fi\/wp-content\/uploads\/2022\/12\/IMG_0507.jpg\" rel=\"lightbox[7835]\"><img loading=\"lazy\" decoding=\"async\" aria-describedby=\"caption-attachment-7894\" class=\"wp-image-7894 size-full\" title=\"Tauko.\" src=\"https:\/\/blogi.ennola.fi\/wp-content\/uploads\/2022\/12\/IMG_0507-1.jpg\" alt=\"\" width=\"450\" height=\"309\" srcset=\"https:\/\/blogi.ennola.fi\/wp-content\/uploads\/2022\/12\/IMG_0507-1.jpg 450w, https:\/\/blogi.ennola.fi\/wp-content\/uploads\/2022\/12\/IMG_0507-1-150x103.jpg 150w\" sizes=\"(max-width: 450px) 100vw, 450px\" \/><\/a><p id=\"caption-attachment-7894\" class=\"wp-caption-text\">Tauko.<\/p><\/div>\n<div id=\"attachment_7896\" style=\"width: 460px\" class=\"wp-caption aligncenter\"><a href=\"https:\/\/blogi.ennola.fi\/wp-content\/uploads\/2022\/12\/IMG_0520c.jpg\" rel=\"lightbox[7835]\"><img loading=\"lazy\" decoding=\"async\" aria-describedby=\"caption-attachment-7896\" class=\"wp-image-7896 size-full\" title=\"Viimeinen kallioalue.\" src=\"https:\/\/blogi.ennola.fi\/wp-content\/uploads\/2022\/12\/IMG_0520c-1.jpg\" alt=\"\" width=\"450\" height=\"366\" srcset=\"https:\/\/blogi.ennola.fi\/wp-content\/uploads\/2022\/12\/IMG_0520c-1.jpg 450w, https:\/\/blogi.ennola.fi\/wp-content\/uploads\/2022\/12\/IMG_0520c-1-150x122.jpg 150w\" sizes=\"(max-width: 450px) 100vw, 450px\" \/><\/a><p id=\"caption-attachment-7896\" class=\"wp-caption-text\">Viimeinen kallioalue.<\/p><\/div>\n<p>Vaelluksen haastavin paikka oli heti ensimm\u00e4isen\u00e4 iltana, kun laskeuduimme kahden jyrk\u00e4nteen v\u00e4list\u00e4 pilkkopime\u00e4ss\u00e4 meren rantaan leiriytym\u00e4\u00e4n. Kallio oli kohtuullisen jyrkk\u00e4 ja liukas, joten en halunnut vahingossakaan p\u00e4\u00e4ty\u00e4 kummankaan jyrk\u00e4nteen p\u00e4\u00e4lle, jossa liukastuminen olisi saattanut johtaa kohtalokkaaseen putoamisen. T\u00e4ss\u00e4 tilanteessa laitoin turvallisuuden edelle ja varmistin sijaintimme GPS:ll\u00e4 jyrk\u00e4nteiden v\u00e4liss\u00e4 ennen, kuin l\u00e4hdimme laskeutumaan rinnett\u00e4 alas. Olimme juuri oikeassa v\u00e4liss\u00e4!<\/p>\n<div class=\"mceTemp\"><\/div>\n<div id=\"attachment_7882\" style=\"width: 327px\" class=\"wp-caption aligncenter\"><a href=\"https:\/\/blogi.ennola.fi\/wp-content\/uploads\/2022\/12\/IMG_0189.jpg\" rel=\"lightbox[7835]\"><img loading=\"lazy\" decoding=\"async\" aria-describedby=\"caption-attachment-7882\" class=\"wp-image-7882 size-full\" title=\"Iltapalan valmistusta.\" src=\"https:\/\/blogi.ennola.fi\/wp-content\/uploads\/2022\/12\/IMG_0189-1.jpg\" alt=\"\" width=\"317\" height=\"420\" srcset=\"https:\/\/blogi.ennola.fi\/wp-content\/uploads\/2022\/12\/IMG_0189-1.jpg 317w, https:\/\/blogi.ennola.fi\/wp-content\/uploads\/2022\/12\/IMG_0189-1-302x400.jpg 302w, https:\/\/blogi.ennola.fi\/wp-content\/uploads\/2022\/12\/IMG_0189-1-113x150.jpg 113w\" sizes=\"(max-width: 317px) 100vw, 317px\" \/><\/a><p id=\"caption-attachment-7882\" class=\"wp-caption-text\">Iltapalan valmistusta.<\/p><\/div>\n<div id=\"attachment_7877\" style=\"width: 460px\" class=\"wp-caption aligncenter\"><a href=\"https:\/\/blogi.ennola.fi\/wp-content\/uploads\/2022\/12\/IMG_0237.jpg\" rel=\"lightbox[7835]\"><img loading=\"lazy\" decoding=\"async\" aria-describedby=\"caption-attachment-7877\" class=\"wp-image-7877 size-full\" title=\"Lounastauko.\" src=\"https:\/\/blogi.ennola.fi\/wp-content\/uploads\/2022\/12\/IMG_0237-1.jpg\" alt=\"\" width=\"450\" height=\"307\" srcset=\"https:\/\/blogi.ennola.fi\/wp-content\/uploads\/2022\/12\/IMG_0237-1.jpg 450w, https:\/\/blogi.ennola.fi\/wp-content\/uploads\/2022\/12\/IMG_0237-1-150x102.jpg 150w\" sizes=\"(max-width: 450px) 100vw, 450px\" \/><\/a><p id=\"caption-attachment-7877\" class=\"wp-caption-text\">Lounastauko.<\/p><\/div>\n<div id=\"attachment_7912\" style=\"width: 460px\" class=\"wp-caption aligncenter\"><a href=\"https:\/\/blogi.ennola.fi\/wp-content\/uploads\/2022\/12\/IMG_0312.jpg\" rel=\"lightbox[7835]\"><img loading=\"lazy\" decoding=\"async\" aria-describedby=\"caption-attachment-7912\" class=\"wp-image-7912 size-full\" title=\"Lounas.\" src=\"https:\/\/blogi.ennola.fi\/wp-content\/uploads\/2022\/12\/IMG_0312-1.jpg\" alt=\"\" width=\"450\" height=\"300\" srcset=\"https:\/\/blogi.ennola.fi\/wp-content\/uploads\/2022\/12\/IMG_0312-1.jpg 450w, https:\/\/blogi.ennola.fi\/wp-content\/uploads\/2022\/12\/IMG_0312-1-150x100.jpg 150w\" sizes=\"(max-width: 450px) 100vw, 450px\" \/><\/a><p id=\"caption-attachment-7912\" class=\"wp-caption-text\">Lounas.<\/p><\/div>\n<p>Juomavett\u00e4 ker\u00e4simme j\u00e4rvist\u00e4 ja lammista, luonnontilaisista puroista sek\u00e4 kallioiden sadevesilammikoista. Veden suodatin oli k\u00e4yt\u00f6ss\u00e4 silloin, kun vesi oli ep\u00e4ilytt\u00e4v\u00e4\u00e4 ja sit\u00e4 ei keitetty. Kaikkea k\u00e4ytt\u00e4m\u00e4\u00e4mme juomavett\u00e4 emme kuitenkaan keitt\u00e4neet tai suodattaneet ennen k\u00e4ytt\u00f6\u00e4.<\/p>\n<p>Ennen retke\u00e4 olimme valmistelleet erilasia kuiva-aineksia koulun keitti\u00f6ss\u00e4 ja kuivanneet ne kuivurilla. Tarkoitus oli kokeilla eri ruoka-aineiden kuivatusta ja saada itse tehdyist\u00e4 aineksista vaihtelua ruokiin. Ruuat suunniteltiin ja tehtiin 2\u20133 hengen ryhmiss\u00e4. P\u00e4iv\u00e4ss\u00e4 oli kolme l\u00e4mmint\u00e4 ruokaa: aamiainen, nopeasti valmistuva lounas ja p\u00e4iv\u00e4llinen.<\/p>\n<p>Koska vaellus oli ty\u00f6reissu, meill\u00e4 oli my\u00f6s oppimistavoitteita. Keskeinen oppimistavoite olivat tietysti vaellustaidot noin yleens\u00e4 ja hieman kevytretkeilyn ajattelua. Suunnistus polkuverkoston ulkopuolella oli my\u00f6s keskeinen oppimistavoite, miss\u00e4 tapahtui selv\u00e4\u00e4 kehityst\u00e4 reissun aikana. Ohjaustaitoja harjoittelimme ohjausteht\u00e4vien ja suunnistusvuorojen muodossa. Alkumatkasta kuljimme yhdess\u00e4 ryhm\u00e4ss\u00e4, sen j\u00e4lkeen siirryimme kulkemaan kahtena ohjaajavetoisena ryhm\u00e4n\u00e4 ja viimeisen\u00e4 p\u00e4iv\u00e4n\u00e4 opiskelijat vaelsivat pienryhmiss\u00e4\u00e4n kesken\u00e4\u00e4n.<\/p>\n<div id=\"attachment_7880\" style=\"width: 460px\" class=\"wp-caption aligncenter\"><a href=\"https:\/\/blogi.ennola.fi\/wp-content\/uploads\/2022\/12\/IMG_0210b.jpg\" rel=\"lightbox[7835]\"><img loading=\"lazy\" decoding=\"async\" aria-describedby=\"caption-attachment-7880\" class=\"wp-image-7880 size-full\" title=\"Suunnistusta avokallioalueella.\" src=\"https:\/\/blogi.ennola.fi\/wp-content\/uploads\/2022\/12\/IMG_0210b-1.jpg\" alt=\"\" width=\"450\" height=\"303\" srcset=\"https:\/\/blogi.ennola.fi\/wp-content\/uploads\/2022\/12\/IMG_0210b-1.jpg 450w, https:\/\/blogi.ennola.fi\/wp-content\/uploads\/2022\/12\/IMG_0210b-1-150x101.jpg 150w\" sizes=\"(max-width: 450px) 100vw, 450px\" \/><\/a><p id=\"caption-attachment-7880\" class=\"wp-caption-text\">Suunnistusta avokallioalueella.<\/p><\/div>\n<div class=\"mceTemp\"><\/div>\n<div id=\"attachment_7914\" style=\"width: 460px\" class=\"wp-caption aligncenter\"><a href=\"https:\/\/blogi.ennola.fi\/wp-content\/uploads\/2022\/12\/IMG_0295.jpg\" rel=\"lightbox[7835]\"><img loading=\"lazy\" decoding=\"async\" aria-describedby=\"caption-attachment-7914\" class=\"wp-image-7914 size-full\" title=\"Kartanlukua.\" src=\"https:\/\/blogi.ennola.fi\/wp-content\/uploads\/2022\/12\/IMG_0295-1.jpg\" alt=\"\" width=\"450\" height=\"311\" srcset=\"https:\/\/blogi.ennola.fi\/wp-content\/uploads\/2022\/12\/IMG_0295-1.jpg 450w, https:\/\/blogi.ennola.fi\/wp-content\/uploads\/2022\/12\/IMG_0295-1-150x104.jpg 150w\" sizes=\"(max-width: 450px) 100vw, 450px\" \/><\/a><p id=\"caption-attachment-7914\" class=\"wp-caption-text\">Kartanlukua.<\/p><\/div>\n<p>Jokainen opiskelija ohjasi puolentunnin mittaisen tuokion itselleen tutusta aiheesta. Ohjelmassa oli aamujoogaa, jalkahuoltoa ja aistiharjoitusta. Solmimme paracord-rannekkeita, ja valmistimme popcornia retkikeittimell\u00e4. P\u00e4\u00e4simme tutustumaan kalastukseen, tutustuimme luonnon yksityiskohtiin oppimispiiriss\u00e4 ja opettelimme Ahvenanmaan kuntia pallopelin avulla.<\/p>\n<div class=\"mceTemp\"><\/div>\n<div id=\"attachment_7881\" style=\"width: 460px\" class=\"wp-caption aligncenter\"><a href=\"https:\/\/blogi.ennola.fi\/wp-content\/uploads\/2022\/12\/IMG_0207b.jpg\" rel=\"lightbox[7835]\"><img loading=\"lazy\" decoding=\"async\" aria-describedby=\"caption-attachment-7881\" class=\"wp-image-7881 size-full\" title=\"Aamujooga.\" src=\"https:\/\/blogi.ennola.fi\/wp-content\/uploads\/2022\/12\/IMG_0207b-1.jpg\" alt=\"\" width=\"450\" height=\"307\" srcset=\"https:\/\/blogi.ennola.fi\/wp-content\/uploads\/2022\/12\/IMG_0207b-1.jpg 450w, https:\/\/blogi.ennola.fi\/wp-content\/uploads\/2022\/12\/IMG_0207b-1-150x102.jpg 150w\" sizes=\"(max-width: 450px) 100vw, 450px\" \/><\/a><p id=\"caption-attachment-7881\" class=\"wp-caption-text\">Aamujooga.<\/p><\/div>\n<div id=\"attachment_7890\" style=\"width: 460px\" class=\"wp-caption aligncenter\"><a href=\"https:\/\/blogi.ennola.fi\/wp-content\/uploads\/2022\/12\/IMG_0432.jpg\" rel=\"lightbox[7835]\"><img loading=\"lazy\" decoding=\"async\" aria-describedby=\"caption-attachment-7890\" class=\"wp-image-7890 size-full\" title=\"Rannekkeen tekoa.\" src=\"https:\/\/blogi.ennola.fi\/wp-content\/uploads\/2022\/12\/IMG_0432-1.jpg\" alt=\"\" width=\"450\" height=\"312\" srcset=\"https:\/\/blogi.ennola.fi\/wp-content\/uploads\/2022\/12\/IMG_0432-1.jpg 450w, https:\/\/blogi.ennola.fi\/wp-content\/uploads\/2022\/12\/IMG_0432-1-150x104.jpg 150w\" sizes=\"(max-width: 450px) 100vw, 450px\" \/><\/a><p id=\"caption-attachment-7890\" class=\"wp-caption-text\">Rannekkeen tekoa.<\/p><\/div>\n<div id=\"attachment_7892\" style=\"width: 460px\" class=\"wp-caption aligncenter\"><a href=\"https:\/\/blogi.ennola.fi\/wp-content\/uploads\/2022\/12\/IMG_0488b.jpg\" rel=\"lightbox[7835]\"><img loading=\"lazy\" decoding=\"async\" aria-describedby=\"caption-attachment-7892\" class=\"wp-image-7892 size-full\" title=\"Pallopeli\u00e4.\" src=\"https:\/\/blogi.ennola.fi\/wp-content\/uploads\/2022\/12\/IMG_0488b-1.jpg\" alt=\"\" width=\"450\" height=\"300\" srcset=\"https:\/\/blogi.ennola.fi\/wp-content\/uploads\/2022\/12\/IMG_0488b-1.jpg 450w, https:\/\/blogi.ennola.fi\/wp-content\/uploads\/2022\/12\/IMG_0488b-1-150x100.jpg 150w\" sizes=\"(max-width: 450px) 100vw, 450px\" \/><\/a><p id=\"caption-attachment-7892\" class=\"wp-caption-text\">Pallopeli\u00e4.<\/p><\/div>\n<div id=\"attachment_7893\" style=\"width: 352px\" class=\"wp-caption aligncenter\"><a href=\"https:\/\/blogi.ennola.fi\/wp-content\/uploads\/2022\/12\/IMG_0493b.jpg\" rel=\"lightbox[7835]\"><img loading=\"lazy\" decoding=\"async\" aria-describedby=\"caption-attachment-7893\" class=\"wp-image-7893 size-full\" title=\"Jalkojen huolto.\" src=\"https:\/\/blogi.ennola.fi\/wp-content\/uploads\/2022\/12\/IMG_0493b-1.jpg\" alt=\"\" width=\"342\" height=\"420\" srcset=\"https:\/\/blogi.ennola.fi\/wp-content\/uploads\/2022\/12\/IMG_0493b-1.jpg 342w, https:\/\/blogi.ennola.fi\/wp-content\/uploads\/2022\/12\/IMG_0493b-1-326x400.jpg 326w, https:\/\/blogi.ennola.fi\/wp-content\/uploads\/2022\/12\/IMG_0493b-1-122x150.jpg 122w\" sizes=\"(max-width: 342px) 100vw, 342px\" \/><\/a><p id=\"caption-attachment-7893\" class=\"wp-caption-text\">Jalkojen huolto.<\/p><\/div>\n<p>Lepop\u00e4iv\u00e4n aamuna oli ensiapuharjoitus, jossa harjoittelimme tuki- ja liikuntaelinten vammoja. Ryhm\u00e4l\u00e4isille oli sattunut solisluun ja kyyn\u00e4rvarren murtuma sek\u00e4 nilkan nyrj\u00e4hdys. Illaksi j\u00e4rjestimme lyhyen y\u00f6suunnistusharjoituksen. Reitti ei ollut pitk\u00e4, mutta pimeys ja hieman suurpiirteinen pulautuskartta lis\u00e4siv\u00e4t haastetta.<\/p>\n<p>Iltasin kokoonnuimme puimaan p\u00e4iv\u00e4n tapahtumia ja tuntemuksia reflektion parissa pienen tunnelmatulen \u00e4\u00e4reen. Yleens\u00e4 reflektiot pitiv\u00e4t sis\u00e4ll\u00e4\u00e4n pienen teht\u00e4v\u00e4n, jonka tarkoituksena oli her\u00e4tt\u00e4\u00e4 ajatuksia sek\u00e4 helpottaa keskustelua. Reflektiot p\u00e4\u00e4ttyiv\u00e4t vapaampaa keskusteluun kunkin p\u00e4iv\u00e4n aikana esiin nousseista aiheista. Retken yksi oppimistavoitteista eli turvallisuustaidot olivat yksi t\u00e4rkeist\u00e4 keskustelun aiheista.<\/p>\n<div id=\"attachment_7891\" style=\"width: 460px\" class=\"wp-caption aligncenter\"><a href=\"https:\/\/blogi.ennola.fi\/wp-content\/uploads\/2022\/12\/IMG_0443.jpg\" rel=\"lightbox[7835]\"><img loading=\"lazy\" decoding=\"async\" aria-describedby=\"caption-attachment-7891\" class=\"wp-image-7891 size-full\" title=\"Leiri kuun valossa.\" src=\"https:\/\/blogi.ennola.fi\/wp-content\/uploads\/2022\/12\/IMG_0443-1.jpg\" alt=\"\" width=\"450\" height=\"300\" srcset=\"https:\/\/blogi.ennola.fi\/wp-content\/uploads\/2022\/12\/IMG_0443-1.jpg 450w, https:\/\/blogi.ennola.fi\/wp-content\/uploads\/2022\/12\/IMG_0443-1-150x100.jpg 150w\" sizes=\"(max-width: 450px) 100vw, 450px\" \/><\/a><p id=\"caption-attachment-7891\" class=\"wp-caption-text\">Leiri kuun valossa.<\/p><\/div>\n<div class=\"mceTemp\"><\/div>\n<div id=\"attachment_7916\" style=\"width: 460px\" class=\"wp-caption aligncenter\"><a href=\"https:\/\/blogi.ennola.fi\/wp-content\/uploads\/2022\/12\/IMG_0278b.jpg\" rel=\"lightbox[7835]\"><img loading=\"lazy\" decoding=\"async\" aria-describedby=\"caption-attachment-7916\" class=\"wp-image-7916 size-full\" title=\"Iltareflektio.\" src=\"https:\/\/blogi.ennola.fi\/wp-content\/uploads\/2022\/12\/IMG_0278b-1.jpg\" alt=\"\" width=\"450\" height=\"321\" srcset=\"https:\/\/blogi.ennola.fi\/wp-content\/uploads\/2022\/12\/IMG_0278b-1.jpg 450w, https:\/\/blogi.ennola.fi\/wp-content\/uploads\/2022\/12\/IMG_0278b-1-150x107.jpg 150w\" sizes=\"(max-width: 450px) 100vw, 450px\" \/><\/a><p id=\"caption-attachment-7916\" class=\"wp-caption-text\">Iltareflektio.<\/p><\/div>\n<p>Ihan ilman vaaratilanteita tai vahinkoja reissustamme emme selvinneet. My\u00f6h\u00e4isest\u00e4 ajankohdasta huolimatta punkkeja saimme poistaa ihan p\u00e4ivitt\u00e4in ja varmaan jokaisella oli v\u00e4hint\u00e4\u00e4n yksi punkki jossain vaiheessa ihollaan kiinni. Heti alkumatkasta yht\u00e4 oppilasta vaivasi ripuli. Niin alussa, ett\u00e4 syy siihen ei varmaankaan ollut se, mit\u00e4 reissussa joimme tai s\u00f6imme. K\u00e4velless\u00e4 er\u00e4s oppilas sai oksasta pahasti silm\u00e4\u00e4ns\u00e4. Silm\u00e4 punoitti pahasti ja siin\u00e4 oli verta n\u00e4ht\u00e4viss\u00e4, mutta sekin onneksi parani itsekseen eik\u00e4 aiheuttanut toimenpiteit\u00e4. Ainut l\u00e4\u00e4k\u00e4rihoitoa edellytt\u00e4nyt tapaturma sattui jo varsinaisen reissun loputtua Mariebadin vesiliukum\u00e4ess\u00e4, mutta sekin sitten osoittautui vain ruhjeeksi, vaikka olikin ollut hyvin kipe\u00e4.<\/p>\n<p>&nbsp;<\/p>\n<div id=\"attachment_7895\" style=\"width: 460px\" class=\"wp-caption aligncenter\"><a href=\"https:\/\/blogi.ennola.fi\/wp-content\/uploads\/2022\/12\/IMG_0511.jpg\" rel=\"lightbox[7835]\"><img loading=\"lazy\" decoding=\"async\" aria-describedby=\"caption-attachment-7895\" class=\"wp-image-7895 size-full\" title=\"Mets\u00e4.\" src=\"https:\/\/blogi.ennola.fi\/wp-content\/uploads\/2022\/12\/IMG_0511-1.jpg\" alt=\"\" width=\"450\" height=\"300\" srcset=\"https:\/\/blogi.ennola.fi\/wp-content\/uploads\/2022\/12\/IMG_0511-1.jpg 450w, https:\/\/blogi.ennola.fi\/wp-content\/uploads\/2022\/12\/IMG_0511-1-150x100.jpg 150w\" sizes=\"(max-width: 450px) 100vw, 450px\" \/><\/a><p id=\"caption-attachment-7895\" class=\"wp-caption-text\">Mets\u00e4.<\/p><\/div>\n<p>Ahvenanmaan luonto yll\u00e4tti meid\u00e4t positiivisesti. Kallioalueiden mets\u00e4t olivat viel\u00e4 monin paikoin koskemattomia ja tunnelma h\u00e4mm\u00e4stytt\u00e4v\u00e4n er\u00e4mainen, kun korkeilta m\u00e4ilt\u00e4 n\u00e4kyi vain metsi\u00e4, toisia korkeita m\u00e4ki\u00e4 ja merta. Pari leiripaikkaa oli meren rannassa, mik\u00e4 sekin oli itselleni uusi kokemus. Toki paljon oli metsi\u00e4 my\u00f6s hakattu, avokallioilla kulki m\u00f6kkiteit\u00e4 meren rantaan ja v\u00e4lill\u00e4 jouduimme kulkemaan teit\u00e4 pitkin siirtyess\u00e4mme kallioalueelta toiselle. Getan ja Ordals klintin kallioalueilla oli my\u00f6s kiinnostavia luolia, joihin k\u00e4vimme tutustumassa.<\/p>\n<div class=\"mceTemp\"><\/div>\n<div id=\"attachment_7888\" style=\"width: 293px\" class=\"wp-caption aligncenter\"><a href=\"https:\/\/blogi.ennola.fi\/wp-content\/uploads\/2022\/12\/IMG_0407b.jpg\" rel=\"lightbox[7835]\"><img loading=\"lazy\" decoding=\"async\" aria-describedby=\"caption-attachment-7888\" class=\"wp-image-7888 size-full\" title=\"Halkeamaluola.\" src=\"https:\/\/blogi.ennola.fi\/wp-content\/uploads\/2022\/12\/IMG_0407b-1.jpg\" alt=\"\" width=\"283\" height=\"420\" srcset=\"https:\/\/blogi.ennola.fi\/wp-content\/uploads\/2022\/12\/IMG_0407b-1.jpg 283w, https:\/\/blogi.ennola.fi\/wp-content\/uploads\/2022\/12\/IMG_0407b-1-270x400.jpg 270w, https:\/\/blogi.ennola.fi\/wp-content\/uploads\/2022\/12\/IMG_0407b-1-101x150.jpg 101w\" sizes=\"(max-width: 283px) 100vw, 283px\" \/><\/a><p id=\"caption-attachment-7888\" class=\"wp-caption-text\">Halkeamaluola.<\/p><\/div>\n<div id=\"attachment_7889\" style=\"width: 460px\" class=\"wp-caption aligncenter\"><a href=\"https:\/\/blogi.ennola.fi\/wp-content\/uploads\/2022\/12\/IMG_0417b.jpg\" rel=\"lightbox[7835]\"><img loading=\"lazy\" decoding=\"async\" aria-describedby=\"caption-attachment-7889\" class=\"wp-image-7889 size-full\" title=\"Lippaluola.\" src=\"https:\/\/blogi.ennola.fi\/wp-content\/uploads\/2022\/12\/IMG_0417b-1.jpg\" alt=\"\" width=\"450\" height=\"299\" srcset=\"https:\/\/blogi.ennola.fi\/wp-content\/uploads\/2022\/12\/IMG_0417b-1.jpg 450w, https:\/\/blogi.ennola.fi\/wp-content\/uploads\/2022\/12\/IMG_0417b-1-150x100.jpg 150w\" sizes=\"(max-width: 450px) 100vw, 450px\" \/><\/a><p id=\"caption-attachment-7889\" class=\"wp-caption-text\">Lippaluola.<\/p><\/div>\n<p>Merikotkia n\u00e4imme runsaasti, muutamia hiirihaukkoja ja varpushaukkoja tuli vastaan. Korppeja ja variksia oli my\u00f6s paljon liikkeell\u00e4. Yhdell\u00e4 leiripaikalla peukaloinen lauloi kova\u00e4\u00e4nisesti aamulla. Hienointa oli kuitenkin huomata, ett\u00e4 t\u00e4\u00e4ll\u00e4 viel\u00e4 oli h\u00f6m\u00f6tiaisia vanhaan malliin. L\u00e4hes joka leiripaikassa kuului h\u00f6m\u00f6tiaisen kutsu\u00e4\u00e4ni tiaisparvessa.<\/p>\n<div class=\"mceTemp\"><\/div>\n<div id=\"attachment_7886\" style=\"width: 460px\" class=\"wp-caption aligncenter\"><a href=\"https:\/\/blogi.ennola.fi\/wp-content\/uploads\/2022\/12\/IMG_0361.jpg\" rel=\"lightbox[7835]\"><img loading=\"lazy\" decoding=\"async\" aria-describedby=\"caption-attachment-7886\" class=\"wp-image-7886 size-full\" title=\"Ryhm\u00e4kuva.\" src=\"https:\/\/blogi.ennola.fi\/wp-content\/uploads\/2022\/12\/IMG_0361-1.jpg\" alt=\"\" width=\"450\" height=\"287\" srcset=\"https:\/\/blogi.ennola.fi\/wp-content\/uploads\/2022\/12\/IMG_0361-1.jpg 450w, https:\/\/blogi.ennola.fi\/wp-content\/uploads\/2022\/12\/IMG_0361-1-150x96.jpg 150w\" sizes=\"(max-width: 450px) 100vw, 450px\" \/><\/a><p id=\"caption-attachment-7886\" class=\"wp-caption-text\">Ryhm\u00e4kuva.<\/p><\/div>\n<p>Maasto ei juuri valmiita polkuja tai leiripaikkoja tarjonnut, mutta mahtavia oppimiskokemuksia suunnistuksen ja retkeilyn saralla. Seikkailukasvatuksen siemen tuli ryhm\u00e4\u00e4n kylvetty\u00e4 ja retkelt\u00e4 palasi mahtava ryhm\u00e4 hitsautuneena yhteen.<\/p>\n","protected":false},"excerpt":{"rendered":"<p>Marraskuun alussa oli Livian er\u00e4opasopiskelijoiden kautta aikain ensimm\u00e4inen rinkkavaellus. Vaelluskohteen valinta ei ollut helppo. Vaelluksen my\u00f6h\u00e4inen ajankohta rajasi vaelluksen Etel\u00e4-Suomeen, koska tarkoituksena ei ollut talvivaellus. Alusta asti haaveilin&#8230;<\/p>\n","protected":false},"author":1,"featured_media":7918,"comment_status":"open","ping_status":"open","sticky":false,"template":"","format":"standard","meta":{"footnotes":""},"categories":[3,5,27],"tags":[],"_links":{"self":[{"href":"https:\/\/blogi.ennola.fi\/index.php?rest_route=\/wp\/v2\/posts\/7835"}],"collection":[{"href":"https:\/\/blogi.ennola.fi\/index.php?rest_route=\/wp\/v2\/posts"}],"about":[{"href":"https:\/\/blogi.ennola.fi\/index.php?rest_route=\/wp\/v2\/types\/post"}],"author":[{"embeddable":true,"href":"https:\/\/blogi.ennola.fi\/index.php?rest_route=\/wp\/v2\/users\/1"}],"replies":[{"embeddable":true,"href":"https:\/\/blogi.ennola.fi\/index.php?rest_route=%2Fwp%2Fv2%2Fcomments&post=7835"}],"version-history":[{"count":5,"href":"https:\/\/blogi.ennola.fi\/index.php?rest_route=\/wp\/v2\/posts\/7835\/revisions"}],"predecessor-version":[{"id":8120,"href":"https:\/\/blogi.ennola.fi\/index.php?rest_route=\/wp\/v2\/posts\/7835\/revisions\/8120"}],"wp:featuredmedia":[{"embeddable":true,"href":"https:\/\/blogi.ennola.fi\/index.php?rest_route=\/wp\/v2\/media\/7918"}],"wp:attachment":[{"href":"https:\/\/blogi.ennola.fi\/index.php?rest_route=%2Fwp%2Fv2%2Fmedia&parent=7835"}],"wp:term":[{"taxonomy":"category","embeddable":true,"href":"https:\/\/blogi.ennola.fi\/index.php?rest_route=%2Fwp%2Fv2%2Fcategories&post=7835"},{"taxonomy":"post_tag","embeddable":true,"href":"https:\/\/blogi.ennola.fi\/index.php?rest_route=%2Fwp%2Fv2%2Ftags&post=7835"}],"curies":[{"name":"wp","href":"https:\/\/api.w.org\/{rel}","templated":true}]}}