{"id":8012,"date":"2022-12-12T15:51:20","date_gmt":"2022-12-12T13:51:20","guid":{"rendered":"https:\/\/blogi.ennola.fi\/?p=8012"},"modified":"2023-03-16T01:19:40","modified_gmt":"2023-03-15T23:19:40","slug":"talvinen-melontaretki","status":"publish","type":"post","link":"https:\/\/blogi.ennola.fi\/?p=8012","title":{"rendered":"Talvinen melontaretki"},"content":{"rendered":"<p>K\u00e4vin parin y\u00f6n melontaretkell\u00e4 itsen\u00e4isyysp\u00e4iv\u00e4n kunniaksi. S\u00e4\u00e4tiedotus lupasi pikkupakkasta, hetkitt\u00e4ist\u00e4 auringonpaistetta ja heikkoa tuulta. Viel\u00e4 oli meri avoin, vaikka merkkej\u00e4 sen j\u00e4\u00e4tymisest\u00e4 oli jo havaittavissa. Paraisten p\u00e4\u00e4saaressa oli jo lunta, mutta l\u00e4ht\u00f6paikkani Granvik ja saaristo sen edustalla olivat viel\u00e4 lumettomia.<\/p>\n<p>Peter oli l\u00e4hd\u00f6ss\u00e4 vesille samoihin aikoihin, mutta h\u00e4nell\u00e4 oli aikaa vain yhteen y\u00f6h\u00f6n ja l\u00e4htem\u00e4\u00e4nkin h\u00e4n p\u00e4\u00e4si vasta minua my\u00f6hemmin. Niinp\u00e4 sovimme n\u00e4kev\u00e4mme illalla leirisaaressa ennen auringonlaskua.<\/p>\n<div id=\"attachment_8032\" style=\"width: 460px\" class=\"wp-caption aligncenter\"><a href=\"https:\/\/blogi.ennola.fi\/wp-content\/uploads\/2022\/12\/DSCI1359.jpg\" rel=\"lightbox[8012]\"><img loading=\"lazy\" decoding=\"async\" aria-describedby=\"caption-attachment-8032\" class=\"wp-image-8032 size-full\" title=\"Harvinainen talviaurinko.\" src=\"https:\/\/blogi.ennola.fi\/wp-content\/uploads\/2022\/12\/DSCI1359-1.jpg\" alt=\"\" width=\"450\" height=\"300\" srcset=\"https:\/\/blogi.ennola.fi\/wp-content\/uploads\/2022\/12\/DSCI1359-1.jpg 450w, https:\/\/blogi.ennola.fi\/wp-content\/uploads\/2022\/12\/DSCI1359-1-150x100.jpg 150w\" sizes=\"(max-width: 450px) 100vw, 450px\" \/><\/a><p id=\"caption-attachment-8032\" class=\"wp-caption-text\">Harvinainen talviaurinko.<\/p><\/div>\n<div id=\"attachment_8030\" style=\"width: 490px\" class=\"wp-caption aligncenter\"><a href=\"https:\/\/blogi.ennola.fi\/wp-content\/uploads\/2022\/12\/Bjurskar_Panorama6.jpg\" rel=\"lightbox[8012]\"><img loading=\"lazy\" decoding=\"async\" aria-describedby=\"caption-attachment-8030\" class=\"wp-image-8030 size-full\" title=\"Knapul\u00f6n.\" src=\"https:\/\/blogi.ennola.fi\/wp-content\/uploads\/2022\/12\/Bjurskar_Panorama6-1.jpg\" alt=\"\" width=\"480\" height=\"105\" srcset=\"https:\/\/blogi.ennola.fi\/wp-content\/uploads\/2022\/12\/Bjurskar_Panorama6-1.jpg 480w, https:\/\/blogi.ennola.fi\/wp-content\/uploads\/2022\/12\/Bjurskar_Panorama6-1-150x33.jpg 150w\" sizes=\"(max-width: 480px) 100vw, 480px\" \/><\/a><p id=\"caption-attachment-8030\" class=\"wp-caption-text\">Knapul\u00f6n.<\/p><\/div>\n<p>Vesille p\u00e4\u00e4sin reilusti ennen puolta p\u00e4iv\u00e4\u00e4, joten tein pienen lenkin Gullkronan sel\u00e4n reunaan, miss\u00e4 pidin ev\u00e4s- ja valokuvaustauon. Siin\u00e4 lounastauolla tein ensimm\u00e4isen hyljehavaintoni. Olikohan seurannut minua, mutta heti rantauduttuani hetken katseli ymp\u00e4rilleen muutaman kymmenen metrin p\u00e4\u00e4ss\u00e4 minusta.<\/p>\n<p>L\u00e4htiess\u00e4ni tauolta liikkeelle lorautin termospullostani tilkan l\u00e4mmint\u00e4 teet\u00e4 hanskoihin, jotta k\u00e4det olisivat l\u00e4mpim\u00e4t heti, kun vedin aiemmin kostuneet hanskat k\u00e4teen. Ilman tuota niksi\u00e4 saisi odotella puolesta tunnista tuntiin ennen, kuin hanskoihin kertynyt kylm\u00e4 vesi olisi omalla l\u00e4mm\u00f6ll\u00e4 l\u00e4mmennyt. Sielt\u00e4 sitten meloin leirisaareemme, jonne Peterkin kohta saapui.<\/p>\n<div id=\"attachment_8046\" style=\"width: 490px\" class=\"wp-caption aligncenter\"><a href=\"https:\/\/blogi.ennola.fi\/wp-content\/uploads\/2022\/12\/Bjurskar_Panorama5.jpg\" rel=\"lightbox[8012]\"><img loading=\"lazy\" decoding=\"async\" aria-describedby=\"caption-attachment-8046\" class=\"wp-image-8046 size-full\" title=\"Bjursk\u00e4r.\" src=\"https:\/\/blogi.ennola.fi\/wp-content\/uploads\/2022\/12\/Bjurskar_Panorama5-1.jpg\" alt=\"\" width=\"480\" height=\"196\" srcset=\"https:\/\/blogi.ennola.fi\/wp-content\/uploads\/2022\/12\/Bjurskar_Panorama5-1.jpg 480w, https:\/\/blogi.ennola.fi\/wp-content\/uploads\/2022\/12\/Bjurskar_Panorama5-1-150x61.jpg 150w\" sizes=\"(max-width: 480px) 100vw, 480px\" \/><\/a><p id=\"caption-attachment-8046\" class=\"wp-caption-text\">Bjursk\u00e4r.<\/p><\/div>\n<div id=\"attachment_8045\" style=\"width: 490px\" class=\"wp-caption aligncenter\"><a href=\"https:\/\/blogi.ennola.fi\/wp-content\/uploads\/2022\/12\/Bjurskar_Panorama7.jpg\" rel=\"lightbox[8012]\"><img loading=\"lazy\" decoding=\"async\" aria-describedby=\"caption-attachment-8045\" class=\"wp-image-8045 size-full\" title=\"Bjursk\u00e4r.\" src=\"https:\/\/blogi.ennola.fi\/wp-content\/uploads\/2022\/12\/Bjurskar_Panorama7-1.jpg\" alt=\"\" width=\"480\" height=\"237\" srcset=\"https:\/\/blogi.ennola.fi\/wp-content\/uploads\/2022\/12\/Bjurskar_Panorama7-1.jpg 480w, https:\/\/blogi.ennola.fi\/wp-content\/uploads\/2022\/12\/Bjurskar_Panorama7-1-150x74.jpg 150w\" sizes=\"(max-width: 480px) 100vw, 480px\" \/><\/a><p id=\"caption-attachment-8045\" class=\"wp-caption-text\">Bjursk\u00e4r.<\/p><\/div>\n<p>Y\u00f6pymissaaren ymp\u00e4rist\u00f6ss\u00e4 oli satap\u00e4isi\u00e4 telkk\u00e4parvia ja pienempi\u00e4 isokoskeloparvia. Hein\u00e4sorsia oli suojaisemmissa paikoissa ja molemmanlajisia joutsenperheit\u00e4 oli siell\u00e4 t\u00e4\u00e4ll\u00e4. Saaressa oleskeli tinttiparvi, josta sain tunnistettua molemmat keltatiaiset, t\u00f6yht\u00f6tiaisen, puukiipij\u00e4n ja hippi\u00e4isen. H\u00f6m\u00f6tintist\u00e4 ei tullut havaintoa.<\/p>\n<div id=\"attachment_8035\" style=\"width: 460px\" class=\"wp-caption aligncenter\"><a href=\"https:\/\/blogi.ennola.fi\/wp-content\/uploads\/2022\/12\/IMG_1955.jpg\" rel=\"lightbox[8012]\"><img loading=\"lazy\" decoding=\"async\" aria-describedby=\"caption-attachment-8035\" class=\"wp-image-8035 size-full\" title=\"Peter saapuu.\" src=\"https:\/\/blogi.ennola.fi\/wp-content\/uploads\/2022\/12\/IMG_1955-1.jpg\" alt=\"\" width=\"450\" height=\"288\" srcset=\"https:\/\/blogi.ennola.fi\/wp-content\/uploads\/2022\/12\/IMG_1955-1.jpg 450w, https:\/\/blogi.ennola.fi\/wp-content\/uploads\/2022\/12\/IMG_1955-1-150x96.jpg 150w\" sizes=\"(max-width: 450px) 100vw, 450px\" \/><\/a><p id=\"caption-attachment-8035\" class=\"wp-caption-text\">Peter saapuu.<\/p><\/div>\n<div id=\"attachment_8036\" style=\"width: 460px\" class=\"wp-caption aligncenter\"><a href=\"https:\/\/blogi.ennola.fi\/wp-content\/uploads\/2022\/12\/IMG_2010.jpg\" rel=\"lightbox[8012]\"><img loading=\"lazy\" decoding=\"async\" aria-describedby=\"caption-attachment-8036\" class=\"wp-image-8036 size-full\" title=\"Pieni kaminateltta.\" src=\"https:\/\/blogi.ennola.fi\/wp-content\/uploads\/2022\/12\/IMG_2010-1.jpg\" alt=\"\" width=\"450\" height=\"295\" srcset=\"https:\/\/blogi.ennola.fi\/wp-content\/uploads\/2022\/12\/IMG_2010-1.jpg 450w, https:\/\/blogi.ennola.fi\/wp-content\/uploads\/2022\/12\/IMG_2010-1-150x98.jpg 150w\" sizes=\"(max-width: 450px) 100vw, 450px\" \/><\/a><p id=\"caption-attachment-8036\" class=\"wp-caption-text\">Pieni kaminateltta.<\/p><\/div>\n<div id=\"attachment_8031\" style=\"width: 325px\" class=\"wp-caption aligncenter\"><a href=\"https:\/\/blogi.ennola.fi\/wp-content\/uploads\/2022\/12\/Bjurskar.jpg\" rel=\"lightbox[8012]\"><img loading=\"lazy\" decoding=\"async\" aria-describedby=\"caption-attachment-8031\" class=\"wp-image-8031 size-full\" title=\"Ruuan valmistusta kaminalla.\" src=\"https:\/\/blogi.ennola.fi\/wp-content\/uploads\/2022\/12\/Bjurskar-1.jpg\" alt=\"\" width=\"315\" height=\"420\" srcset=\"https:\/\/blogi.ennola.fi\/wp-content\/uploads\/2022\/12\/Bjurskar-1.jpg 315w, https:\/\/blogi.ennola.fi\/wp-content\/uploads\/2022\/12\/Bjurskar-1-300x400.jpg 300w, https:\/\/blogi.ennola.fi\/wp-content\/uploads\/2022\/12\/Bjurskar-1-113x150.jpg 113w\" sizes=\"(max-width: 315px) 100vw, 315px\" \/><\/a><p id=\"caption-attachment-8031\" class=\"wp-caption-text\">Ruuan valmistusta kaminalla.<\/p><\/div>\n<p>Peterin j\u00e4\u00e4dess\u00e4 valmistelemaan leiripaikkaa l\u00e4hdin viel\u00e4 hetkeksi valokuvaamaan leirisaartamme ennen pime\u00e4n tuloa. Palatessani j\u00e4in auttamaan kotateltan pystytyksess\u00e4, vaikka tied\u00e4 kuinka paljon pystyin olemaan avuksi itselleni vieraan teltan kanssa. Saatuamme teltan ja kamiinan kasaan k\u00e4vimme viel\u00e4 saaren l\u00e4nsilaidalla ihastelemassa auringon laskun v\u00e4rej\u00e4.<\/p>\n<p>Loppu ilta kuluikin ruuan valmistuksessa, teltan l\u00e4mmityksess\u00e4 ja keskustellessa. Aika mukava tuollainen kamiinalla l\u00e4mmitett\u00e4v\u00e4 teltta oli alkutalven pikku pakkasilla. P\u00e4iv\u00e4ll\u00e4 kostuneet melontakintaatkin sai siin\u00e4 kivasti kuiviksi.<\/p>\n<div id=\"attachment_8044\" style=\"width: 490px\" class=\"wp-caption aligncenter\"><a href=\"https:\/\/blogi.ennola.fi\/wp-content\/uploads\/2022\/12\/Bjurskar_Panorama1.jpg\" rel=\"lightbox[8012]\"><img loading=\"lazy\" decoding=\"async\" aria-describedby=\"caption-attachment-8044\" class=\"wp-image-8044 size-full\" title=\"Auringonnousu Bjurs\u00e4riss\u00e4.\" src=\"https:\/\/blogi.ennola.fi\/wp-content\/uploads\/2022\/12\/Bjurskar_Panorama1-1.jpg\" alt=\"\" width=\"480\" height=\"168\" srcset=\"https:\/\/blogi.ennola.fi\/wp-content\/uploads\/2022\/12\/Bjurskar_Panorama1-1.jpg 480w, https:\/\/blogi.ennola.fi\/wp-content\/uploads\/2022\/12\/Bjurskar_Panorama1-1-150x53.jpg 150w\" sizes=\"(max-width: 480px) 100vw, 480px\" \/><\/a><p id=\"caption-attachment-8044\" class=\"wp-caption-text\">Auringonnousu Bjurs\u00e4riss\u00e4.<\/p><\/div>\n<div id=\"attachment_8043\" style=\"width: 490px\" class=\"wp-caption aligncenter\"><a href=\"https:\/\/blogi.ennola.fi\/wp-content\/uploads\/2022\/12\/Bjurskar_Panorama9.jpg\" rel=\"lightbox[8012]\"><img loading=\"lazy\" decoding=\"async\" aria-describedby=\"caption-attachment-8043\" class=\"wp-image-8043 size-full\" title=\"Auringonnousu Bjurs\u00e4riss\u00e4.\" src=\"https:\/\/blogi.ennola.fi\/wp-content\/uploads\/2022\/12\/Bjurskar_Panorama9-1.jpg\" alt=\"\" width=\"480\" height=\"221\" srcset=\"https:\/\/blogi.ennola.fi\/wp-content\/uploads\/2022\/12\/Bjurskar_Panorama9-1.jpg 480w, https:\/\/blogi.ennola.fi\/wp-content\/uploads\/2022\/12\/Bjurskar_Panorama9-1-150x69.jpg 150w\" sizes=\"(max-width: 480px) 100vw, 480px\" \/><\/a><p id=\"caption-attachment-8043\" class=\"wp-caption-text\">Auringonnousu Bjurs\u00e4riss\u00e4.<\/p><\/div>\n<p>Aamulla her\u00e4tys oli aikainen, jotta Peter ehtisi ty\u00f6palaveriinsa ajoissa. Purimme teltan, Peter pakkasi kajakkinsa ja l\u00e4hti liikkeelle. Min\u00e4 j\u00e4in viel\u00e4 saareen, pystytin oman telttani ja kuvasin saaren maisemia viel\u00e4 tovin, kunnes l\u00e4hdin tekem\u00e4\u00e4n melontalenkin Gullkronan sel\u00e4lle.<\/p>\n<div id=\"attachment_8042\" style=\"width: 490px\" class=\"wp-caption aligncenter\"><a href=\"https:\/\/blogi.ennola.fi\/wp-content\/uploads\/2022\/12\/Bjurskar_Panorama3.jpg\" rel=\"lightbox[8012]\"><img loading=\"lazy\" decoding=\"async\" aria-describedby=\"caption-attachment-8042\" class=\"wp-image-8042 size-full\" title=\"Bjursk\u00e4r.\" src=\"https:\/\/blogi.ennola.fi\/wp-content\/uploads\/2022\/12\/Bjurskar_Panorama3-1.jpg\" alt=\"\" width=\"480\" height=\"131\" srcset=\"https:\/\/blogi.ennola.fi\/wp-content\/uploads\/2022\/12\/Bjurskar_Panorama3-1.jpg 480w, https:\/\/blogi.ennola.fi\/wp-content\/uploads\/2022\/12\/Bjurskar_Panorama3-1-150x41.jpg 150w\" sizes=\"(max-width: 480px) 100vw, 480px\" \/><\/a><p id=\"caption-attachment-8042\" class=\"wp-caption-text\">Bjursk\u00e4r.<\/p><\/div>\n<div id=\"attachment_8041\" style=\"width: 490px\" class=\"wp-caption aligncenter\"><a href=\"https:\/\/blogi.ennola.fi\/wp-content\/uploads\/2022\/12\/Bjurskar_Panorama2.jpg\" rel=\"lightbox[8012]\"><img loading=\"lazy\" decoding=\"async\" aria-describedby=\"caption-attachment-8041\" class=\"wp-image-8041 size-full\" title=\"Svartkobben.\" src=\"https:\/\/blogi.ennola.fi\/wp-content\/uploads\/2022\/12\/Bjurskar_Panorama2-1.jpg\" alt=\"\" width=\"480\" height=\"93\" srcset=\"https:\/\/blogi.ennola.fi\/wp-content\/uploads\/2022\/12\/Bjurskar_Panorama2-1.jpg 480w, https:\/\/blogi.ennola.fi\/wp-content\/uploads\/2022\/12\/Bjurskar_Panorama2-1-150x29.jpg 150w\" sizes=\"(max-width: 480px) 100vw, 480px\" \/><\/a><p id=\"caption-attachment-8041\" class=\"wp-caption-text\">Svartkobben.<\/p><\/div>\n<div id=\"attachment_8040\" style=\"width: 490px\" class=\"wp-caption aligncenter\"><a href=\"https:\/\/blogi.ennola.fi\/wp-content\/uploads\/2022\/12\/Bjurskar_Panorama10.jpg\" rel=\"lightbox[8012]\"><img loading=\"lazy\" decoding=\"async\" aria-describedby=\"caption-attachment-8040\" class=\"wp-image-8040 size-full\" title=\"Svartkobben.\" src=\"https:\/\/blogi.ennola.fi\/wp-content\/uploads\/2022\/12\/Bjurskar_Panorama10-1.jpg\" alt=\"\" width=\"480\" height=\"109\" srcset=\"https:\/\/blogi.ennola.fi\/wp-content\/uploads\/2022\/12\/Bjurskar_Panorama10-1.jpg 480w, https:\/\/blogi.ennola.fi\/wp-content\/uploads\/2022\/12\/Bjurskar_Panorama10-1-150x34.jpg 150w\" sizes=\"(max-width: 480px) 100vw, 480px\" \/><\/a><p id=\"caption-attachment-8040\" class=\"wp-caption-text\">Svartkobben.<\/p><\/div>\n<p>Jouluinen valoisa aika on kyll\u00e4 lyhyt. Lenkilt\u00e4 palatessani alkoi jo olla pime\u00e4\u00e4, joten vaihdettuani melontavaatteet pois, aikaa oli en\u00e4\u00e4 muutamaan auringonlaskun kuvaan.<\/p>\n<p>Minulla ei teltassani ollut kamiinaa, mutta yritin sit\u00e4 kaasukeittimell\u00e4ni hieman l\u00e4mmitt\u00e4\u00e4 saadakseni vaatteeni kuivumaan. Kovin kauaa ei kaasupullostani tehoja kuitenkaan riitt\u00e4nyt, joten melko pian piti j\u00e4\u00e4d\u00e4 nauttimaan pelk\u00e4n makuupussin tarjoamasta l\u00e4mm\u00f6st\u00e4.<\/p>\n<div id=\"attachment_8039\" style=\"width: 490px\" class=\"wp-caption aligncenter\"><a href=\"https:\/\/blogi.ennola.fi\/wp-content\/uploads\/2022\/12\/Bjurskar_Panorama8.jpg\" rel=\"lightbox[8012]\"><img loading=\"lazy\" decoding=\"async\" aria-describedby=\"caption-attachment-8039\" class=\"wp-image-8039 size-full\" title=\"Bjursk\u00e4r, auringonlasku.\" src=\"https:\/\/blogi.ennola.fi\/wp-content\/uploads\/2022\/12\/Bjurskar_Panorama8-1.jpg\" alt=\"\" width=\"480\" height=\"118\" srcset=\"https:\/\/blogi.ennola.fi\/wp-content\/uploads\/2022\/12\/Bjurskar_Panorama8-1.jpg 480w, https:\/\/blogi.ennola.fi\/wp-content\/uploads\/2022\/12\/Bjurskar_Panorama8-1-150x37.jpg 150w\" sizes=\"(max-width: 480px) 100vw, 480px\" \/><\/a><p id=\"caption-attachment-8039\" class=\"wp-caption-text\">Bjursk\u00e4r, auringonlasku.<\/p><\/div>\n<div id=\"attachment_8038\" style=\"width: 490px\" class=\"wp-caption aligncenter\"><a href=\"https:\/\/blogi.ennola.fi\/wp-content\/uploads\/2022\/12\/Bjurskar_Panorama4.jpg\" rel=\"lightbox[8012]\"><img loading=\"lazy\" decoding=\"async\" aria-describedby=\"caption-attachment-8038\" class=\"wp-image-8038 size-full\" title=\"Bjursk\u00e4r.\" src=\"https:\/\/blogi.ennola.fi\/wp-content\/uploads\/2022\/12\/Bjurskar_Panorama4-1.jpg\" alt=\"\" width=\"480\" height=\"164\" srcset=\"https:\/\/blogi.ennola.fi\/wp-content\/uploads\/2022\/12\/Bjurskar_Panorama4-1.jpg 480w, https:\/\/blogi.ennola.fi\/wp-content\/uploads\/2022\/12\/Bjurskar_Panorama4-1-150x51.jpg 150w\" sizes=\"(max-width: 480px) 100vw, 480px\" \/><\/a><p id=\"caption-attachment-8038\" class=\"wp-caption-text\">Bjursk\u00e4r.<\/p><\/div>\n<div id=\"attachment_8037\" style=\"width: 490px\" class=\"wp-caption aligncenter\"><a href=\"https:\/\/blogi.ennola.fi\/wp-content\/uploads\/2022\/12\/Bjurskar_Panorama11.jpg\" rel=\"lightbox[8012]\"><img loading=\"lazy\" decoding=\"async\" aria-describedby=\"caption-attachment-8037\" class=\"wp-image-8037 size-full\" title=\"Bjursk\u00e4r.\" src=\"https:\/\/blogi.ennola.fi\/wp-content\/uploads\/2022\/12\/Bjurskar_Panorama11-1.jpg\" alt=\"\" width=\"480\" height=\"193\" srcset=\"https:\/\/blogi.ennola.fi\/wp-content\/uploads\/2022\/12\/Bjurskar_Panorama11-1.jpg 480w, https:\/\/blogi.ennola.fi\/wp-content\/uploads\/2022\/12\/Bjurskar_Panorama11-1-150x60.jpg 150w\" sizes=\"(max-width: 480px) 100vw, 480px\" \/><\/a><p id=\"caption-attachment-8037\" class=\"wp-caption-text\">Bjursk\u00e4r.<\/p><\/div>\n<p>Viimeisen\u00e4 aamuna nukuin turhan pitk\u00e4\u00e4n, joten parhaat aamun valot saattoivat j\u00e4\u00e4d\u00e4 minulta n\u00e4kem\u00e4tt\u00e4. Y\u00f6ll\u00e4 oli satanut r\u00e4nt\u00e4\u00e4, joka oli tehnyt kallioille liukkaan iljanteen, joten liikkuessani rannoilla minun piti olla erityisen varovainen. Kaikki lumi oli rannoilta jo sulanut toisin kuin l\u00e4hemp\u00e4n\u00e4 mannerta, miss\u00e4 etenkin pohjoisrannat olivat sataneesta lumesta valkeat.<\/p>\n<p>Kotimatkalle l\u00e4hdin joskus puolen p\u00e4iv\u00e4n j\u00e4lkeen. \u00d6inen r\u00e4nt\u00e4sade oli j\u00e4\u00e4tynyt kajakkini penkkiin kiinni. Hetken sai sit\u00e4 melonnalla l\u00e4mmitt\u00e4\u00e4 ennen kuin se tuntui l\u00e4mpim\u00e4lt\u00e4.<\/p>\n<p>Paluumatkalla merikotka lopultakin lensi ylitseni, ensimm\u00e4inen havainto t\u00e4ll\u00e4 retkell\u00e4, vaikka varta vasten olin sit\u00e4 yritt\u00e4nyt n\u00e4hd\u00e4. Viel\u00e4 l\u00e4ht\u00f6satamassa katsoessani tulosuuntaani n\u00e4in hylkeen p\u00e4\u00e4n painuvan veden alle.<\/p>\n<div class=\"mceTemp\"><\/div>\n<div id=\"attachment_8033\" style=\"width: 316px\" class=\"wp-caption aligncenter\"><a href=\"https:\/\/blogi.ennola.fi\/wp-content\/uploads\/2022\/12\/DSCI1365.jpg\" rel=\"lightbox[8012]\"><img loading=\"lazy\" decoding=\"async\" aria-describedby=\"caption-attachment-8033\" class=\"wp-image-8033 size-full\" title=\"J\u00e4inen kajakki.\" src=\"https:\/\/blogi.ennola.fi\/wp-content\/uploads\/2022\/12\/DSCI1365-1.jpg\" alt=\"\" width=\"306\" height=\"420\" srcset=\"https:\/\/blogi.ennola.fi\/wp-content\/uploads\/2022\/12\/DSCI1365-1.jpg 306w, https:\/\/blogi.ennola.fi\/wp-content\/uploads\/2022\/12\/DSCI1365-1-291x400.jpg 291w, https:\/\/blogi.ennola.fi\/wp-content\/uploads\/2022\/12\/DSCI1365-1-109x150.jpg 109w\" sizes=\"(max-width: 306px) 100vw, 306px\" \/><\/a><p id=\"caption-attachment-8033\" class=\"wp-caption-text\">J\u00e4inen kajakki.<\/p><\/div>\n<div id=\"attachment_8034\" style=\"width: 460px\" class=\"wp-caption aligncenter\"><a href=\"https:\/\/blogi.ennola.fi\/wp-content\/uploads\/2022\/12\/DSCI1370.jpg\" rel=\"lightbox[8012]\"><img loading=\"lazy\" decoding=\"async\" aria-describedby=\"caption-attachment-8034\" class=\"wp-image-8034 size-full\" title=\"Lumisia rantoja.\" src=\"https:\/\/blogi.ennola.fi\/wp-content\/uploads\/2022\/12\/DSCI1370-1.jpg\" alt=\"\" width=\"450\" height=\"300\" srcset=\"https:\/\/blogi.ennola.fi\/wp-content\/uploads\/2022\/12\/DSCI1370-1.jpg 450w, https:\/\/blogi.ennola.fi\/wp-content\/uploads\/2022\/12\/DSCI1370-1-150x100.jpg 150w\" sizes=\"(max-width: 450px) 100vw, 450px\" \/><\/a><p id=\"caption-attachment-8034\" class=\"wp-caption-text\">Lumisia rantoja.<\/p><\/div>\n<p>T\u00e4lle vuodelle en tule tuhatta melontakilometri\u00e4 saamaan kasaan viime vuoden tapaan, se on selv\u00e4\u00e4. Sen sijaan toinen melontatavoite on jo t\u00e4yttynyt: viimevuotiseen tapaan kaikkina kalenterikuukausina olen p\u00e4\u00e4ssyt vesille.<\/p>\n<div class=\"mceTemp\"><\/div>\n","protected":false},"excerpt":{"rendered":"<p>K\u00e4vin parin y\u00f6n melontaretkell\u00e4 itsen\u00e4isyysp\u00e4iv\u00e4n kunniaksi. S\u00e4\u00e4tiedotus lupasi pikkupakkasta, hetkitt\u00e4ist\u00e4 auringonpaistetta ja heikkoa tuulta. Viel\u00e4 oli meri avoin, vaikka merkkej\u00e4 sen j\u00e4\u00e4tymisest\u00e4 oli jo havaittavissa. Paraisten p\u00e4\u00e4saaressa oli&#8230;<\/p>\n","protected":false},"author":1,"featured_media":8047,"comment_status":"open","ping_status":"open","sticky":false,"template":"","format":"standard","meta":{"footnotes":""},"categories":[4,8,3],"tags":[],"_links":{"self":[{"href":"https:\/\/blogi.ennola.fi\/index.php?rest_route=\/wp\/v2\/posts\/8012"}],"collection":[{"href":"https:\/\/blogi.ennola.fi\/index.php?rest_route=\/wp\/v2\/posts"}],"about":[{"href":"https:\/\/blogi.ennola.fi\/index.php?rest_route=\/wp\/v2\/types\/post"}],"author":[{"embeddable":true,"href":"https:\/\/blogi.ennola.fi\/index.php?rest_route=\/wp\/v2\/users\/1"}],"replies":[{"embeddable":true,"href":"https:\/\/blogi.ennola.fi\/index.php?rest_route=%2Fwp%2Fv2%2Fcomments&post=8012"}],"version-history":[{"count":6,"href":"https:\/\/blogi.ennola.fi\/index.php?rest_route=\/wp\/v2\/posts\/8012\/revisions"}],"predecessor-version":[{"id":8305,"href":"https:\/\/blogi.ennola.fi\/index.php?rest_route=\/wp\/v2\/posts\/8012\/revisions\/8305"}],"wp:featuredmedia":[{"embeddable":true,"href":"https:\/\/blogi.ennola.fi\/index.php?rest_route=\/wp\/v2\/media\/8047"}],"wp:attachment":[{"href":"https:\/\/blogi.ennola.fi\/index.php?rest_route=%2Fwp%2Fv2%2Fmedia&parent=8012"}],"wp:term":[{"taxonomy":"category","embeddable":true,"href":"https:\/\/blogi.ennola.fi\/index.php?rest_route=%2Fwp%2Fv2%2Fcategories&post=8012"},{"taxonomy":"post_tag","embeddable":true,"href":"https:\/\/blogi.ennola.fi\/index.php?rest_route=%2Fwp%2Fv2%2Ftags&post=8012"}],"curies":[{"name":"wp","href":"https:\/\/api.w.org\/{rel}","templated":true}]}}