{"id":8076,"date":"2022-06-25T16:49:49","date_gmt":"2022-06-25T13:49:49","guid":{"rendered":"https:\/\/blogi.ennola.fi\/?p=8076"},"modified":"2023-06-04T13:41:30","modified_gmt":"2023-06-04T10:41:30","slug":"pyoraretki-ahvenanmaalle","status":"publish","type":"post","link":"https:\/\/blogi.ennola.fi\/?p=8076","title":{"rendered":"Py\u00f6r\u00e4retki Ahvenanmaalle"},"content":{"rendered":"<p>Aamu toivoi p\u00e4\u00e4sev\u00e4ns\u00e4 kes\u00e4ll\u00e4 py\u00f6r\u00e4retkelle saaristoon. Alkuun suunnittelimme l\u00e4htev\u00e4mme saariston rengastielle, mutta sitten tarkemmin asiaa selvitetty\u00e4ni samalla polkemisen m\u00e4\u00e4r\u00e4ll\u00e4 voisi kiert\u00e4\u00e4 Ahvenanmaan saariston, mik\u00e4 vaikutti paljon mielenkiintoisemmalta. Ajankohdaksi valikoitui kes\u00e4kuu ennen juhannusta ja sesonkia, joten v\u00e4ltt\u00e4isimme pahimmat ruuhkat lautoilla ja majoituksissa. Aikaa reissuun meill\u00e4 oli tasan viikko.<\/p>\n<div id=\"attachment_8096\" style=\"width: 460px\" class=\"wp-caption aligncenter\"><a href=\"https:\/\/blogi.ennola.fi\/wp-content\/uploads\/2023\/01\/IMG_20220617_105505.jpg\" rel=\"lightbox[8076]\"><img loading=\"lazy\" decoding=\"async\" aria-describedby=\"caption-attachment-8096\" class=\"wp-image-8096 size-full\" title=\"Ukkopekan sillan ylitetty\u00e4mme olimme saapuneet saaristoon.\" src=\"https:\/\/blogi.ennola.fi\/wp-content\/uploads\/2023\/01\/IMG_20220617_105505-1.jpg\" alt=\"\" width=\"450\" height=\"334\" srcset=\"https:\/\/blogi.ennola.fi\/wp-content\/uploads\/2023\/01\/IMG_20220617_105505-1.jpg 450w, https:\/\/blogi.ennola.fi\/wp-content\/uploads\/2023\/01\/IMG_20220617_105505-1-150x111.jpg 150w\" sizes=\"(max-width: 450px) 100vw, 450px\" \/><\/a><p id=\"caption-attachment-8096\" class=\"wp-caption-text\">Ukkopekan sillan ylitetty\u00e4mme olimme saapuneet saaristoon.<\/p><\/div>\n<p>L\u00e4hdimme liikkeelle kevyell\u00e4 varustuksella sill\u00e4 periaatteella, ett\u00e4 luottokortilla voi korvata makuupussin, \u02d7alustan, teltan ja jopa lakanat, jolloin selvi\u00e4isimme matkastamme mahdollisimman pienill\u00e4 py\u00f6r\u00e4laukuilla. Majoituimme erilaisissa m\u00f6kki ja B&amp;B paikoissa. Korppoossa nukuimme puuteltassa. Ruokailut hoidimme p\u00e4\u00e4s\u00e4\u00e4nt\u00f6isesti ruokapaikoissa ja majoituspaikoissa. Tarpeen vaatiessa ostimme pienet ev\u00e4\u00e4t mukaan majoitukseen illaksi ja aamuksi. Aamun py\u00f6r\u00e4n etukori osoittautui k\u00e4tev\u00e4ksi nopeille ostoksille.<\/p>\n<div class=\"mceTemp\"><\/div>\n<div id=\"attachment_8110\" style=\"width: 460px\" class=\"wp-caption aligncenter\"><a href=\"https:\/\/blogi.ennola.fi\/wp-content\/uploads\/2023\/01\/IMG_20220621_150119.jpg\" rel=\"lightbox[8076]\"><img loading=\"lazy\" decoding=\"async\" aria-describedby=\"caption-attachment-8110\" class=\"wp-image-8110 size-full\" title=\"Lounaalla K\u00f6karissa.\" src=\"https:\/\/blogi.ennola.fi\/wp-content\/uploads\/2023\/01\/IMG_20220621_150119-1.jpg\" alt=\"\" width=\"450\" height=\"334\" srcset=\"https:\/\/blogi.ennola.fi\/wp-content\/uploads\/2023\/01\/IMG_20220621_150119-1.jpg 450w, https:\/\/blogi.ennola.fi\/wp-content\/uploads\/2023\/01\/IMG_20220621_150119-1-150x111.jpg 150w\" sizes=\"(max-width: 450px) 100vw, 450px\" \/><\/a><p id=\"caption-attachment-8110\" class=\"wp-caption-text\">Lounaalla K\u00f6karissa.<\/p><\/div>\n<p>Aamu oli ylioppilasrahoillaan s\u00e4hk\u00f6ist\u00e4nyt hyv\u00e4kuntoisen kaupunkipy\u00f6r\u00e4ns\u00e4, ja min\u00e4 l\u00e4hdin liikkeelle vanhalla maastopy\u00f6r\u00e4ll\u00e4ni. J\u00e4rjestely oli toimiva. Min\u00e4 sain polkea ihan niin lujaa kuin huvitti ja Aamu s\u00e4\u00e4teli s\u00e4hk\u00f6avustuksen m\u00e4\u00e4r\u00e4\u00e4 sen mukaan, mik\u00e4 oma jaksaminen oli. V\u00e4lill\u00e4 h\u00e4n ajoi pitki\u00e4kin p\u00e4tki\u00e4 ilman s\u00e4hk\u00f6\u00e4 ja v\u00e4lill\u00e4 s\u00e4hk\u00f6avustusta oli paljonkin k\u00e4yt\u00f6ss\u00e4. Majoituksissa p\u00e4\u00e4simme lataamaan akun, joten s\u00e4hk\u00f6n riitt\u00e4vyydest\u00e4 ei ollut koskaan huolta.<\/p>\n<div id=\"attachment_8114\" style=\"width: 460px\" class=\"wp-caption aligncenter\"><a href=\"https:\/\/blogi.ennola.fi\/wp-content\/uploads\/2023\/01\/IMG_20220618_132442.jpg\" rel=\"lightbox[8076]\"><img loading=\"lazy\" decoding=\"async\" aria-describedby=\"caption-attachment-8114\" class=\"wp-image-8114 size-full\" title=\"Kustavi - Br\u00e4nd\u00f6 lautalla.\" src=\"https:\/\/blogi.ennola.fi\/wp-content\/uploads\/2023\/01\/IMG_20220618_132442-1.jpg\" alt=\"\" width=\"450\" height=\"336\" srcset=\"https:\/\/blogi.ennola.fi\/wp-content\/uploads\/2023\/01\/IMG_20220618_132442-1.jpg 450w, https:\/\/blogi.ennola.fi\/wp-content\/uploads\/2023\/01\/IMG_20220618_132442-1-150x112.jpg 150w\" sizes=\"(max-width: 450px) 100vw, 450px\" \/><\/a><p id=\"caption-attachment-8114\" class=\"wp-caption-text\">Kustavi &#8211; Br\u00e4nd\u00f6 lautalla.<\/p><\/div>\n<p>Ensimm\u00e4inen ajatus reitist\u00e4 oli l\u00e4hte\u00e4 kiert\u00e4m\u00e4\u00e4n Saariston Rengastie l\u00e4pi. Ison tien laidassa Nauvo \u2013\u00a0 Parainen \u2013 Turku -reitti ei tuntunut kivalta, joten p\u00e4\u00e4timme oikaista pienen rengastien reitti\u00e4 Seilin kautta Rym\u00e4ttyl\u00e4\u00e4n ja siit\u00e4 kotiin Raisioon. Kustavintien laidassa py\u00f6r\u00e4ilyn taas minimoimme menem\u00e4ll\u00e4 Rym\u00e4ttyl\u00e4n kautta Velkualle ja sielt\u00e4 lautalla Taivassaloon.<\/p>\n<div class=\"mceTemp\"><\/div>\n<div id=\"attachment_8113\" style=\"width: 460px\" class=\"wp-caption aligncenter\"><a href=\"https:\/\/blogi.ennola.fi\/wp-content\/uploads\/2023\/01\/IMG_20220619_133555.jpg\" rel=\"lightbox[8076]\"><img loading=\"lazy\" decoding=\"async\" aria-describedby=\"caption-attachment-8113\" class=\"wp-image-8113 size-full\" title=\"Br\u00e4nd\u00f6n lauttaranta.\" src=\"https:\/\/blogi.ennola.fi\/wp-content\/uploads\/2023\/01\/IMG_20220619_133555-1.jpg\" alt=\"\" width=\"450\" height=\"321\" srcset=\"https:\/\/blogi.ennola.fi\/wp-content\/uploads\/2023\/01\/IMG_20220619_133555-1.jpg 450w, https:\/\/blogi.ennola.fi\/wp-content\/uploads\/2023\/01\/IMG_20220619_133555-1-150x107.jpg 150w\" sizes=\"(max-width: 450px) 100vw, 450px\" \/><\/a><p id=\"caption-attachment-8113\" class=\"wp-caption-text\">Br\u00e4nd\u00f6n lauttaranta.<\/p><\/div>\n<p>Reittivaihtoehtoja punnitessani huomasin, ett\u00e4 yht\u00e4 hyvin voisimme py\u00f6r\u00e4ill\u00e4 Ahvenanmaan kautta Br\u00e4nd\u00f6 \u2013 Kumlinge \u2013 K\u00f6kar -reitti\u00e4. T\u00e4st\u00e4 tulikin meid\u00e4n suunnitelmamme. Reissunp\u00e4\u00e4ll\u00e4 sitten ilmeni, ett\u00e4 Kumlingen ja L\u00e5ngn\u00e4sin v\u00e4linen lautta oli pois k\u00e4yt\u00f6st\u00e4 rikkoontumisen takia. Sitten ei auttanut muuta kuin l\u00e4hte\u00e4 p\u00e4\u00e4saarta kiert\u00e4m\u00e4\u00e4n. Se merkitsi 70 kilsaa lis\u00e4\u00e4 py\u00f6r\u00e4ily\u00e4 ja K\u00f6kariin suunniteltu pys\u00e4hdys supistui kahdesta y\u00f6st\u00e4 yhteen ja jouduimme pikavauhtia etsim\u00e4\u00e4n itsellemme majoituksen Maarianhaminasta.<\/p>\n<div id=\"attachment_8126\" style=\"width: 490px\" class=\"wp-caption aligncenter\"><a href=\"https:\/\/blogi.ennola.fi\/wp-content\/uploads\/2022\/06\/Reitti-3.jpg\" rel=\"lightbox[8076]\"><img loading=\"lazy\" decoding=\"async\" aria-describedby=\"caption-attachment-8126\" class=\"wp-image-8126 size-full\" src=\"https:\/\/blogi.ennola.fi\/wp-content\/uploads\/2022\/06\/Reitti-3-1.jpg\" alt=\"\" width=\"480\" height=\"294\" srcset=\"https:\/\/blogi.ennola.fi\/wp-content\/uploads\/2022\/06\/Reitti-3-1.jpg 480w, https:\/\/blogi.ennola.fi\/wp-content\/uploads\/2022\/06\/Reitti-3-1-150x92.jpg 150w\" sizes=\"(max-width: 480px) 100vw, 480px\" \/><\/a><p id=\"caption-attachment-8126\" class=\"wp-caption-text\">Py\u00f6r\u00e4retken reitti<\/p><\/div>\n<p>Py\u00f6r\u00e4retkell\u00e4 teimme vierailuja erilaisiin luonto- ja kulttuurikohteisiin matkan varrella. K\u00e4vimme Jeremiaksen luolilla Kustavissa. \u00c5van kyl\u00e4ll\u00e4 saimme testata matkailijoille suunniteltua visailua, joka kiersi kyl\u00e4n ja palkinnoksi visailun suorittamisesta saimme maistiaisia paikallisista tuotteista. Br\u00e4nd\u00f6ss\u00e4 kiersimme paikallisen luontopolun J\u00e5sholmin saarella. Ennen lautan l\u00e4ht\u00f6\u00e4 k\u00e4vimme viel\u00e4 py\u00f6r\u00e4ilem\u00e4ss\u00e4 Torsholman kylill\u00e4.<\/p>\n<div class=\"mceTemp\"><\/div>\n<div id=\"attachment_8106\" style=\"width: 490px\" class=\"wp-caption aligncenter\"><a href=\"https:\/\/blogi.ennola.fi\/wp-content\/uploads\/2023\/01\/Pyora_Panorama3.jpg\" rel=\"lightbox[8076]\"><img loading=\"lazy\" decoding=\"async\" aria-describedby=\"caption-attachment-8106\" class=\"wp-image-8106 size-full\" title=\"Luontopolku Br\u00e4nd\u00f6ss\u00e4.\" src=\"https:\/\/blogi.ennola.fi\/wp-content\/uploads\/2023\/01\/Pyora_Panorama3-1.jpg\" alt=\"\" width=\"480\" height=\"143\" srcset=\"https:\/\/blogi.ennola.fi\/wp-content\/uploads\/2023\/01\/Pyora_Panorama3-1.jpg 480w, https:\/\/blogi.ennola.fi\/wp-content\/uploads\/2023\/01\/Pyora_Panorama3-1-150x45.jpg 150w\" sizes=\"(max-width: 480px) 100vw, 480px\" \/><\/a><p id=\"caption-attachment-8106\" class=\"wp-caption-text\">Luontopolku Br\u00e4nd\u00f6ss\u00e4.<\/p><\/div>\n<div id=\"attachment_8107\" style=\"width: 490px\" class=\"wp-caption aligncenter\"><a href=\"https:\/\/blogi.ennola.fi\/wp-content\/uploads\/2023\/01\/Pyora_Panorama1.jpg\" rel=\"lightbox[8076]\"><img loading=\"lazy\" decoding=\"async\" aria-describedby=\"caption-attachment-8107\" class=\"wp-image-8107 size-full\" title=\"Rantamets\u00e4\u00e4 Kumlingessa.\" src=\"https:\/\/blogi.ennola.fi\/wp-content\/uploads\/2023\/01\/Pyora_Panorama1-1.jpg\" alt=\"\" width=\"480\" height=\"120\" srcset=\"https:\/\/blogi.ennola.fi\/wp-content\/uploads\/2023\/01\/Pyora_Panorama1-1.jpg 480w, https:\/\/blogi.ennola.fi\/wp-content\/uploads\/2023\/01\/Pyora_Panorama1-1-150x38.jpg 150w\" sizes=\"(max-width: 480px) 100vw, 480px\" \/><\/a><p id=\"caption-attachment-8107\" class=\"wp-caption-text\">Rantamets\u00e4\u00e4 Kumlingessa.<\/p><\/div>\n<div id=\"attachment_8112\" style=\"width: 321px\" class=\"wp-caption aligncenter\"><a href=\"https:\/\/blogi.ennola.fi\/wp-content\/uploads\/2023\/01\/IMG_20220620_125520.jpg\" rel=\"lightbox[8076]\"><img loading=\"lazy\" decoding=\"async\" aria-describedby=\"caption-attachment-8112\" class=\"wp-image-8112 size-full\" title=\"Bomarsundin raunioita.\" src=\"https:\/\/blogi.ennola.fi\/wp-content\/uploads\/2023\/01\/IMG_20220620_125520-1.jpg\" alt=\"\" width=\"311\" height=\"420\" srcset=\"https:\/\/blogi.ennola.fi\/wp-content\/uploads\/2023\/01\/IMG_20220620_125520-1.jpg 311w, https:\/\/blogi.ennola.fi\/wp-content\/uploads\/2023\/01\/IMG_20220620_125520-1-296x400.jpg 296w, https:\/\/blogi.ennola.fi\/wp-content\/uploads\/2023\/01\/IMG_20220620_125520-1-111x150.jpg 111w\" sizes=\"(max-width: 311px) 100vw, 311px\" \/><\/a><p id=\"caption-attachment-8112\" class=\"wp-caption-text\">Bomarsundin raunioita.<\/p><\/div>\n<div id=\"attachment_8111\" style=\"width: 460px\" class=\"wp-caption aligncenter\"><a href=\"https:\/\/blogi.ennola.fi\/wp-content\/uploads\/2023\/01\/IMG_20220620_151640.jpg\" rel=\"lightbox[8076]\"><img loading=\"lazy\" decoding=\"async\" aria-describedby=\"caption-attachment-8111\" class=\"wp-image-8111 size-full\" title=\"Kastelholman linnan lampaat.\" src=\"https:\/\/blogi.ennola.fi\/wp-content\/uploads\/2023\/01\/IMG_20220620_151640-1.jpg\" alt=\"\" width=\"450\" height=\"344\" srcset=\"https:\/\/blogi.ennola.fi\/wp-content\/uploads\/2023\/01\/IMG_20220620_151640-1.jpg 450w, https:\/\/blogi.ennola.fi\/wp-content\/uploads\/2023\/01\/IMG_20220620_151640-1-150x115.jpg 150w\" sizes=\"(max-width: 450px) 100vw, 450px\" \/><\/a><p id=\"caption-attachment-8111\" class=\"wp-caption-text\">Kastelholman linnan lampaat.<\/p><\/div>\n<p>Kumlingessa k\u00e4vimme katsomassa kirkkoa ja luontopolkua. Ahvenanmaan p\u00e4\u00e4saarella tutustuimme V\u00e5rd\u00f6n kirkkoon sek\u00e4 Bomarsundin ja Kastelholman linnoituksiin. K\u00f6karissa k\u00e4vimme katsomassa kotiseutumuseon valtavia kokoelmia ja samalla pit\u00e4m\u00e4ss\u00e4 sadetta, mink\u00e4 tauottua vierailimme l\u00e4heisell\u00e4 lintulavalla. Ennen lautan l\u00e4hdimme kiert\u00e4m\u00e4\u00e4n pitk\u00e4\u00e4 luontopolkua, miss\u00e4 tuli kiire ja loppumatkan jouduimme vain k\u00e4velem\u00e4\u00e4n vauhdilla l\u00e4pi. Paluumatkalla poikkesimme viel\u00e4 Seiliss\u00e4 sy\u00f6m\u00e4ss\u00e4 ja katselemassa paikkoja.<\/p>\n<div class=\"mceTemp\"><\/div>\n<div id=\"attachment_8105\" style=\"width: 490px\" class=\"wp-caption aligncenter\"><a href=\"https:\/\/blogi.ennola.fi\/wp-content\/uploads\/2023\/01\/Pyora_Panorama2.jpg\" rel=\"lightbox[8076]\"><img loading=\"lazy\" decoding=\"async\" aria-describedby=\"caption-attachment-8105\" class=\"wp-image-8105 size-full\" title=\"K\u00f6karin kulttuurimaisemaa.\" src=\"https:\/\/blogi.ennola.fi\/wp-content\/uploads\/2023\/01\/Pyora_Panorama2-1.jpg\" alt=\"\" width=\"480\" height=\"79\" srcset=\"https:\/\/blogi.ennola.fi\/wp-content\/uploads\/2023\/01\/Pyora_Panorama2-1.jpg 480w, https:\/\/blogi.ennola.fi\/wp-content\/uploads\/2023\/01\/Pyora_Panorama2-1-150x25.jpg 150w\" sizes=\"(max-width: 480px) 100vw, 480px\" \/><\/a><p id=\"caption-attachment-8105\" class=\"wp-caption-text\">K\u00f6karin kulttuurimaisemaa.<\/p><\/div>\n<div id=\"attachment_8108\" style=\"width: 460px\" class=\"wp-caption aligncenter\"><a href=\"https:\/\/blogi.ennola.fi\/wp-content\/uploads\/2023\/01\/IMG_20220622_224619.jpg\" rel=\"lightbox[8076]\"><img loading=\"lazy\" decoding=\"async\" aria-describedby=\"caption-attachment-8108\" class=\"wp-image-8108 size-full\" title=\"Tentsilemajoitus Korppoossa.\" src=\"https:\/\/blogi.ennola.fi\/wp-content\/uploads\/2023\/01\/IMG_20220622_224619-1.jpg\" alt=\"\" width=\"450\" height=\"298\" srcset=\"https:\/\/blogi.ennola.fi\/wp-content\/uploads\/2023\/01\/IMG_20220622_224619-1.jpg 450w, https:\/\/blogi.ennola.fi\/wp-content\/uploads\/2023\/01\/IMG_20220622_224619-1-150x99.jpg 150w\" sizes=\"(max-width: 450px) 100vw, 450px\" \/><\/a><p id=\"caption-attachment-8108\" class=\"wp-caption-text\">Tentsilemajoitus Korppoossa.<\/p><\/div>\n<p>Ahvenanmaan oli vallannut kummallinen villitys kasata kivi\u00e4 torneiksi, mik\u00e4 sai mielen v\u00e4h\u00e4n surulliseksi. Niit\u00e4 oli kaikilla ihmisten suosimilla paikoilla: rannoilla, tienvarsilla ja poluilla. K\u00f6karin luontopolulle oli jouduttu tekem\u00e4\u00e4n jopa kyltti, jossa muistutettiin niiden olevan kiellettyj\u00e4, jotta paikan runsaat muinaismuistot eiv\u00e4t tuhoutuisi.<\/p>\n<div id=\"attachment_8109\" style=\"width: 324px\" class=\"wp-caption aligncenter\"><a href=\"https:\/\/blogi.ennola.fi\/wp-content\/uploads\/2023\/01\/IMG_20220622_152226.jpg\" rel=\"lightbox[8076]\"><img loading=\"lazy\" decoding=\"async\" aria-describedby=\"caption-attachment-8109\" class=\"wp-image-8109 size-full\" title=\"K\u00f6karissa oli kivien kasaaminen kielletty.\" src=\"https:\/\/blogi.ennola.fi\/wp-content\/uploads\/2023\/01\/IMG_20220622_152226-1.jpg\" alt=\"\" width=\"314\" height=\"420\" srcset=\"https:\/\/blogi.ennola.fi\/wp-content\/uploads\/2023\/01\/IMG_20220622_152226-1.jpg 314w, https:\/\/blogi.ennola.fi\/wp-content\/uploads\/2023\/01\/IMG_20220622_152226-1-299x400.jpg 299w, https:\/\/blogi.ennola.fi\/wp-content\/uploads\/2023\/01\/IMG_20220622_152226-1-112x150.jpg 112w\" sizes=\"(max-width: 314px) 100vw, 314px\" \/><\/a><p id=\"caption-attachment-8109\" class=\"wp-caption-text\">K\u00f6karissa oli kivien kasaaminen kielletty.<\/p><\/div>\n<p>Valokuvaamisen kannalta alkukes\u00e4 on hieman hankalaa aikaa. Paras valaistus olisi syd\u00e4ny\u00f6ll\u00e4. Niinp\u00e4 valokuvattua tuli eniten lintuja, joita saattoi n\u00e4hd\u00e4 p\u00e4iv\u00e4saikaankin. Siin\u00e4 Aamu onnistui paremmin ulottuvamman kameransa kanssa, mutta sain min\u00e4kin jotain kuvatuksi.<\/p>\n<div id=\"attachment_8104\" style=\"width: 460px\" class=\"wp-caption aligncenter\"><a href=\"https:\/\/blogi.ennola.fi\/wp-content\/uploads\/2023\/01\/IMG_8351.jpg\" rel=\"lightbox[8076]\"><img loading=\"lazy\" decoding=\"async\" aria-describedby=\"caption-attachment-8104\" class=\"wp-image-8104 size-full\" title=\"Merihanhiperhe.\" src=\"https:\/\/blogi.ennola.fi\/wp-content\/uploads\/2023\/01\/IMG_8351-1.jpg\" alt=\"\" width=\"450\" height=\"309\" srcset=\"https:\/\/blogi.ennola.fi\/wp-content\/uploads\/2023\/01\/IMG_8351-1.jpg 450w, https:\/\/blogi.ennola.fi\/wp-content\/uploads\/2023\/01\/IMG_8351-1-150x103.jpg 150w\" sizes=\"(max-width: 450px) 100vw, 450px\" \/><\/a><p id=\"caption-attachment-8104\" class=\"wp-caption-text\">Merihanhiperhe.<\/p><\/div>\n<div id=\"attachment_8101\" style=\"width: 460px\" class=\"wp-caption aligncenter\"><a href=\"https:\/\/blogi.ennola.fi\/wp-content\/uploads\/2023\/01\/IMG_8420.jpg\" rel=\"lightbox[8076]\"><img loading=\"lazy\" decoding=\"async\" aria-describedby=\"caption-attachment-8101\" class=\"wp-image-8101 size-full\" title=\"Lapintiira.\" src=\"https:\/\/blogi.ennola.fi\/wp-content\/uploads\/2023\/01\/IMG_8420-1.jpg\" alt=\"\" width=\"450\" height=\"302\" srcset=\"https:\/\/blogi.ennola.fi\/wp-content\/uploads\/2023\/01\/IMG_8420-1.jpg 450w, https:\/\/blogi.ennola.fi\/wp-content\/uploads\/2023\/01\/IMG_8420-1-150x101.jpg 150w\" sizes=\"(max-width: 450px) 100vw, 450px\" \/><\/a><p id=\"caption-attachment-8101\" class=\"wp-caption-text\">Lapintiira.<\/p><\/div>\n<div id=\"attachment_8102\" style=\"width: 460px\" class=\"wp-caption aligncenter\"><a href=\"https:\/\/blogi.ennola.fi\/wp-content\/uploads\/2023\/01\/IMG_8455.jpg\" rel=\"lightbox[8076]\"><img loading=\"lazy\" decoding=\"async\" aria-describedby=\"caption-attachment-8102\" class=\"wp-image-8102 size-full\" title=\"Harmaahaikara.\" src=\"https:\/\/blogi.ennola.fi\/wp-content\/uploads\/2023\/01\/IMG_8455-1.jpg\" alt=\"\" width=\"450\" height=\"341\" srcset=\"https:\/\/blogi.ennola.fi\/wp-content\/uploads\/2023\/01\/IMG_8455-1.jpg 450w, https:\/\/blogi.ennola.fi\/wp-content\/uploads\/2023\/01\/IMG_8455-1-150x114.jpg 150w\" sizes=\"(max-width: 450px) 100vw, 450px\" \/><\/a><p id=\"caption-attachment-8102\" class=\"wp-caption-text\">Harmaahaikara.<\/p><\/div>\n<div id=\"attachment_8103\" style=\"width: 460px\" class=\"wp-caption aligncenter\"><a href=\"https:\/\/blogi.ennola.fi\/wp-content\/uploads\/2023\/01\/IMG_8443.jpg\" rel=\"lightbox[8076]\"><img loading=\"lazy\" decoding=\"async\" aria-describedby=\"caption-attachment-8103\" class=\"wp-image-8103 size-full\" title=\"Harmaahaikara.\" src=\"https:\/\/blogi.ennola.fi\/wp-content\/uploads\/2023\/01\/IMG_8443-1.jpg\" alt=\"\" width=\"450\" height=\"311\" srcset=\"https:\/\/blogi.ennola.fi\/wp-content\/uploads\/2023\/01\/IMG_8443-1.jpg 450w, https:\/\/blogi.ennola.fi\/wp-content\/uploads\/2023\/01\/IMG_8443-1-150x104.jpg 150w\" sizes=\"(max-width: 450px) 100vw, 450px\" \/><\/a><p id=\"caption-attachment-8103\" class=\"wp-caption-text\">Harmaahaikara.<\/p><\/div>\n<div id=\"attachment_8100\" style=\"width: 460px\" class=\"wp-caption aligncenter\"><a href=\"https:\/\/blogi.ennola.fi\/wp-content\/uploads\/2023\/01\/IMG_8513.jpg\" rel=\"lightbox[8076]\"><img loading=\"lazy\" decoding=\"async\" aria-describedby=\"caption-attachment-8100\" class=\"wp-image-8100 size-full\" title=\"Kumlingen venesataman mustakurkku-uikkuja.\" src=\"https:\/\/blogi.ennola.fi\/wp-content\/uploads\/2023\/01\/IMG_8513-1.jpg\" alt=\"\" width=\"450\" height=\"312\" srcset=\"https:\/\/blogi.ennola.fi\/wp-content\/uploads\/2023\/01\/IMG_8513-1.jpg 450w, https:\/\/blogi.ennola.fi\/wp-content\/uploads\/2023\/01\/IMG_8513-1-150x104.jpg 150w\" sizes=\"(max-width: 450px) 100vw, 450px\" \/><\/a><p id=\"caption-attachment-8100\" class=\"wp-caption-text\">Kumlingen venesataman mustakurkku-uikkuja.<\/p><\/div>\n<div id=\"attachment_8097\" style=\"width: 460px\" class=\"wp-caption aligncenter\"><a href=\"https:\/\/blogi.ennola.fi\/wp-content\/uploads\/2023\/01\/IMG_8567.jpg\" rel=\"lightbox[8076]\"><img loading=\"lazy\" decoding=\"async\" aria-describedby=\"caption-attachment-8097\" class=\"wp-image-8097 size-full\" title=\"Naakkoja Maarianhaminassa.\" src=\"https:\/\/blogi.ennola.fi\/wp-content\/uploads\/2023\/01\/IMG_8567-1.jpg\" alt=\"\" width=\"450\" height=\"296\" srcset=\"https:\/\/blogi.ennola.fi\/wp-content\/uploads\/2023\/01\/IMG_8567-1.jpg 450w, https:\/\/blogi.ennola.fi\/wp-content\/uploads\/2023\/01\/IMG_8567-1-150x99.jpg 150w\" sizes=\"(max-width: 450px) 100vw, 450px\" \/><\/a><p id=\"caption-attachment-8097\" class=\"wp-caption-text\">Naakkoja Maarianhaminassa.<\/p><\/div>\n<div id=\"attachment_8099\" style=\"width: 460px\" class=\"wp-caption aligncenter\"><a href=\"https:\/\/blogi.ennola.fi\/wp-content\/uploads\/2023\/01\/IMG_8610.jpg\" rel=\"lightbox[8076]\"><img loading=\"lazy\" decoding=\"async\" aria-describedby=\"caption-attachment-8099\" class=\"wp-image-8099 size-full\" src=\"https:\/\/blogi.ennola.fi\/wp-content\/uploads\/2023\/01\/IMG_8610-1.jpg\" alt=\"\" width=\"450\" height=\"231\" srcset=\"https:\/\/blogi.ennola.fi\/wp-content\/uploads\/2023\/01\/IMG_8610-1.jpg 450w, https:\/\/blogi.ennola.fi\/wp-content\/uploads\/2023\/01\/IMG_8610-1-150x77.jpg 150w\" sizes=\"(max-width: 450px) 100vw, 450px\" \/><\/a><p id=\"caption-attachment-8099\" class=\"wp-caption-text\">Naakkoja Maarianhaminassa.<\/p><\/div>\n<div id=\"attachment_8098\" style=\"width: 460px\" class=\"wp-caption aligncenter\"><a href=\"https:\/\/blogi.ennola.fi\/wp-content\/uploads\/2023\/01\/IMG_8556.jpg\" rel=\"lightbox[8076]\"><img loading=\"lazy\" decoding=\"async\" aria-describedby=\"caption-attachment-8098\" class=\"wp-image-8098 size-full\" title=\"Naakkoja Maarianhaminassa.\" src=\"https:\/\/blogi.ennola.fi\/wp-content\/uploads\/2023\/01\/IMG_8556-1.jpg\" alt=\"\" width=\"450\" height=\"316\" srcset=\"https:\/\/blogi.ennola.fi\/wp-content\/uploads\/2023\/01\/IMG_8556-1.jpg 450w, https:\/\/blogi.ennola.fi\/wp-content\/uploads\/2023\/01\/IMG_8556-1-150x105.jpg 150w\" sizes=\"(max-width: 450px) 100vw, 450px\" \/><\/a><p id=\"caption-attachment-8098\" class=\"wp-caption-text\">Naakkoja Maarianhaminassa.<\/p><\/div>\n<p>Ahvenanmaa ja Turun saaristo ovat kyll\u00e4 maineensa veroinen py\u00f6r\u00e4ilykohde. Lauttamatkat toivat mukavaa vaihtelua py\u00f6r\u00e4ilyn lomaan. Matkan varrelta l\u00f6ytyy runsaasti tutustumiskohteita ja harvoin tarvitsee tuntia pidemp\u00e4\u00e4n py\u00f6r\u00e4ill\u00e4 kohteesta toiseen. Sesonki vaan tuntuu olevan kovin lyhyt. Nytkin viikko ennen juhannusta monet palvelut olivat vasta avaamassa oviaan, mik\u00e4 meille toisaalta oli hyv\u00e4. Miss\u00e4\u00e4n ei viel\u00e4 ollut tungosta.<\/p>\n","protected":false},"excerpt":{"rendered":"<p>Aamu toivoi p\u00e4\u00e4sev\u00e4ns\u00e4 kes\u00e4ll\u00e4 py\u00f6r\u00e4retkelle saaristoon. Alkuun suunnittelimme l\u00e4htev\u00e4mme saariston rengastielle, mutta sitten tarkemmin asiaa selvitetty\u00e4ni samalla polkemisen m\u00e4\u00e4r\u00e4ll\u00e4 voisi kiert\u00e4\u00e4 Ahvenanmaan saariston, mik\u00e4 vaikutti paljon mielenkiintoisemmalta. Ajankohdaksi&#8230;<\/p>\n","protected":false},"author":1,"featured_media":8115,"comment_status":"open","ping_status":"open","sticky":false,"template":"","format":"standard","meta":{"footnotes":""},"categories":[3],"tags":[],"_links":{"self":[{"href":"https:\/\/blogi.ennola.fi\/index.php?rest_route=\/wp\/v2\/posts\/8076"}],"collection":[{"href":"https:\/\/blogi.ennola.fi\/index.php?rest_route=\/wp\/v2\/posts"}],"about":[{"href":"https:\/\/blogi.ennola.fi\/index.php?rest_route=\/wp\/v2\/types\/post"}],"author":[{"embeddable":true,"href":"https:\/\/blogi.ennola.fi\/index.php?rest_route=\/wp\/v2\/users\/1"}],"replies":[{"embeddable":true,"href":"https:\/\/blogi.ennola.fi\/index.php?rest_route=%2Fwp%2Fv2%2Fcomments&post=8076"}],"version-history":[{"count":5,"href":"https:\/\/blogi.ennola.fi\/index.php?rest_route=\/wp\/v2\/posts\/8076\/revisions"}],"predecessor-version":[{"id":8532,"href":"https:\/\/blogi.ennola.fi\/index.php?rest_route=\/wp\/v2\/posts\/8076\/revisions\/8532"}],"wp:featuredmedia":[{"embeddable":true,"href":"https:\/\/blogi.ennola.fi\/index.php?rest_route=\/wp\/v2\/media\/8115"}],"wp:attachment":[{"href":"https:\/\/blogi.ennola.fi\/index.php?rest_route=%2Fwp%2Fv2%2Fmedia&parent=8076"}],"wp:term":[{"taxonomy":"category","embeddable":true,"href":"https:\/\/blogi.ennola.fi\/index.php?rest_route=%2Fwp%2Fv2%2Fcategories&post=8076"},{"taxonomy":"post_tag","embeddable":true,"href":"https:\/\/blogi.ennola.fi\/index.php?rest_route=%2Fwp%2Fv2%2Ftags&post=8076"}],"curies":[{"name":"wp","href":"https:\/\/api.w.org\/{rel}","templated":true}]}}