{"id":8209,"date":"2023-02-24T17:02:02","date_gmt":"2023-02-24T15:02:02","guid":{"rendered":"https:\/\/blogi.ennola.fi\/?p=8209"},"modified":"2023-04-24T14:04:47","modified_gmt":"2023-04-24T11:04:47","slug":"hiihtovaellus-saimaalla","status":"publish","type":"post","link":"https:\/\/blogi.ennola.fi\/?p=8209","title":{"rendered":"Hiihtovaellus Saimaalla"},"content":{"rendered":"<p>Helmikuussa edess\u00e4 oli er\u00e4opasopiskelijoiden talvivaellus. Alkuper\u00e4inen suunnitelma oli tehd\u00e4 vaellus Merenkurkun j\u00e4ille. Viel\u00e4 tammikuun puolen v\u00e4lin s\u00e4\u00e4ennusteilla se vaikutti t\u00e4ysin mahdolliselta, kun s\u00e4\u00e4tiedotukset lupailivat pakkasta. Kuun vaihteessa sitten selvisi, ett\u00e4 ennustettuja pakkasia ei olisikaan tulossa ja tuulet olivat pahasti hajottaneet j\u00e4it\u00e4 suunniteltu alueelta. Niinp\u00e4 jouduimme pikavauhtia muuttamaan suunnitelmia ja lopulta toteutimme vaelluksen Suur-Saimaan laajoilla selill\u00e4.<\/p>\n<div id=\"attachment_8253\" style=\"width: 460px\" class=\"wp-caption aligncenter\"><a href=\"https:\/\/blogi.ennola.fi\/wp-content\/uploads\/2023\/03\/IMG_6559.jpg\" rel=\"lightbox[8209]\"><img loading=\"lazy\" decoding=\"async\" aria-describedby=\"caption-attachment-8253\" class=\"wp-image-8253 size-full\" title=\"L\u00e4ht\u00f6 j\u00e4\u00e4lle.\" src=\"https:\/\/blogi.ennola.fi\/wp-content\/uploads\/2023\/03\/IMG_6559-1.jpg\" alt=\"\" width=\"450\" height=\"295\" srcset=\"https:\/\/blogi.ennola.fi\/wp-content\/uploads\/2023\/03\/IMG_6559-1.jpg 450w, https:\/\/blogi.ennola.fi\/wp-content\/uploads\/2023\/03\/IMG_6559-1-150x98.jpg 150w\" sizes=\"(max-width: 450px) 100vw, 450px\" \/><\/a><p id=\"caption-attachment-8253\" class=\"wp-caption-text\">L\u00e4ht\u00f6 j\u00e4\u00e4lle.<\/p><\/div>\n<p>Vaellus oli itselleni ja organisaatiolleni ensimm\u00e4inen t\u00e4ll\u00e4 konseptilla toteutettu talvivaellus, joten ennen vaellusta jouduin hankkimaan ahkioita ja bensakeittimi\u00e4 koululle. Teltat saimme lainaksi. Keittimille teimme parin opiskelijan avustuksella keitinlaatikot, tuunasimme kymmenen ahkiota valmiiksi naruvetoineen, leikkasimme telttoihin koko pohjan kokoiset makuualustat ja teimme riitt\u00e4v\u00e4sti <a href=\"https:\/\/blogi.ennola.fi\/?p=6130\">lumikiiloja.<\/a><\/p>\n<div id=\"attachment_8332\" style=\"width: 460px\" class=\"wp-caption aligncenter\"><a href=\"https:\/\/blogi.ennola.fi\/wp-content\/uploads\/2023\/03\/IMG_20230202_152019.jpg\" rel=\"lightbox[8209]\"><img loading=\"lazy\" decoding=\"async\" aria-describedby=\"caption-attachment-8332\" class=\"wp-image-8332 size-full\" title=\"Keitinlaatikko ja lumikiilat.\" src=\"https:\/\/blogi.ennola.fi\/wp-content\/uploads\/2023\/03\/IMG_20230202_152019-1.jpg\" alt=\"\" width=\"450\" height=\"310\" srcset=\"https:\/\/blogi.ennola.fi\/wp-content\/uploads\/2023\/03\/IMG_20230202_152019-1.jpg 450w, https:\/\/blogi.ennola.fi\/wp-content\/uploads\/2023\/03\/IMG_20230202_152019-1-150x103.jpg 150w\" sizes=\"(max-width: 450px) 100vw, 450px\" \/><\/a><p id=\"caption-attachment-8332\" class=\"wp-caption-text\">Keitinlaatikko ja lumikiilat.<\/p><\/div>\n<p>Seikkailukasvatuksen hengess\u00e4 olin ulkoistanut suuren osan retken suunnittelusta opiskelijoilleni ja minulle j\u00e4i l\u00e4hinn\u00e4 kokoava rooli. Kaikille yhteisen\u00e4 etuk\u00e4teisteht\u00e4v\u00e4n\u00e4 oli selvitt\u00e4\u00e4 kohdealueen j\u00e4\u00e4oloja satelliittikuvien perusteella mm. ymp\u00e4rist\u00f6keskuksen <a href=\"https:\/\/wwwi4.ymparisto.fi\/i4\/fin\/tarkka\/\" target=\"_blank\" rel=\"noopener noreferrer\">Tarkka-palvelussa.<\/a> Siell\u00e4 esimerkiksi n\u00e4kyi Rastinvirran alueella olevan eritt\u00e4in laaja pysyv\u00e4 sula-alue, jolla olisi huomattava merkitys alueella retkeilev\u00e4lle.<\/p>\n<p>&nbsp;<\/p>\n<div id=\"attachment_8286\" style=\"width: 490px\" class=\"wp-caption aligncenter\"><a href=\"https:\/\/blogi.ennola.fi\/wp-content\/uploads\/2023\/03\/Saimaa_Panorama4.jpg\" rel=\"lightbox[8209]\"><img loading=\"lazy\" decoding=\"async\" aria-describedby=\"caption-attachment-8286\" class=\"wp-image-8286 size-full\" title=\"Rastinvirran sula.\" src=\"https:\/\/blogi.ennola.fi\/wp-content\/uploads\/2023\/03\/Saimaa_Panorama4-1.jpg\" alt=\"\" width=\"480\" height=\"110\" srcset=\"https:\/\/blogi.ennola.fi\/wp-content\/uploads\/2023\/03\/Saimaa_Panorama4-1.jpg 480w, https:\/\/blogi.ennola.fi\/wp-content\/uploads\/2023\/03\/Saimaa_Panorama4-1-150x34.jpg 150w\" sizes=\"(max-width: 480px) 100vw, 480px\" \/><\/a><p id=\"caption-attachment-8286\" class=\"wp-caption-text\">Rastinvirran sula.<\/p><\/div>\n<p>Varsinainen reittisuunnittelu oli yhden opiskelijaparin harteilla, jotka olivatkin kiitett\u00e4v\u00e4ll\u00e4 tavalla paneutuneet reitin suunnitteluun. Olihan suunnittelussa otettavana huomioon monia asioita saimaannorpan suojelualueista mahdollisiin sulapaikkoihin. Suunnitelmaan piti viel\u00e4 mietti\u00e4, mist\u00e4 reitti\u00e4 olisi ollut mahdollista lyhent\u00e4\u00e4, jos olosuhteet olisivat olleet aiottua hankalampia tai ryhm\u00e4ss\u00e4 joku olisi uupunut.<\/p>\n<p>Lopullinen reittisuunnitelma oli onnistunut. Reitill\u00e4 oli vaihtelevia maisemia isoine selkineen ja kauniine saarineen. K\u00e4yt\u00e4nn\u00f6ss\u00e4 kiersimme laajan Kyl\u00e4niemen ymp\u00e4ri j\u00e4it\u00e4 pitkin. Hiihtokilometrej\u00e4 kertyi kaikkiaan sellaiset noin 65.<\/p>\n<div class=\"mceTemp\"><\/div>\n<div id=\"attachment_8280\" style=\"width: 490px\" class=\"wp-caption aligncenter\"><a href=\"https:\/\/blogi.ennola.fi\/wp-content\/uploads\/2023\/03\/Saimaa-1.jpg\" rel=\"lightbox[8209]\"><img loading=\"lazy\" decoding=\"async\" aria-describedby=\"caption-attachment-8280\" class=\"wp-image-8280 size-full\" title=\"Reitti.\" src=\"https:\/\/blogi.ennola.fi\/wp-content\/uploads\/2023\/03\/Saimaa-1-1.jpg\" alt=\"\" width=\"480\" height=\"277\" srcset=\"https:\/\/blogi.ennola.fi\/wp-content\/uploads\/2023\/03\/Saimaa-1-1.jpg 480w, https:\/\/blogi.ennola.fi\/wp-content\/uploads\/2023\/03\/Saimaa-1-1-150x87.jpg 150w\" sizes=\"(max-width: 480px) 100vw, 480px\" \/><\/a><p id=\"caption-attachment-8280\" class=\"wp-caption-text\">Reitti.<\/p><\/div>\n<p>T\u00e4rkeimp\u00e4n\u00e4 oppimistavoitteenani opiskelijoille oli saada talvivaelluksen perusarki py\u00f6rim\u00e4\u00e4n suomalaisten arktisten retkikuntien tapaan. Majoitteena meill\u00e4 oli tunneliteltat, joita l\u00e4mmitimme keitinlaatikossa olevalla bensakeittimell\u00e4. Teltat rullasimme aamulla ahkioiden p\u00e4\u00e4lle makuualustoineen, mist\u00e4 ne taas illalla oli helppo pystytt\u00e4\u00e4. Viimeist\u00e4\u00e4n toisen telttay\u00f6n j\u00e4lkeen n\u00e4m\u00e4 arkiset toiminnot alkoivat sujua ja talvivaelluksen arki py\u00f6ri normaaliin tapaan.<\/p>\n<p>Vaikka lunta paikoin olikin melko v\u00e4h\u00e4n, leiripaikoissa sit\u00e4 oli riitt\u00e4v\u00e4sti telttojen pystytykseen lumikiiloilla. Toisena iltana harjoittelimme kuitenkin abalakovien tekoa silt\u00e4 varalta, ett\u00e4 jollain leiripaikalla lunta olisi ollut liian v\u00e4h\u00e4n lumikiilojen k\u00e4ytt\u00f6\u00f6n.<\/p>\n<div id=\"attachment_8268\" style=\"width: 460px\" class=\"wp-caption aligncenter\"><a href=\"https:\/\/blogi.ennola.fi\/wp-content\/uploads\/2023\/03\/IMG_6683.jpg\" rel=\"lightbox[8209]\"><img loading=\"lazy\" decoding=\"async\" aria-describedby=\"caption-attachment-8268\" class=\"wp-image-8268 size-full\" title=\"Teltan pystytys.\" src=\"https:\/\/blogi.ennola.fi\/wp-content\/uploads\/2023\/03\/IMG_6683-1.jpg\" alt=\"\" width=\"450\" height=\"300\" srcset=\"https:\/\/blogi.ennola.fi\/wp-content\/uploads\/2023\/03\/IMG_6683-1.jpg 450w, https:\/\/blogi.ennola.fi\/wp-content\/uploads\/2023\/03\/IMG_6683-1-150x100.jpg 150w\" sizes=\"(max-width: 450px) 100vw, 450px\" \/><\/a><p id=\"caption-attachment-8268\" class=\"wp-caption-text\">Teltan pystytys.<\/p><\/div>\n<div id=\"attachment_8269\" style=\"width: 460px\" class=\"wp-caption aligncenter\"><a href=\"https:\/\/blogi.ennola.fi\/wp-content\/uploads\/2023\/03\/IMG_6688.jpg\" rel=\"lightbox[8209]\"><img loading=\"lazy\" decoding=\"async\" aria-describedby=\"caption-attachment-8269\" class=\"wp-image-8269 size-full\" title=\"Teltan pystytys.\" src=\"https:\/\/blogi.ennola.fi\/wp-content\/uploads\/2023\/03\/IMG_6688-1.jpg\" alt=\"\" width=\"450\" height=\"298\" srcset=\"https:\/\/blogi.ennola.fi\/wp-content\/uploads\/2023\/03\/IMG_6688-1.jpg 450w, https:\/\/blogi.ennola.fi\/wp-content\/uploads\/2023\/03\/IMG_6688-1-150x99.jpg 150w\" sizes=\"(max-width: 450px) 100vw, 450px\" \/><\/a><p id=\"caption-attachment-8269\" class=\"wp-caption-text\">Teltan pystytys.<\/p><\/div>\n<div id=\"attachment_8252\" style=\"width: 490px\" class=\"wp-caption aligncenter\"><a href=\"https:\/\/blogi.ennola.fi\/wp-content\/uploads\/2023\/03\/Saimaa_Panorama2.jpg\" rel=\"lightbox[8209]\"><img loading=\"lazy\" decoding=\"async\" aria-describedby=\"caption-attachment-8252\" class=\"wp-image-8252 size-full\" title=\"Leiri aamulla.\" src=\"https:\/\/blogi.ennola.fi\/wp-content\/uploads\/2023\/03\/Saimaa_Panorama2-1.jpg\" alt=\"\" width=\"480\" height=\"138\" srcset=\"https:\/\/blogi.ennola.fi\/wp-content\/uploads\/2023\/03\/Saimaa_Panorama2-1.jpg 480w, https:\/\/blogi.ennola.fi\/wp-content\/uploads\/2023\/03\/Saimaa_Panorama2-1-150x43.jpg 150w\" sizes=\"(max-width: 480px) 100vw, 480px\" \/><\/a><p id=\"caption-attachment-8252\" class=\"wp-caption-text\">Leiri aamulla.<\/p><\/div>\n<div id=\"attachment_8254\" style=\"width: 460px\" class=\"wp-caption aligncenter\"><a href=\"https:\/\/blogi.ennola.fi\/wp-content\/uploads\/2023\/03\/IMG_6577.jpg\" rel=\"lightbox[8209]\"><img loading=\"lazy\" decoding=\"async\" aria-describedby=\"caption-attachment-8254\" class=\"wp-image-8254 size-full\" title=\"Teltan pakkaus.\" src=\"https:\/\/blogi.ennola.fi\/wp-content\/uploads\/2023\/03\/IMG_6577-1.jpg\" alt=\"\" width=\"450\" height=\"303\" srcset=\"https:\/\/blogi.ennola.fi\/wp-content\/uploads\/2023\/03\/IMG_6577-1.jpg 450w, https:\/\/blogi.ennola.fi\/wp-content\/uploads\/2023\/03\/IMG_6577-1-150x101.jpg 150w\" sizes=\"(max-width: 450px) 100vw, 450px\" \/><\/a><p id=\"caption-attachment-8254\" class=\"wp-caption-text\">Teltan pakkaus.<\/p><\/div>\n<div id=\"attachment_8255\" style=\"width: 460px\" class=\"wp-caption aligncenter\"><a href=\"https:\/\/blogi.ennola.fi\/wp-content\/uploads\/2023\/03\/IMG_6579.jpg\" rel=\"lightbox[8209]\"><img loading=\"lazy\" decoding=\"async\" aria-describedby=\"caption-attachment-8255\" class=\"wp-image-8255 size-full\" title=\"Teltan pakkaus.\" src=\"https:\/\/blogi.ennola.fi\/wp-content\/uploads\/2023\/03\/IMG_6579-1.jpg\" alt=\"\" width=\"450\" height=\"298\" srcset=\"https:\/\/blogi.ennola.fi\/wp-content\/uploads\/2023\/03\/IMG_6579-1.jpg 450w, https:\/\/blogi.ennola.fi\/wp-content\/uploads\/2023\/03\/IMG_6579-1-150x99.jpg 150w\" sizes=\"(max-width: 450px) 100vw, 450px\" \/><\/a><p id=\"caption-attachment-8255\" class=\"wp-caption-text\">Teltan pakkaus.<\/p><\/div>\n<div id=\"attachment_8256\" style=\"width: 460px\" class=\"wp-caption aligncenter\"><a href=\"https:\/\/blogi.ennola.fi\/wp-content\/uploads\/2023\/03\/IMG_6584.jpg\" rel=\"lightbox[8209]\"><img loading=\"lazy\" decoding=\"async\" aria-describedby=\"caption-attachment-8256\" class=\"wp-image-8256 size-full\" title=\"Aikainen liikkeellel\u00e4ht\u00f6.\" src=\"https:\/\/blogi.ennola.fi\/wp-content\/uploads\/2023\/03\/IMG_6584-1.jpg\" alt=\"\" width=\"450\" height=\"308\" srcset=\"https:\/\/blogi.ennola.fi\/wp-content\/uploads\/2023\/03\/IMG_6584-1.jpg 450w, https:\/\/blogi.ennola.fi\/wp-content\/uploads\/2023\/03\/IMG_6584-1-150x103.jpg 150w\" sizes=\"(max-width: 450px) 100vw, 450px\" \/><\/a><p id=\"caption-attachment-8256\" class=\"wp-caption-text\">Aikainen liikkeellel\u00e4ht\u00f6.<\/p><\/div>\n<div class=\"mceTemp\"><\/div>\n<div id=\"attachment_8261\" style=\"width: 460px\" class=\"wp-caption aligncenter\"><a href=\"https:\/\/blogi.ennola.fi\/wp-content\/uploads\/2023\/03\/IMG_6614.jpg\" rel=\"lightbox[8209]\"><img loading=\"lazy\" decoding=\"async\" aria-describedby=\"caption-attachment-8261\" class=\"wp-image-8261 size-full\" title=\"Lounastauko.\" src=\"https:\/\/blogi.ennola.fi\/wp-content\/uploads\/2023\/03\/IMG_6614-1.jpg\" alt=\"\" width=\"450\" height=\"295\" srcset=\"https:\/\/blogi.ennola.fi\/wp-content\/uploads\/2023\/03\/IMG_6614-1.jpg 450w, https:\/\/blogi.ennola.fi\/wp-content\/uploads\/2023\/03\/IMG_6614-1-150x98.jpg 150w\" sizes=\"(max-width: 450px) 100vw, 450px\" \/><\/a><p id=\"caption-attachment-8261\" class=\"wp-caption-text\">Lounastauko.<\/p><\/div>\n<p>Heti ensimm\u00e4isen\u00e4 p\u00e4iv\u00e4n\u00e4 n\u00e4imme railojen yhteydess\u00e4 avovett\u00e4, mik\u00e4 jonkin verran j\u00e4nnitti opiskelijoita. K\u00e4vimme l\u00e4pi railojen syntymekanismia ja sit\u00e4, kuinka v\u00e4h\u00e4n ne loppujen lopuksi heikent\u00e4v\u00e4t j\u00e4\u00e4t\u00e4. Tiedossa olevat sulapaikat kiersimme turvallisen matkan p\u00e4\u00e4st\u00e4. Rastinvirran sulan viereen j\u00e4imme ihmettelem\u00e4\u00e4n sit\u00e4 hiekkarannan puolelta. Joku k\u00e4vi v\u00e4h\u00e4n l\u00e4hemp\u00e4\u00e4kin tunnustelemassa sit\u00e4 j\u00e4\u00e4sauvallaan. Se oli kyll\u00e4 k\u00e4sitt\u00e4m\u00e4tt\u00f6m\u00e4n suuri ja oli vaikea oikein ymm\u00e4rt\u00e4\u00e4 miten niin iso selk\u00e4 voi olla niin laajalti sula.<\/p>\n<div class=\"mceTemp\"><\/div>\n<div id=\"attachment_8289\" style=\"width: 490px\" class=\"wp-caption aligncenter\"><a href=\"https:\/\/blogi.ennola.fi\/wp-content\/uploads\/2023\/03\/Saimaa_Panorama3.jpg\" rel=\"lightbox[8209]\"><img loading=\"lazy\" decoding=\"async\" aria-describedby=\"caption-attachment-8289\" class=\"wp-image-8289 size-full\" title=\"Railo Myhki\u00f6nsel\u00e4ll\u00e4.\" src=\"https:\/\/blogi.ennola.fi\/wp-content\/uploads\/2023\/03\/Saimaa_Panorama3-1.jpg\" alt=\"\" width=\"480\" height=\"159\" srcset=\"https:\/\/blogi.ennola.fi\/wp-content\/uploads\/2023\/03\/Saimaa_Panorama3-1.jpg 480w, https:\/\/blogi.ennola.fi\/wp-content\/uploads\/2023\/03\/Saimaa_Panorama3-1-150x50.jpg 150w\" sizes=\"(max-width: 480px) 100vw, 480px\" \/><\/a><p id=\"caption-attachment-8289\" class=\"wp-caption-text\">Railo Myhki\u00f6nsel\u00e4ll\u00e4.<\/p><\/div>\n<div id=\"attachment_8264\" style=\"width: 460px\" class=\"wp-caption aligncenter\"><a href=\"https:\/\/blogi.ennola.fi\/wp-content\/uploads\/2023\/03\/IMG_6660.jpg\" rel=\"lightbox[8209]\"><img loading=\"lazy\" decoding=\"async\" aria-describedby=\"caption-attachment-8264\" class=\"wp-image-8264 size-full\" title=\"Railon ohitus.\" src=\"https:\/\/blogi.ennola.fi\/wp-content\/uploads\/2023\/03\/IMG_6660-1.jpg\" alt=\"\" width=\"450\" height=\"300\" srcset=\"https:\/\/blogi.ennola.fi\/wp-content\/uploads\/2023\/03\/IMG_6660-1.jpg 450w, https:\/\/blogi.ennola.fi\/wp-content\/uploads\/2023\/03\/IMG_6660-1-150x100.jpg 150w\" sizes=\"(max-width: 450px) 100vw, 450px\" \/><\/a><p id=\"caption-attachment-8264\" class=\"wp-caption-text\">Railon ohitus.<\/p><\/div>\n<div id=\"attachment_8275\" style=\"width: 460px\" class=\"wp-caption aligncenter\"><a href=\"https:\/\/blogi.ennola.fi\/wp-content\/uploads\/2023\/03\/IMG_6603.jpg\" rel=\"lightbox[8209]\"><img loading=\"lazy\" decoding=\"async\" aria-describedby=\"caption-attachment-8275\" class=\"wp-image-8275 size-full\" title=\"J\u00e4\u00e4sauvan k\u00e4ytt\u00f6\u00e4 suuren sulan reunassa.\" src=\"https:\/\/blogi.ennola.fi\/wp-content\/uploads\/2023\/03\/IMG_6603-1.jpg\" alt=\"\" width=\"450\" height=\"300\" srcset=\"https:\/\/blogi.ennola.fi\/wp-content\/uploads\/2023\/03\/IMG_6603-1.jpg 450w, https:\/\/blogi.ennola.fi\/wp-content\/uploads\/2023\/03\/IMG_6603-1-150x100.jpg 150w\" sizes=\"(max-width: 450px) 100vw, 450px\" \/><\/a><p id=\"caption-attachment-8275\" class=\"wp-caption-text\">J\u00e4\u00e4sauvan k\u00e4ytt\u00f6\u00e4 suuren sulan reunassa.<\/p><\/div>\n<div id=\"attachment_8260\" style=\"width: 460px\" class=\"wp-caption aligncenter\"><a href=\"https:\/\/blogi.ennola.fi\/wp-content\/uploads\/2023\/03\/IMG_6606.jpg\" rel=\"lightbox[8209]\"><img loading=\"lazy\" decoding=\"async\" aria-describedby=\"caption-attachment-8260\" class=\"wp-image-8260 size-full\" title=\"Iso j\u00e4\u00e4lautta kannatti hiit\u00e4j\u00e4n hyvin. \" src=\"https:\/\/blogi.ennola.fi\/wp-content\/uploads\/2023\/03\/IMG_6606-1.jpg\" alt=\"\" width=\"450\" height=\"311\" srcset=\"https:\/\/blogi.ennola.fi\/wp-content\/uploads\/2023\/03\/IMG_6606-1.jpg 450w, https:\/\/blogi.ennola.fi\/wp-content\/uploads\/2023\/03\/IMG_6606-1-150x104.jpg 150w\" sizes=\"(max-width: 450px) 100vw, 450px\" \/><\/a><p id=\"caption-attachment-8260\" class=\"wp-caption-text\">Iso j\u00e4\u00e4lautta kannatti hiit\u00e4j\u00e4n hyvin.<\/p><\/div>\n<p>Iso oppimistavoite olikin my\u00f6s turvallinen j\u00e4\u00e4ll\u00e4 liikkuminen, mik\u00e4 l\u00e4hti liikkeelle jo ennakkoteht\u00e4v\u00e4n\u00e4 kartoittaa mahdollisia heikon j\u00e4\u00e4n alueita. Vaelluksen aikana mietimme selityksi\u00e4 sille, miksi sulat vuodesta toiseen muodostujat juuri niihin tiettyihin paikkoihin.<\/p>\n<p>Vaelluksella harjoittelimme j\u00e4\u00e4sauvan, heittok\u00f6yden ja naskalien k\u00e4ytt\u00f6\u00e4. Varmasti paljon j\u00e4\u00e4tietoutta saavutettiin, vaikkei yhdell\u00e4 retkell\u00e4 olekaan mahdollista saavuttaa t\u00e4ytt\u00e4 j\u00e4\u00e4ll\u00e4 liikkumisen turvallisuusosaamista. Mutta n\u00e4ill\u00e4 ev\u00e4ill\u00e4 on varmasti mahdollista alkaa harjoitella asiaa enemm\u00e4n tai v\u00e4hemm\u00e4n itsen\u00e4isesti.<\/p>\n<div id=\"attachment_8258\" style=\"width: 460px\" class=\"wp-caption aligncenter\"><a href=\"https:\/\/blogi.ennola.fi\/wp-content\/uploads\/2023\/03\/IMG_6598.jpg\" rel=\"lightbox[8209]\"><img loading=\"lazy\" decoding=\"async\" aria-describedby=\"caption-attachment-8258\" class=\"wp-image-8258 size-full\" title=\"Harjoitus j\u00e4\u00e4naskalien k\u00e4yt\u00f6st\u00e4.\" src=\"https:\/\/blogi.ennola.fi\/wp-content\/uploads\/2023\/03\/IMG_6598-1.jpg\" alt=\"\" width=\"450\" height=\"305\" srcset=\"https:\/\/blogi.ennola.fi\/wp-content\/uploads\/2023\/03\/IMG_6598-1.jpg 450w, https:\/\/blogi.ennola.fi\/wp-content\/uploads\/2023\/03\/IMG_6598-1-150x102.jpg 150w\" sizes=\"(max-width: 450px) 100vw, 450px\" \/><\/a><p id=\"caption-attachment-8258\" class=\"wp-caption-text\">Harjoitus j\u00e4\u00e4naskalien k\u00e4yt\u00f6st\u00e4.<\/p><\/div>\n<div id=\"attachment_8257\" style=\"width: 318px\" class=\"wp-caption aligncenter\"><a href=\"https:\/\/blogi.ennola.fi\/wp-content\/uploads\/2023\/03\/IMG_6594.jpg\" rel=\"lightbox[8209]\"><img loading=\"lazy\" decoding=\"async\" aria-describedby=\"caption-attachment-8257\" class=\"wp-image-8257 size-full\" title=\"Heittok\u00f6yden heittoa.\" src=\"https:\/\/blogi.ennola.fi\/wp-content\/uploads\/2023\/03\/IMG_6594-1.jpg\" alt=\"\" width=\"308\" height=\"420\" srcset=\"https:\/\/blogi.ennola.fi\/wp-content\/uploads\/2023\/03\/IMG_6594-1.jpg 308w, https:\/\/blogi.ennola.fi\/wp-content\/uploads\/2023\/03\/IMG_6594-1-293x400.jpg 293w, https:\/\/blogi.ennola.fi\/wp-content\/uploads\/2023\/03\/IMG_6594-1-110x150.jpg 110w\" sizes=\"(max-width: 308px) 100vw, 308px\" \/><\/a><p id=\"caption-attachment-8257\" class=\"wp-caption-text\">Heittok\u00f6yden heittoa.<\/p><\/div>\n<p>Retken lopussa pidimme hypotermiaharjoituksen, miss\u00e4 yksi opiskelija kuvitteellisesti putosi j\u00e4ihin. Teimme mukanamme olevista tarvikkeista hypotermiapussin potilaan rauhalliseen l\u00e4mmitt\u00e4miseen. Pienen opettajan tekem\u00e4n painostuksen j\u00e4lkeen pystytimme yhden teltoistamme ja sytyimme sinne keittimen l\u00e4mmitt\u00e4m\u00e4\u00e4n sit\u00e4. Tositilanteessahan j\u00e4rkevint\u00e4 olisi pytytt\u00e4\u00e4 teltta ja alkaa l\u00e4mmitt\u00e4\u00e4 sit\u00e4, mihin ei montaa minuuttia osaavalta porukalta kulu. L\u00e4mpim\u00e4ss\u00e4 teltassa sitten vaatteiden vaihto ja l\u00e4mmittely olisi kohtuullisen helppoa.<\/p>\n<div class=\"mceTemp\"><\/div>\n<div id=\"attachment_8246\" style=\"width: 329px\" class=\"wp-caption aligncenter\"><a href=\"https:\/\/blogi.ennola.fi\/wp-content\/uploads\/2023\/03\/IMG_6929.jpg\" rel=\"lightbox[8209]\"><img loading=\"lazy\" decoding=\"async\" aria-describedby=\"caption-attachment-8246\" class=\"wp-image-8246 size-full\" title=\"Hypotermia harjoitus.\" src=\"https:\/\/blogi.ennola.fi\/wp-content\/uploads\/2023\/03\/IMG_6929-1.jpg\" alt=\"\" width=\"319\" height=\"420\" srcset=\"https:\/\/blogi.ennola.fi\/wp-content\/uploads\/2023\/03\/IMG_6929-1.jpg 319w, https:\/\/blogi.ennola.fi\/wp-content\/uploads\/2023\/03\/IMG_6929-1-304x400.jpg 304w, https:\/\/blogi.ennola.fi\/wp-content\/uploads\/2023\/03\/IMG_6929-1-114x150.jpg 114w\" sizes=\"(max-width: 319px) 100vw, 319px\" \/><\/a><p id=\"caption-attachment-8246\" class=\"wp-caption-text\">Hypotermia harjoitus.<\/p><\/div>\n<p>T\u00e4ysi\u00e4 vaellusp\u00e4ivi\u00e4 meill\u00e4 oli kolme, joten kukin telttakunta sai suunnistaa ja vet\u00e4\u00e4 yhden p\u00e4iv\u00e4n vuorollaan.<\/p>\n<div id=\"attachment_8262\" style=\"width: 316px\" class=\"wp-caption aligncenter\"><a href=\"https:\/\/blogi.ennola.fi\/wp-content\/uploads\/2023\/03\/IMG_6618.jpg\" rel=\"lightbox[8209]\"><img loading=\"lazy\" decoding=\"async\" aria-describedby=\"caption-attachment-8262\" class=\"wp-image-8262 size-full\" title=\"Suunnistusta.\" src=\"https:\/\/blogi.ennola.fi\/wp-content\/uploads\/2023\/03\/IMG_6618-1.jpg\" alt=\"\" width=\"306\" height=\"420\" srcset=\"https:\/\/blogi.ennola.fi\/wp-content\/uploads\/2023\/03\/IMG_6618-1.jpg 306w, https:\/\/blogi.ennola.fi\/wp-content\/uploads\/2023\/03\/IMG_6618-1-291x400.jpg 291w, https:\/\/blogi.ennola.fi\/wp-content\/uploads\/2023\/03\/IMG_6618-1-109x150.jpg 109w\" sizes=\"(max-width: 306px) 100vw, 306px\" \/><\/a><p id=\"caption-attachment-8262\" class=\"wp-caption-text\">Suunnistusta.<\/p><\/div>\n<div id=\"attachment_8263\" style=\"width: 460px\" class=\"wp-caption aligncenter\"><a href=\"https:\/\/blogi.ennola.fi\/wp-content\/uploads\/2023\/03\/IMG_6625.jpg\" rel=\"lightbox[8209]\"><img loading=\"lazy\" decoding=\"async\" aria-describedby=\"caption-attachment-8263\" class=\"wp-image-8263 size-full\" title=\"Leiri.\" src=\"https:\/\/blogi.ennola.fi\/wp-content\/uploads\/2023\/03\/IMG_6625-1.jpg\" alt=\"\" width=\"450\" height=\"299\" srcset=\"https:\/\/blogi.ennola.fi\/wp-content\/uploads\/2023\/03\/IMG_6625-1.jpg 450w, https:\/\/blogi.ennola.fi\/wp-content\/uploads\/2023\/03\/IMG_6625-1-150x100.jpg 150w\" sizes=\"(max-width: 450px) 100vw, 450px\" \/><\/a><p id=\"caption-attachment-8263\" class=\"wp-caption-text\">Leiri.<\/p><\/div>\n<div id=\"attachment_8251\" style=\"width: 490px\" class=\"wp-caption aligncenter\"><a href=\"https:\/\/blogi.ennola.fi\/wp-content\/uploads\/2023\/03\/Saimaa_Panorama1.jpg\" rel=\"lightbox[8209]\"><img loading=\"lazy\" decoding=\"async\" aria-describedby=\"caption-attachment-8251\" class=\"wp-image-8251 size-full\" title=\"Leiri.\" src=\"https:\/\/blogi.ennola.fi\/wp-content\/uploads\/2023\/03\/Saimaa_Panorama1-1.jpg\" alt=\"\" width=\"480\" height=\"152\" srcset=\"https:\/\/blogi.ennola.fi\/wp-content\/uploads\/2023\/03\/Saimaa_Panorama1-1.jpg 480w, https:\/\/blogi.ennola.fi\/wp-content\/uploads\/2023\/03\/Saimaa_Panorama1-1-150x48.jpg 150w\" sizes=\"(max-width: 480px) 100vw, 480px\" \/><\/a><p id=\"caption-attachment-8251\" class=\"wp-caption-text\">Leiri.<\/p><\/div>\n<div id=\"attachment_8267\" style=\"width: 460px\" class=\"wp-caption aligncenter\"><a href=\"https:\/\/blogi.ennola.fi\/wp-content\/uploads\/2023\/03\/IMG_6677.jpg\" rel=\"lightbox[8209]\"><img loading=\"lazy\" decoding=\"async\" aria-describedby=\"caption-attachment-8267\" class=\"wp-image-8267 size-full\" title=\"Isolla sel\u00e4ll\u00e4.\" src=\"https:\/\/blogi.ennola.fi\/wp-content\/uploads\/2023\/03\/IMG_6677-1.jpg\" alt=\"\" width=\"450\" height=\"268\" srcset=\"https:\/\/blogi.ennola.fi\/wp-content\/uploads\/2023\/03\/IMG_6677-1.jpg 450w, https:\/\/blogi.ennola.fi\/wp-content\/uploads\/2023\/03\/IMG_6677-1-150x89.jpg 150w\" sizes=\"(max-width: 450px) 100vw, 450px\" \/><\/a><p id=\"caption-attachment-8267\" class=\"wp-caption-text\">Isolla sel\u00e4ll\u00e4.<\/p><\/div>\n<div id=\"attachment_8266\" style=\"width: 460px\" class=\"wp-caption aligncenter\"><a href=\"https:\/\/blogi.ennola.fi\/wp-content\/uploads\/2023\/03\/IMG_6676.jpg\" rel=\"lightbox[8209]\"><img loading=\"lazy\" decoding=\"async\" aria-describedby=\"caption-attachment-8266\" class=\"wp-image-8266 size-full\" title=\"Isolla sel\u00e4ll\u00e4.\" src=\"https:\/\/blogi.ennola.fi\/wp-content\/uploads\/2023\/03\/IMG_6676-1.jpg\" alt=\"\" width=\"450\" height=\"295\" srcset=\"https:\/\/blogi.ennola.fi\/wp-content\/uploads\/2023\/03\/IMG_6676-1.jpg 450w, https:\/\/blogi.ennola.fi\/wp-content\/uploads\/2023\/03\/IMG_6676-1-150x98.jpg 150w\" sizes=\"(max-width: 450px) 100vw, 450px\" \/><\/a><p id=\"caption-attachment-8266\" class=\"wp-caption-text\">Isolla sel\u00e4ll\u00e4.<\/p><\/div>\n<div id=\"attachment_8265\" style=\"width: 460px\" class=\"wp-caption aligncenter\"><a href=\"https:\/\/blogi.ennola.fi\/wp-content\/uploads\/2023\/03\/IMG_6672.jpg\" rel=\"lightbox[8209]\"><img loading=\"lazy\" decoding=\"async\" aria-describedby=\"caption-attachment-8265\" class=\"wp-image-8265 size-full\" title=\"Tauko.\" src=\"https:\/\/blogi.ennola.fi\/wp-content\/uploads\/2023\/03\/IMG_6672-1.jpg\" alt=\"\" width=\"450\" height=\"303\" srcset=\"https:\/\/blogi.ennola.fi\/wp-content\/uploads\/2023\/03\/IMG_6672-1.jpg 450w, https:\/\/blogi.ennola.fi\/wp-content\/uploads\/2023\/03\/IMG_6672-1-150x101.jpg 150w\" sizes=\"(max-width: 450px) 100vw, 450px\" \/><\/a><p id=\"caption-attachment-8265\" class=\"wp-caption-text\">Tauko.<\/p><\/div>\n<p>Kaksi y\u00f6t\u00e4 olimme paikallisessa retkeilysatamassa Taka-Ruuhon saaressa. P\u00e4iv\u00e4n k\u00e4ytimme ensisijaisesti kahden lumikammin rakentamiseen. Aamup\u00e4iv\u00e4n k\u00e4ytimme riitt\u00e4v\u00e4n suurien lumikasojen kasaamiseen j\u00e4rven rantaan, mitk\u00e4 sitten lopuksi tikutimme ja j\u00e4timme p\u00e4iv\u00e4ksi kovettumaan. Odotellessamme niiden kovettumista teimme suuren mandalakuvion j\u00e4rven j\u00e4\u00e4lle. Apuv\u00e4lineen\u00e4 meill\u00e4 oli vain omat jalat ja yksi heittok\u00f6ysi. Melko pitk\u00e4llisen suunnittelun j\u00e4lkeen saimme kuvon tallotuksi ja hienohan siit\u00e4 tuli.<\/p>\n<p>Illan suussa olikin sitten vuorossa lumikammien kaivaminen ontoiksi, mik\u00e4 oli varsin l\u00e4mmint\u00e4 ja kosteaa puuhaa. Kaikki eiv\u00e4t pystyneet kaivamaan kammia samanaikaisesti, joten osa l\u00e4hti saunan l\u00e4mmitykseen. Saaressa oli nimitt\u00e4in yll\u00e4tykseksemme saunamahdollisuus. Seuraavana y\u00f6n\u00e4 osa opiskelijoista nukkui jo tutuksi tulleissa teltoissa, osa lumikammissa.<\/p>\n<div class=\"mceTemp\"><\/div>\n<div id=\"attachment_8270\" style=\"width: 460px\" class=\"wp-caption aligncenter\"><a href=\"https:\/\/blogi.ennola.fi\/wp-content\/uploads\/2023\/03\/IMG_6738.jpg\" rel=\"lightbox[8209]\"><img loading=\"lazy\" decoding=\"async\" aria-describedby=\"caption-attachment-8270\" class=\"wp-image-8270 size-full\" title=\"Lumikammin valmistelua.\" src=\"https:\/\/blogi.ennola.fi\/wp-content\/uploads\/2023\/03\/IMG_6738-1.jpg\" alt=\"\" width=\"450\" height=\"301\" srcset=\"https:\/\/blogi.ennola.fi\/wp-content\/uploads\/2023\/03\/IMG_6738-1.jpg 450w, https:\/\/blogi.ennola.fi\/wp-content\/uploads\/2023\/03\/IMG_6738-1-150x100.jpg 150w\" sizes=\"(max-width: 450px) 100vw, 450px\" \/><\/a><p id=\"caption-attachment-8270\" class=\"wp-caption-text\">Lumikammin valmistelua.<\/p><\/div>\n<div id=\"attachment_8271\" style=\"width: 460px\" class=\"wp-caption aligncenter\"><a href=\"https:\/\/blogi.ennola.fi\/wp-content\/uploads\/2023\/03\/IMG_6805.jpg\" rel=\"lightbox[8209]\"><img loading=\"lazy\" decoding=\"async\" aria-describedby=\"caption-attachment-8271\" class=\"wp-image-8271 size-full\" title=\"Lumikammin valmistelua.\" src=\"https:\/\/blogi.ennola.fi\/wp-content\/uploads\/2023\/03\/IMG_6805-1.jpg\" alt=\"\" width=\"450\" height=\"300\" srcset=\"https:\/\/blogi.ennola.fi\/wp-content\/uploads\/2023\/03\/IMG_6805-1.jpg 450w, https:\/\/blogi.ennola.fi\/wp-content\/uploads\/2023\/03\/IMG_6805-1-150x100.jpg 150w\" sizes=\"(max-width: 450px) 100vw, 450px\" \/><\/a><p id=\"caption-attachment-8271\" class=\"wp-caption-text\">Lumikammin valmistelua.<\/p><\/div>\n<div id=\"attachment_8272\" style=\"width: 460px\" class=\"wp-caption aligncenter\"><a href=\"https:\/\/blogi.ennola.fi\/wp-content\/uploads\/2023\/03\/IMG_6875.jpg\" rel=\"lightbox[8209]\"><img loading=\"lazy\" decoding=\"async\" aria-describedby=\"caption-attachment-8272\" class=\"wp-image-8272 size-full\" title=\"Pinnan vahvistaminen taputtelemalla.\" src=\"https:\/\/blogi.ennola.fi\/wp-content\/uploads\/2023\/03\/IMG_6875-1.jpg\" alt=\"\" width=\"450\" height=\"314\" srcset=\"https:\/\/blogi.ennola.fi\/wp-content\/uploads\/2023\/03\/IMG_6875-1.jpg 450w, https:\/\/blogi.ennola.fi\/wp-content\/uploads\/2023\/03\/IMG_6875-1-150x105.jpg 150w\" sizes=\"(max-width: 450px) 100vw, 450px\" \/><\/a><p id=\"caption-attachment-8272\" class=\"wp-caption-text\">Pinnan vahvistaminen taputtelemalla.<\/p><\/div>\n<div id=\"attachment_8244\" style=\"width: 460px\" class=\"wp-caption aligncenter\"><a href=\"https:\/\/blogi.ennola.fi\/wp-content\/uploads\/2023\/03\/IMG_6912.jpg\" rel=\"lightbox[8209]\"><img loading=\"lazy\" decoding=\"async\" aria-describedby=\"caption-attachment-8244\" class=\"wp-image-8244 size-full\" title=\"Lumikammain kovertaminen tyhj\u00e4ksi.\" src=\"https:\/\/blogi.ennola.fi\/wp-content\/uploads\/2023\/03\/IMG_6912-1.jpg\" alt=\"\" width=\"450\" height=\"300\" srcset=\"https:\/\/blogi.ennola.fi\/wp-content\/uploads\/2023\/03\/IMG_6912-1.jpg 450w, https:\/\/blogi.ennola.fi\/wp-content\/uploads\/2023\/03\/IMG_6912-1-150x100.jpg 150w\" sizes=\"(max-width: 450px) 100vw, 450px\" \/><\/a><p id=\"caption-attachment-8244\" class=\"wp-caption-text\">Lumikammain kovertaminen tyhj\u00e4ksi.<\/p><\/div>\n<div id=\"attachment_8245\" style=\"width: 460px\" class=\"wp-caption aligncenter\"><a href=\"https:\/\/blogi.ennola.fi\/wp-content\/uploads\/2023\/03\/IMG_6919.jpg\" rel=\"lightbox[8209]\"><img loading=\"lazy\" decoding=\"async\" aria-describedby=\"caption-attachment-8245\" class=\"wp-image-8245 size-full\" title=\"Valmis lumikammi.\" src=\"https:\/\/blogi.ennola.fi\/wp-content\/uploads\/2023\/03\/IMG_6919-1.jpg\" alt=\"\" width=\"450\" height=\"296\" srcset=\"https:\/\/blogi.ennola.fi\/wp-content\/uploads\/2023\/03\/IMG_6919-1.jpg 450w, https:\/\/blogi.ennola.fi\/wp-content\/uploads\/2023\/03\/IMG_6919-1-150x99.jpg 150w\" sizes=\"(max-width: 450px) 100vw, 450px\" \/><\/a><p id=\"caption-attachment-8245\" class=\"wp-caption-text\">Valmis lumikammi.<\/p><\/div>\n<div id=\"attachment_8273\" style=\"width: 460px\" class=\"wp-caption aligncenter\"><a href=\"https:\/\/blogi.ennola.fi\/wp-content\/uploads\/2023\/03\/IMG_6886.jpg\" rel=\"lightbox[8209]\"><img loading=\"lazy\" decoding=\"async\" aria-describedby=\"caption-attachment-8273\" class=\"wp-image-8273 size-full\" title=\"Mandalan tallaaminen.\" src=\"https:\/\/blogi.ennola.fi\/wp-content\/uploads\/2023\/03\/IMG_6886-1.jpg\" alt=\"\" width=\"450\" height=\"285\" srcset=\"https:\/\/blogi.ennola.fi\/wp-content\/uploads\/2023\/03\/IMG_6886-1.jpg 450w, https:\/\/blogi.ennola.fi\/wp-content\/uploads\/2023\/03\/IMG_6886-1-150x95.jpg 150w\" sizes=\"(max-width: 450px) 100vw, 450px\" \/><\/a><p id=\"caption-attachment-8273\" class=\"wp-caption-text\">Mandalan tallaaminen.<\/p><\/div>\n<div id=\"attachment_8297\" style=\"width: 460px\" class=\"wp-caption aligncenter\"><a href=\"https:\/\/blogi.ennola.fi\/wp-content\/uploads\/2023\/03\/IMG_20230216_113322.jpg\" rel=\"lightbox[8209]\"><img loading=\"lazy\" decoding=\"async\" aria-describedby=\"caption-attachment-8297\" class=\"wp-image-8297 size-full\" title=\"Valmis mandala. (Samun kuva)\" src=\"https:\/\/blogi.ennola.fi\/wp-content\/uploads\/2023\/03\/IMG_20230216_113322-1.jpg\" alt=\"\" width=\"450\" height=\"311\" \/><\/a><p id=\"caption-attachment-8297\" class=\"wp-caption-text\">Valmis mandala. (Samun kuva)<\/p><\/div>\n<div id=\"attachment_8243\" style=\"width: 311px\" class=\"wp-caption aligncenter\"><a href=\"https:\/\/blogi.ennola.fi\/wp-content\/uploads\/2023\/03\/IMG_6904.jpg\" rel=\"lightbox[8209]\"><img loading=\"lazy\" decoding=\"async\" aria-describedby=\"caption-attachment-8243\" class=\"wp-image-8243 size-full\" title=\"Samu kaivoi poolin veden keruuseen.\" src=\"https:\/\/blogi.ennola.fi\/wp-content\/uploads\/2023\/03\/IMG_6904-1.jpg\" alt=\"\" width=\"301\" height=\"420\" srcset=\"https:\/\/blogi.ennola.fi\/wp-content\/uploads\/2023\/03\/IMG_6904-1.jpg 301w, https:\/\/blogi.ennola.fi\/wp-content\/uploads\/2023\/03\/IMG_6904-1-287x400.jpg 287w, https:\/\/blogi.ennola.fi\/wp-content\/uploads\/2023\/03\/IMG_6904-1-108x150.jpg 108w\" sizes=\"(max-width: 301px) 100vw, 301px\" \/><\/a><p id=\"caption-attachment-8243\" class=\"wp-caption-text\">Samu kaivoi poolin veden keruuseen.<\/p><\/div>\n<div id=\"attachment_8242\" style=\"width: 460px\" class=\"wp-caption aligncenter\"><a href=\"https:\/\/blogi.ennola.fi\/wp-content\/uploads\/2023\/03\/IMG_6891.jpg\" rel=\"lightbox[8209]\"><img loading=\"lazy\" decoding=\"async\" aria-describedby=\"caption-attachment-8242\" class=\"wp-image-8242 size-full\" title=\"Ruuan valmistusta nuotiopaikalla.\" src=\"https:\/\/blogi.ennola.fi\/wp-content\/uploads\/2023\/03\/IMG_6891-1.jpg\" alt=\"\" width=\"450\" height=\"302\" srcset=\"https:\/\/blogi.ennola.fi\/wp-content\/uploads\/2023\/03\/IMG_6891-1.jpg 450w, https:\/\/blogi.ennola.fi\/wp-content\/uploads\/2023\/03\/IMG_6891-1-150x101.jpg 150w\" sizes=\"(max-width: 450px) 100vw, 450px\" \/><\/a><p id=\"caption-attachment-8242\" class=\"wp-caption-text\">Ruuan valmistusta nuotiopaikalla.<\/p><\/div>\n<p>S\u00e4\u00e4t olivat melko vaihtelevat kuten talvella yleens\u00e4. Ensimm\u00e4inen ilta ja y\u00f6 olivat kirkkaita, joten l\u00e4mp\u00f6tila laski kymmenen pakkasasteen tienoille. Niinp\u00e4 aamulla l\u00e4htiess\u00e4mme liikkeelle j\u00e4\u00e4t paukkuivat koko aamup\u00e4iv\u00e4n ja saatoimme n\u00e4hd\u00e4 useita tuoreita y\u00f6n aikana auenneita railoja, jotka viel\u00e4 olivat vain kapeita naarmuja j\u00e4\u00e4n pinnassa.<\/p>\n<p>Parina p\u00e4iv\u00e4n\u00e4 saimme nauttia auringonpaisteesta, mik\u00e4 sai s\u00e4\u00e4n tuntumaan l\u00e4mpim\u00e4lt\u00e4, etenkin tuulen suojassa. Yhten\u00e4 y\u00f6n\u00e4 saimme lumisadetta niskaamme ja viimeisen\u00e4 kokonaisena p\u00e4iv\u00e4n\u00e4 s\u00e4\u00e4 l\u00e4mpeni suojan puolelle, mik\u00e4 sai lumen tarttumaan suksiimme. L\u00e4mmin s\u00e4\u00e4 toi mukanaan sakean sumun tuoden lis\u00e4haasteita suunnistukseen.<\/p>\n<p>&nbsp;<\/p>\n<div id=\"attachment_8248\" style=\"width: 460px\" class=\"wp-caption aligncenter\"><a href=\"https:\/\/blogi.ennola.fi\/wp-content\/uploads\/2023\/03\/IMG_6934.jpg\" rel=\"lightbox[8209]\"><img loading=\"lazy\" decoding=\"async\" aria-describedby=\"caption-attachment-8248\" class=\"wp-image-8248 size-full\" title=\"Kartanlukua sakeassa sumussa.\" src=\"https:\/\/blogi.ennola.fi\/wp-content\/uploads\/2023\/03\/IMG_6934-1.jpg\" alt=\"\" width=\"450\" height=\"283\" srcset=\"https:\/\/blogi.ennola.fi\/wp-content\/uploads\/2023\/03\/IMG_6934-1.jpg 450w, https:\/\/blogi.ennola.fi\/wp-content\/uploads\/2023\/03\/IMG_6934-1-150x94.jpg 150w\" sizes=\"(max-width: 450px) 100vw, 450px\" \/><\/a><p id=\"caption-attachment-8248\" class=\"wp-caption-text\">Kartanlukua sakeassa sumussa.<\/p><\/div>\n<div id=\"attachment_8249\" style=\"width: 460px\" class=\"wp-caption aligncenter\"><a href=\"https:\/\/blogi.ennola.fi\/wp-content\/uploads\/2023\/03\/IMG_6945.jpg\" rel=\"lightbox[8209]\"><img loading=\"lazy\" decoding=\"async\" aria-describedby=\"caption-attachment-8249\" class=\"wp-image-8249 size-full\" title=\"Sukset takerteli sen verta lumeen, ett\u00e4 useimpien oli helpompi kulkea ilman.\" src=\"https:\/\/blogi.ennola.fi\/wp-content\/uploads\/2023\/03\/IMG_6945-1.jpg\" alt=\"\" width=\"450\" height=\"302\" srcset=\"https:\/\/blogi.ennola.fi\/wp-content\/uploads\/2023\/03\/IMG_6945-1.jpg 450w, https:\/\/blogi.ennola.fi\/wp-content\/uploads\/2023\/03\/IMG_6945-1-150x101.jpg 150w\" sizes=\"(max-width: 450px) 100vw, 450px\" \/><\/a><p id=\"caption-attachment-8249\" class=\"wp-caption-text\">Sukset takerteli sen verta lumeen, ett\u00e4 useimpien oli helpompi kulkea ilman.<\/p><\/div>\n<div id=\"attachment_8250\" style=\"width: 460px\" class=\"wp-caption aligncenter\"><a href=\"https:\/\/blogi.ennola.fi\/wp-content\/uploads\/2023\/03\/IMG_6954.jpg\" rel=\"lightbox[8209]\"><img loading=\"lazy\" decoding=\"async\" aria-describedby=\"caption-attachment-8250\" class=\"wp-image-8250 size-full\" title=\"Ryhm\u00e4.\" src=\"https:\/\/blogi.ennola.fi\/wp-content\/uploads\/2023\/03\/IMG_6954-1.jpg\" alt=\"\" width=\"450\" height=\"245\" srcset=\"https:\/\/blogi.ennola.fi\/wp-content\/uploads\/2023\/03\/IMG_6954-1.jpg 450w, https:\/\/blogi.ennola.fi\/wp-content\/uploads\/2023\/03\/IMG_6954-1-150x82.jpg 150w\" sizes=\"(max-width: 450px) 100vw, 450px\" \/><\/a><p id=\"caption-attachment-8250\" class=\"wp-caption-text\">Ryhm\u00e4.<\/p><\/div>\n<p>Lunta oli aika v\u00e4h\u00e4n, mik\u00e4 varmaankin j\u00e4\u00e4tilanteen kannalta oli hyv\u00e4. Paikka paikoin j\u00e4\u00e4ll\u00e4 oli tuskin ollenkaan lunta ja paksuimmillaankin jotain kymmenen sentin luokkaa. Saarissa olisi ollut haastavaa hiiht\u00e4\u00e4 lumen v\u00e4hyyden vuoksi. J\u00e4\u00e4t\u00e4 oli riitt\u00e4v\u00e4sti. Kairan rei\u00e4st\u00e4 saattoi koko j\u00e4\u00e4n paksuudeksi arvioida nelisenkymment\u00e4 sentti\u00e4, josta kohvaa sellaiset viisitoista ylint\u00e4 sentti\u00e4.<\/p>\n<p>Luonto oli hiljainen. Paljoa ei lintuhavaintoja tullut tehdyksi. Rastinvirran sulan \u00e4\u00e4ress\u00e4 oli pari lokkia liian kaukana, ett\u00e4 olisin niiden lajia saanut m\u00e4\u00e4ritetyksi. Hienoin havainto oli viimeisen\u00e4 p\u00e4iv\u00e4n\u00e4, jolloin teeriparvi oli kokoontunut soitimelle Saimaan j\u00e4\u00e4lle. Norppaa eik\u00e4 muitakaan nis\u00e4kk\u00e4it\u00e4 tullut n\u00e4hdyksi. Nis\u00e4kk\u00e4iden j\u00e4lki\u00e4 toki j\u00e4\u00e4ll\u00e4 oli, mist\u00e4 mieleenpainuvimmat olivat ilveksen j\u00e4ljet.<\/p>\n<div id=\"attachment_8287\" style=\"width: 490px\" class=\"wp-caption aligncenter\"><a href=\"https:\/\/blogi.ennola.fi\/wp-content\/uploads\/2023\/03\/Saimaa_Panorama5.jpg\" rel=\"lightbox[8209]\"><img loading=\"lazy\" decoding=\"async\" aria-describedby=\"caption-attachment-8287\" class=\"wp-image-8287 size-full\" title=\"Huuhanselk\u00e4.\" src=\"https:\/\/blogi.ennola.fi\/wp-content\/uploads\/2023\/03\/Saimaa_Panorama5-1.jpg\" alt=\"\" width=\"480\" height=\"121\" srcset=\"https:\/\/blogi.ennola.fi\/wp-content\/uploads\/2023\/03\/Saimaa_Panorama5-1.jpg 480w, https:\/\/blogi.ennola.fi\/wp-content\/uploads\/2023\/03\/Saimaa_Panorama5-1-150x38.jpg 150w\" sizes=\"(max-width: 480px) 100vw, 480px\" \/><\/a><p id=\"caption-attachment-8287\" class=\"wp-caption-text\">Huuhanselk\u00e4.<\/p><\/div>\n<div id=\"attachment_8288\" style=\"width: 490px\" class=\"wp-caption aligncenter\"><a href=\"https:\/\/blogi.ennola.fi\/wp-content\/uploads\/2023\/03\/Saimaa_Panorama6.jpg\" rel=\"lightbox[8209]\"><img loading=\"lazy\" decoding=\"async\" aria-describedby=\"caption-attachment-8288\" class=\"wp-image-8288 size-full\" title=\"Petraselk\u00e4.\" src=\"https:\/\/blogi.ennola.fi\/wp-content\/uploads\/2023\/03\/Saimaa_Panorama6-1.jpg\" alt=\"\" width=\"480\" height=\"131\" srcset=\"https:\/\/blogi.ennola.fi\/wp-content\/uploads\/2023\/03\/Saimaa_Panorama6-1.jpg 480w, https:\/\/blogi.ennola.fi\/wp-content\/uploads\/2023\/03\/Saimaa_Panorama6-1-150x41.jpg 150w\" sizes=\"(max-width: 480px) 100vw, 480px\" \/><\/a><p id=\"caption-attachment-8288\" class=\"wp-caption-text\">Petraselk\u00e4.<\/p><\/div>\n<p>Matkassa meill\u00e4 oli pienet halvat radiopuhelimet joiden v\u00e4lityksell\u00e4 pystyimme iltaisin ja aamuisin keskustelemaan telttojen v\u00e4lill\u00e4. Kahtena ensimm\u00e4isen\u00e4 iltana teimme reflektion radiopuhelinten v\u00e4lityksell\u00e4. Lumikammileiriss\u00e4 oli nuotiopaikka, jonka \u00e4\u00e4reen oli kiva kokoontua keskustelemaan, joten siell\u00e4 emme puhelimia k\u00e4ytt\u00e4neet.<\/p>\n<p>Viimeiseksi illaksi kahden opiskelijan johdolla pidimme hienon reflektion, mik\u00e4 piti sis\u00e4ll\u00e4\u00e4n liikunnallisen, taiteellisen ja pohdiskelevan osuuden. Liikunnallisessa osuudessa kertasimme j\u00e4\u00e4turvallisuusv\u00e4lineiden k\u00e4yt\u00f6n kilpailun muodossa, mik\u00e4 ei ollutkaan kilpailu. Taiteellisessa osuudessa teimme lumesta norpan, joita emme luonnossa olleet viel\u00e4 havainneet ja pohdiskelevassa osuudessa mietimme kuluneen retken antia meille.<\/p>\n<div id=\"attachment_8294\" style=\"width: 347px\" class=\"wp-caption aligncenter\"><a href=\"https:\/\/blogi.ennola.fi\/wp-content\/uploads\/2023\/03\/IMG20230217190338.jpg\" rel=\"lightbox[8209]\"><img loading=\"lazy\" decoding=\"async\" aria-describedby=\"caption-attachment-8294\" class=\"wp-image-8294 size-full\" title=\"Lopulta l\u00f6ytyi norppakin. (Villen kuva)\" src=\"https:\/\/blogi.ennola.fi\/wp-content\/uploads\/2023\/03\/IMG20230217190338-1.jpg\" alt=\"\" width=\"337\" height=\"420\" srcset=\"https:\/\/blogi.ennola.fi\/wp-content\/uploads\/2023\/03\/IMG20230217190338-1.jpg 337w, https:\/\/blogi.ennola.fi\/wp-content\/uploads\/2023\/03\/IMG20230217190338-1-321x400.jpg 321w, https:\/\/blogi.ennola.fi\/wp-content\/uploads\/2023\/03\/IMG20230217190338-1-120x150.jpg 120w\" sizes=\"(max-width: 337px) 100vw, 337px\" \/><\/a><p id=\"caption-attachment-8294\" class=\"wp-caption-text\">Lopulta l\u00f6ytyi norppakin. (Villen kuva)<\/p><\/div>\n<p>Viimeiseksi p\u00e4iv\u00e4ksi on aina hyv\u00e4 keksi\u00e4 jotain ekstraa, ettei se menisi ihan vaan l\u00e4pi hiihdoksi. T\u00e4ll\u00e4 kertaa ohjelmassa oli yksinvaellusosuus. L\u00e4hdimme viimeiselle osuudelle sen verta pitkill\u00e4 v\u00e4liajoilla, ett\u00e4 jokainen sai olla omissa ajatuksissa. Samalla se mahdollisti my\u00f6s saada pienimuotoisen yksin vaeltamisen kokemuksen.<\/p>\n<div class=\"mceTemp\"><\/div>\n<div id=\"attachment_8247\" style=\"width: 460px\" class=\"wp-caption aligncenter\"><a href=\"https:\/\/blogi.ennola.fi\/wp-content\/uploads\/2023\/03\/IMG_6933.jpg\" rel=\"lightbox[8209]\"><img loading=\"lazy\" decoding=\"async\" aria-describedby=\"caption-attachment-8247\" class=\"wp-image-8247 size-full\" title=\"Perinteinen ryhm\u00e4kuva.\" src=\"https:\/\/blogi.ennola.fi\/wp-content\/uploads\/2023\/03\/IMG_6933-1.jpg\" alt=\"\" width=\"450\" height=\"284\" srcset=\"https:\/\/blogi.ennola.fi\/wp-content\/uploads\/2023\/03\/IMG_6933-1.jpg 450w, https:\/\/blogi.ennola.fi\/wp-content\/uploads\/2023\/03\/IMG_6933-1-150x95.jpg 150w\" sizes=\"(max-width: 450px) 100vw, 450px\" \/><\/a><p id=\"caption-attachment-8247\" class=\"wp-caption-text\">Perinteinen ryhm\u00e4kuva.<\/p><\/div>\n<p>J\u00e4lleen kerran takan oli hieno retki ja oppimiskokemus todella mukavien opiskelijoiden kanssa taas aiempia v\u00e4h\u00e4n haastavammissa olosuhteissa.<\/p>\n","protected":false},"excerpt":{"rendered":"<p>Helmikuussa edess\u00e4 oli er\u00e4opasopiskelijoiden talvivaellus. Alkuper\u00e4inen suunnitelma oli tehd\u00e4 vaellus Merenkurkun j\u00e4ille. Viel\u00e4 tammikuun puolen v\u00e4lin s\u00e4\u00e4ennusteilla se vaikutti t\u00e4ysin mahdolliselta, kun s\u00e4\u00e4tiedotukset lupailivat pakkasta. Kuun vaihteessa sitten&#8230;<\/p>\n","protected":false},"author":1,"featured_media":8274,"comment_status":"open","ping_status":"open","sticky":false,"template":"","format":"standard","meta":{"footnotes":""},"categories":[23,5,27],"tags":[],"_links":{"self":[{"href":"https:\/\/blogi.ennola.fi\/index.php?rest_route=\/wp\/v2\/posts\/8209"}],"collection":[{"href":"https:\/\/blogi.ennola.fi\/index.php?rest_route=\/wp\/v2\/posts"}],"about":[{"href":"https:\/\/blogi.ennola.fi\/index.php?rest_route=\/wp\/v2\/types\/post"}],"author":[{"embeddable":true,"href":"https:\/\/blogi.ennola.fi\/index.php?rest_route=\/wp\/v2\/users\/1"}],"replies":[{"embeddable":true,"href":"https:\/\/blogi.ennola.fi\/index.php?rest_route=%2Fwp%2Fv2%2Fcomments&post=8209"}],"version-history":[{"count":14,"href":"https:\/\/blogi.ennola.fi\/index.php?rest_route=\/wp\/v2\/posts\/8209\/revisions"}],"predecessor-version":[{"id":8482,"href":"https:\/\/blogi.ennola.fi\/index.php?rest_route=\/wp\/v2\/posts\/8209\/revisions\/8482"}],"wp:featuredmedia":[{"embeddable":true,"href":"https:\/\/blogi.ennola.fi\/index.php?rest_route=\/wp\/v2\/media\/8274"}],"wp:attachment":[{"href":"https:\/\/blogi.ennola.fi\/index.php?rest_route=%2Fwp%2Fv2%2Fmedia&parent=8209"}],"wp:term":[{"taxonomy":"category","embeddable":true,"href":"https:\/\/blogi.ennola.fi\/index.php?rest_route=%2Fwp%2Fv2%2Fcategories&post=8209"},{"taxonomy":"post_tag","embeddable":true,"href":"https:\/\/blogi.ennola.fi\/index.php?rest_route=%2Fwp%2Fv2%2Ftags&post=8209"}],"curies":[{"name":"wp","href":"https:\/\/api.w.org\/{rel}","templated":true}]}}