{"id":8342,"date":"2023-03-23T08:45:16","date_gmt":"2023-03-23T06:45:16","guid":{"rendered":"https:\/\/blogi.ennola.fi\/?p=8342"},"modified":"2023-03-23T08:45:16","modified_gmt":"2023-03-23T06:45:16","slug":"kevatsumumelonta","status":"publish","type":"post","link":"https:\/\/blogi.ennola.fi\/?p=8342","title":{"rendered":"Kev\u00e4tsumumelonta"},"content":{"rendered":"<p>Melontatauko oli p\u00e4\u00e4ssyt jo ven\u00e4ht\u00e4m\u00e4\u00e4n kolmen kuukauden mittaiseksi, joten oli jo aikakin p\u00e4\u00e4st\u00e4 vesille. S\u00e4\u00e4tiedotus lupaili tyynt\u00e4 ja aamusta sumua, joka p\u00e4iv\u00e4ksi pit\u00e4isi h\u00e4lventy\u00e4. Siis aivan ihanteelliset olosuhteet lyhyelle melontaretkelle. Niinp\u00e4 sunnuntaiaamuna suuntasin tutulle hiekkarannalle Airiston reunaan.<\/p>\n<div id=\"attachment_8357\" style=\"width: 490px\" class=\"wp-caption aligncenter\"><a href=\"https:\/\/blogi.ennola.fi\/wp-content\/uploads\/2023\/03\/Airisto_Panorama6c.jpg\" rel=\"lightbox[8342]\"><img loading=\"lazy\" decoding=\"async\" aria-describedby=\"caption-attachment-8357\" class=\"wp-image-8357 size-full\" title=\"Fiskarholmen.\" src=\"https:\/\/blogi.ennola.fi\/wp-content\/uploads\/2023\/03\/Airisto_Panorama6c-1.jpg\" alt=\"\" width=\"480\" height=\"98\" srcset=\"https:\/\/blogi.ennola.fi\/wp-content\/uploads\/2023\/03\/Airisto_Panorama6c-1.jpg 480w, https:\/\/blogi.ennola.fi\/wp-content\/uploads\/2023\/03\/Airisto_Panorama6c-1-150x31.jpg 150w\" sizes=\"(max-width: 480px) 100vw, 480px\" \/><\/a><p id=\"caption-attachment-8357\" class=\"wp-caption-text\">Fiskarholmen.<\/p><\/div>\n<div id=\"attachment_8356\" style=\"width: 490px\" class=\"wp-caption aligncenter\"><a href=\"https:\/\/blogi.ennola.fi\/wp-content\/uploads\/2023\/03\/Airisto_Panorama2c.jpg\" rel=\"lightbox[8342]\"><img loading=\"lazy\" decoding=\"async\" aria-describedby=\"caption-attachment-8356\" class=\"wp-image-8356 size-full\" title=\"Fiskarholmen.\" src=\"https:\/\/blogi.ennola.fi\/wp-content\/uploads\/2023\/03\/Airisto_Panorama2c-1.jpg\" alt=\"\" width=\"480\" height=\"127\" srcset=\"https:\/\/blogi.ennola.fi\/wp-content\/uploads\/2023\/03\/Airisto_Panorama2c-1.jpg 480w, https:\/\/blogi.ennola.fi\/wp-content\/uploads\/2023\/03\/Airisto_Panorama2c-1-150x40.jpg 150w\" sizes=\"(max-width: 480px) 100vw, 480px\" \/><\/a><p id=\"caption-attachment-8356\" class=\"wp-caption-text\">Fiskarholmen.<\/p><\/div>\n<p>K\u00e4yt\u00e4nn\u00f6ss\u00e4 kylm\u00e4 meri j\u00e4\u00e4hdytti ilman yl\u00e4puolellaan ja sumu oli todella sakeaa, n\u00e4kyvyys oli tuskin sataa metri\u00e4 enemp\u00e4\u00e4. Tyynell\u00e4 tuulikaan ei ajanut sumuhattaroita pois veden p\u00e4\u00e4lt\u00e4 ja luvattua kirkastumista ei sitten tullutkaan. Kotimatkalla mantereen p\u00e4\u00e4ll\u00e4 sumua ei juurikaan en\u00e4\u00e4 ollut.<\/p>\n<p>Sakea sumu teki muun liikenteen havainnoinnista k\u00e4yt\u00e4nn\u00f6ss\u00e4 mahdotonta. Joku isompi alus oli liikkeell\u00e4 t\u00f6\u00f6t\u00e4ten sumutorveaan s\u00e4\u00e4nn\u00f6llisin v\u00e4liajoin. Kyse ei ollut kuitenkaan mist\u00e4\u00e4n isosta laivasta, koska py\u00f6ri samalla alueella koko aamup\u00e4iv\u00e4n niin, ett\u00e4 v\u00e4lill\u00e4 \u00e4\u00e4ni kuului l\u00e4hemp\u00e4\u00e4 ja v\u00e4lill\u00e4 kauempaa. Olisikohan ollut troolari. Itse\u00e4ni ei ihan hirve\u00e4sti houkuttanut ajatus aluksen ilmestyminen sumusta sadan metrin p\u00e4\u00e4st\u00e4 esiin. Niinp\u00e4 pit\u00e4ydyin melomassa rannan tuntumassa ja en l\u00e4htenyt ylitt\u00e4m\u00e4\u00e4n laivav\u00e4yli\u00e4.<\/p>\n<p>Navigointi sumussa oli hieman haasteellista. Sumu oli niin sakeaa, ett\u00e4 oli k\u00e4yt\u00e4nn\u00f6ss\u00e4 mahdotonta pit\u00e4yty\u00e4 koko n\u00e4k\u00f6et\u00e4isyydell\u00e4 rannasta. Sumun keskell\u00e4 oli pakko luottaa kompassiin. Kompassisuunnat jouduin lukemaan kartalta silm\u00e4m\u00e4\u00e4r\u00e4isesti, kun en ollut ottanut mit\u00e4\u00e4n v\u00e4lineit\u00e4 mukaan.<\/p>\n<p>Aivan kuten talvivaelluksillakin, suunnan pit\u00e4minen oli uskomattoman vaikeaa, kun ei ollut mit\u00e4\u00e4n kiintopisteit\u00e4. Laskin kajakista ev\u00e4n alas, jotta se luonnostaan kulkisi paremmin suoraan. Silti kompassia sai vahdata koko ajan, ettei kajakki k\u00e4\u00e4ntyisi liikaa sivuun. Talvivaeltajat puhuvat ns. white-out tilanteesta, mutta minulle t\u00e4m\u00e4 oli ensimm\u00e4inen kokemus melojana grey-out tilanteesta, miss\u00e4 kajakin edest\u00e4 nousi tasainen harmaa sein\u00e4, mist\u00e4 ei kyennyt n\u00e4kem\u00e4\u00e4n mit\u00e4\u00e4n kiintopisteit\u00e4.<\/p>\n<p>Sumu ja meress\u00e4 kelluvat pienet j\u00e4\u00e4lautat tekiv\u00e4t maisemasta satumaisen kaunista. Oli todella maagista lipua kajakilla noiden pienten j\u00e4\u00e4lauttojen keskell\u00e4. Saaret olivat my\u00f6s aika j\u00e4nn\u00e4n n\u00e4k\u00f6isi\u00e4, kun ne vasta varsin l\u00e4hell\u00e4 alkoivat \u00e4kisti nousta sumusta esiin.<\/p>\n<div id=\"attachment_8355\" style=\"width: 490px\" class=\"wp-caption aligncenter\"><a href=\"https:\/\/blogi.ennola.fi\/wp-content\/uploads\/2023\/03\/Airisto_Panorama7c.jpg\" rel=\"lightbox[8342]\"><img loading=\"lazy\" decoding=\"async\" aria-describedby=\"caption-attachment-8355\" class=\"wp-image-8355 size-full\" title=\"Notgrundet.\" src=\"https:\/\/blogi.ennola.fi\/wp-content\/uploads\/2023\/03\/Airisto_Panorama7c-1.jpg\" alt=\"\" width=\"480\" height=\"186\" srcset=\"https:\/\/blogi.ennola.fi\/wp-content\/uploads\/2023\/03\/Airisto_Panorama7c-1.jpg 480w, https:\/\/blogi.ennola.fi\/wp-content\/uploads\/2023\/03\/Airisto_Panorama7c-1-150x58.jpg 150w\" sizes=\"(max-width: 480px) 100vw, 480px\" \/><\/a><p id=\"caption-attachment-8355\" class=\"wp-caption-text\">Notgrundet.<\/p><\/div>\n<div id=\"attachment_8354\" style=\"width: 490px\" class=\"wp-caption aligncenter\"><a href=\"https:\/\/blogi.ennola.fi\/wp-content\/uploads\/2023\/03\/Airisto_Panorama5c.jpg\" rel=\"lightbox[8342]\"><img loading=\"lazy\" decoding=\"async\" aria-describedby=\"caption-attachment-8354\" class=\"wp-image-8354 size-full\" title=\"Notgrundetin m\u00e4nnikk\u00f6\u00e4.\" src=\"https:\/\/blogi.ennola.fi\/wp-content\/uploads\/2023\/03\/Airisto_Panorama5c-1.jpg\" alt=\"\" width=\"480\" height=\"191\" srcset=\"https:\/\/blogi.ennola.fi\/wp-content\/uploads\/2023\/03\/Airisto_Panorama5c-1.jpg 480w, https:\/\/blogi.ennola.fi\/wp-content\/uploads\/2023\/03\/Airisto_Panorama5c-1-150x60.jpg 150w\" sizes=\"(max-width: 480px) 100vw, 480px\" \/><\/a><p id=\"caption-attachment-8354\" class=\"wp-caption-text\">Notgrundetin m\u00e4nnikk\u00f6\u00e4.<\/p><\/div>\n<div id=\"attachment_8353\" style=\"width: 490px\" class=\"wp-caption aligncenter\"><a href=\"https:\/\/blogi.ennola.fi\/wp-content\/uploads\/2023\/03\/Airisto_Panorama8c.jpg\" rel=\"lightbox[8342]\"><img loading=\"lazy\" decoding=\"async\" aria-describedby=\"caption-attachment-8353\" class=\"wp-image-8353 size-full\" title=\"Notgrundet.\" src=\"https:\/\/blogi.ennola.fi\/wp-content\/uploads\/2023\/03\/Airisto_Panorama8c-1.jpg\" alt=\"\" width=\"480\" height=\"72\" srcset=\"https:\/\/blogi.ennola.fi\/wp-content\/uploads\/2023\/03\/Airisto_Panorama8c-1.jpg 480w, https:\/\/blogi.ennola.fi\/wp-content\/uploads\/2023\/03\/Airisto_Panorama8c-1-150x23.jpg 150w\" sizes=\"(max-width: 480px) 100vw, 480px\" \/><\/a><p id=\"caption-attachment-8353\" class=\"wp-caption-text\">Notgrundet.<\/p><\/div>\n<div id=\"attachment_8352\" style=\"width: 490px\" class=\"wp-caption aligncenter\"><a href=\"https:\/\/blogi.ennola.fi\/wp-content\/uploads\/2023\/03\/Airisto_Panorama4c.jpg\" rel=\"lightbox[8342]\"><img loading=\"lazy\" decoding=\"async\" aria-describedby=\"caption-attachment-8352\" class=\"wp-image-8352 size-full\" title=\"Rautaper\u00e4ist\u00e4 kalliota, Notgrundet.\" src=\"https:\/\/blogi.ennola.fi\/wp-content\/uploads\/2023\/03\/Airisto_Panorama4c-1.jpg\" alt=\"\" width=\"480\" height=\"121\" srcset=\"https:\/\/blogi.ennola.fi\/wp-content\/uploads\/2023\/03\/Airisto_Panorama4c-1.jpg 480w, https:\/\/blogi.ennola.fi\/wp-content\/uploads\/2023\/03\/Airisto_Panorama4c-1-150x38.jpg 150w\" sizes=\"(max-width: 480px) 100vw, 480px\" \/><\/a><p id=\"caption-attachment-8352\" class=\"wp-caption-text\">Rautaper\u00e4ist\u00e4 kalliota, Notgrundet.<\/p><\/div>\n<div id=\"attachment_8360\" style=\"width: 490px\" class=\"wp-caption aligncenter\"><a href=\"https:\/\/blogi.ennola.fi\/wp-content\/uploads\/2023\/03\/Airisto_Panorama3c.jpg\" rel=\"lightbox[8342]\"><img loading=\"lazy\" decoding=\"async\" aria-describedby=\"caption-attachment-8360\" class=\"wp-image-8360 size-full\" title=\"Notgrundet.\" src=\"https:\/\/blogi.ennola.fi\/wp-content\/uploads\/2023\/03\/Airisto_Panorama3c-1.jpg\" alt=\"\" width=\"480\" height=\"237\" srcset=\"https:\/\/blogi.ennola.fi\/wp-content\/uploads\/2023\/03\/Airisto_Panorama3c-1.jpg 480w, https:\/\/blogi.ennola.fi\/wp-content\/uploads\/2023\/03\/Airisto_Panorama3c-1-150x74.jpg 150w\" sizes=\"(max-width: 480px) 100vw, 480px\" \/><\/a><p id=\"caption-attachment-8360\" class=\"wp-caption-text\">Notgrundet.<\/p><\/div>\n<div id=\"attachment_8359\" style=\"width: 490px\" class=\"wp-caption aligncenter\"><a href=\"https:\/\/blogi.ennola.fi\/wp-content\/uploads\/2023\/03\/Airisto_Panorama1c.jpg\" rel=\"lightbox[8342]\"><img loading=\"lazy\" decoding=\"async\" aria-describedby=\"caption-attachment-8359\" class=\"wp-image-8359 size-full\" title=\"Notgrundet.\" src=\"https:\/\/blogi.ennola.fi\/wp-content\/uploads\/2023\/03\/Airisto_Panorama1c-1.jpg\" alt=\"\" width=\"480\" height=\"92\" srcset=\"https:\/\/blogi.ennola.fi\/wp-content\/uploads\/2023\/03\/Airisto_Panorama1c-1.jpg 480w, https:\/\/blogi.ennola.fi\/wp-content\/uploads\/2023\/03\/Airisto_Panorama1c-1-150x29.jpg 150w\" sizes=\"(max-width: 480px) 100vw, 480px\" \/><\/a><p id=\"caption-attachment-8359\" class=\"wp-caption-text\">Notgrundet.<\/p><\/div>\n<p>Jo melko pian l\u00e4ht\u00f6ni j\u00e4lkeen rantauduin piskuiseen Fiskarholmenin saareen tavoitteenani kuvata j\u00e4\u00e4lauttoja. Valokuvaamiseen ne olivat liian kaukana rannasta, mutta muutaman muun ihan kelvollisen maisemakuva sain otettua. Kuvissa sumu peitti verhoonsa kaikki l\u00e4hisaarten kes\u00e4m\u00f6kit, mitk\u00e4 normaalisti ankeuttavat muuten niin komean maiseman noilla seuduin.<\/p>\n<p>Ev\u00e4stauon pidin Notgrundetin pikkusaaressa. Kiersin saaren rantoja pitkin ymp\u00e4ri etsien hyvi\u00e4 paikkoja onnistuneeseen maisemakuvaan. Muutaman oikeinkin hyv\u00e4n sumuisen saaristomaiseman l\u00f6ysin. Muutama pieni lumilaikkukin oli viel\u00e4 j\u00e4ljell\u00e4, vaikka talvi ei nyt erityisen luminen ollut ollutkaan.<\/p>\n<div id=\"attachment_8358\" style=\"width: 460px\" class=\"wp-caption aligncenter\"><a href=\"https:\/\/blogi.ennola.fi\/wp-content\/uploads\/2023\/03\/IMG_9450.jpg\" rel=\"lightbox[8342]\"><img loading=\"lazy\" decoding=\"async\" aria-describedby=\"caption-attachment-8358\" class=\"wp-image-8358 size-full\" title=\"Kajakki Fiskarholmenissa.\" src=\"https:\/\/blogi.ennola.fi\/wp-content\/uploads\/2023\/03\/IMG_9450-1.jpg\" alt=\"\" width=\"450\" height=\"255\" srcset=\"https:\/\/blogi.ennola.fi\/wp-content\/uploads\/2023\/03\/IMG_9450-1.jpg 450w, https:\/\/blogi.ennola.fi\/wp-content\/uploads\/2023\/03\/IMG_9450-1-150x85.jpg 150w\" sizes=\"(max-width: 450px) 100vw, 450px\" \/><\/a><p id=\"caption-attachment-8358\" class=\"wp-caption-text\">Kajakki Fiskarholmenissa.<\/p><\/div>\n<p>El\u00e4inmaailmassa kev\u00e4t teki jo tuloaan. Sumun keskelt\u00e4 lintuja oli helpompi havaita \u00e4\u00e4nest\u00e4, kuin p\u00e4\u00e4st\u00e4 n\u00e4kem\u00e4\u00e4n. Meri- ja harmaalokit huutelivat. Merimetsot olivat saapuneet jo isoina parvina. Kyhmyjoutsen pariskuntia uiskenteli siell\u00e4 t\u00e4\u00e4ll\u00e4. Pieni\u00e4 telkk\u00e4- ja isokoskeloporukoita oli monin paikoin. Kaksi vanhaa merikotkaa l\u00e4hti rannasta lentoon meloessani siit\u00e4 ohitse. Palok\u00e4rki huuteli rantametsik\u00f6ss\u00e4.<\/p>\n<p>Kev\u00e4tkausi tuli siis avatuksi. Olipas se ihanaa. Ainoa meloja en ollut. Aamulla edell\u00e4ni ajoi toinen meloja, joka ajoi pidemm\u00e4ll\u00e4 johonkin toiseen l\u00e4ht\u00f6paikkaan. Palatessani takaisin rantaan oli siell\u00e4 kolmas meloja l\u00e4hd\u00f6ss\u00e4 vesill\u00e4 ja suppailija py\u00f6rim\u00e4ss\u00e4 hiekkarannan tuntumassa<\/p>\n","protected":false},"excerpt":{"rendered":"<p>Melontatauko oli p\u00e4\u00e4ssyt jo ven\u00e4ht\u00e4m\u00e4\u00e4n kolmen kuukauden mittaiseksi, joten oli jo aikakin p\u00e4\u00e4st\u00e4 vesille. S\u00e4\u00e4tiedotus lupaili tyynt\u00e4 ja aamusta sumua, joka p\u00e4iv\u00e4ksi pit\u00e4isi h\u00e4lventy\u00e4. Siis aivan ihanteelliset olosuhteet&#8230;<\/p>\n","protected":false},"author":1,"featured_media":8361,"comment_status":"open","ping_status":"open","sticky":false,"template":"","format":"standard","meta":{"footnotes":""},"categories":[4,8],"tags":[],"_links":{"self":[{"href":"https:\/\/blogi.ennola.fi\/index.php?rest_route=\/wp\/v2\/posts\/8342"}],"collection":[{"href":"https:\/\/blogi.ennola.fi\/index.php?rest_route=\/wp\/v2\/posts"}],"about":[{"href":"https:\/\/blogi.ennola.fi\/index.php?rest_route=\/wp\/v2\/types\/post"}],"author":[{"embeddable":true,"href":"https:\/\/blogi.ennola.fi\/index.php?rest_route=\/wp\/v2\/users\/1"}],"replies":[{"embeddable":true,"href":"https:\/\/blogi.ennola.fi\/index.php?rest_route=%2Fwp%2Fv2%2Fcomments&post=8342"}],"version-history":[{"count":4,"href":"https:\/\/blogi.ennola.fi\/index.php?rest_route=\/wp\/v2\/posts\/8342\/revisions"}],"predecessor-version":[{"id":8365,"href":"https:\/\/blogi.ennola.fi\/index.php?rest_route=\/wp\/v2\/posts\/8342\/revisions\/8365"}],"wp:featuredmedia":[{"embeddable":true,"href":"https:\/\/blogi.ennola.fi\/index.php?rest_route=\/wp\/v2\/media\/8361"}],"wp:attachment":[{"href":"https:\/\/blogi.ennola.fi\/index.php?rest_route=%2Fwp%2Fv2%2Fmedia&parent=8342"}],"wp:term":[{"taxonomy":"category","embeddable":true,"href":"https:\/\/blogi.ennola.fi\/index.php?rest_route=%2Fwp%2Fv2%2Fcategories&post=8342"},{"taxonomy":"post_tag","embeddable":true,"href":"https:\/\/blogi.ennola.fi\/index.php?rest_route=%2Fwp%2Fv2%2Ftags&post=8342"}],"curies":[{"name":"wp","href":"https:\/\/api.w.org\/{rel}","templated":true}]}}