{"id":8367,"date":"2023-04-04T13:58:55","date_gmt":"2023-04-04T10:58:55","guid":{"rendered":"https:\/\/blogi.ennola.fi\/?p=8367"},"modified":"2023-04-16T19:12:30","modified_gmt":"2023-04-16T16:12:30","slug":"kevat-on-melojan-parasta-aikaa","status":"publish","type":"post","link":"https:\/\/blogi.ennola.fi\/?p=8367","title":{"rendered":"Kev\u00e4t on melojan parasta aikaa"},"content":{"rendered":"<p>Maaliskuun lopulla oli tilaisuus pariin y\u00f6h\u00f6n saaristossa. S\u00e4\u00e4tiedotus lupaili maltillista, muttei olematonta luoteen ja koillisen v\u00e4list\u00e4 tuulta. \u00d6isin oli ollut pakkasta jo jonkun aikaa ja niiden luvattiin jatkuvan, joten hain paikkaa, joka olisi suojainen pohjoisen suunnalta tuleville tuulille mutta riitt\u00e4v\u00e4n avoin, jotta meren j\u00e4\u00e4tyminen kauttaaltaan ei olisi todenn\u00e4k\u00f6ist\u00e4.<\/p>\n<p>Tammisaaren kansallispuisto vaikutti sopivalta kohteelta. Hangon suunnasta sit\u00e4 olisi suhteellisen helppo l\u00e4hesty\u00e4 ja useimmat maihinnousurajoitukset alkaisivat vasta huhtikuussa. Suojaisimmat reitit pohjoisesta olivat viel\u00e4 j\u00e4\u00e4ss\u00e4, joten sielt\u00e4 ei kannattanut etsi\u00e4 l\u00e4ht\u00f6paikkaa.<\/p>\n<p>En ollut aiemmin Tammisaaren kansallispuistossa vieraillut, vaikka matka sinne ei kohtuuttoman pitk\u00e4 olekaan. Samalla saatoin kartoittaa sit\u00e4, miten alue sopisi tuleville melonnan koulutusretkille. Onhan alueella mahdollista siirty\u00e4 varsin suojaisilta vesilt\u00e4 avomeriolosuhteisiin hyvin pienell\u00e4 matkalla.<\/p>\n<p>Olin suunnitellut laskevani kajakkini veteen Lappohjan uimarannalta. Sen l\u00e4heisyydess\u00e4 oli yll\u00e4tt\u00e4en pys\u00e4k\u00f6iminen kielletty ja kadunvarret olivat niin kapealti auratut, ett\u00e4 en l\u00f6yt\u00e4nyt mit\u00e4\u00e4n mahdollista paikkaa j\u00e4tt\u00e4\u00e4 autoa pariksi p\u00e4iv\u00e4ksi. T\u00e4t\u00e4 pohtiessani p\u00e4\u00e4tin k\u00e4yd\u00e4 Skogbyss\u00e4 lounaalla. Lounaspaikan pit\u00e4j\u00e4lt\u00e4 kyselin mahdollista l\u00e4ht\u00f6paikkaa, jolloin h\u00e4n antoi luvan l\u00e4hte\u00e4 rannastaan ja s\u00e4ilytt\u00e4\u00e4 autoa parkkipaikallaan muutaman p\u00e4iv\u00e4n. Kiitokseksi t\u00e4st\u00e4 k\u00e4vin palatessanikin heill\u00e4 sy\u00f6m\u00e4ss\u00e4.<\/p>\n<div id=\"attachment_8411\" style=\"width: 490px\" class=\"wp-caption aligncenter\"><a href=\"https:\/\/blogi.ennola.fi\/wp-content\/uploads\/2023\/04\/Tammisaari_Panorama16.jpg\" rel=\"lightbox[8367]\"><img loading=\"lazy\" decoding=\"async\" aria-describedby=\"caption-attachment-8411\" class=\"wp-image-8411 size-full\" title=\"Sked\u00f6.\" src=\"https:\/\/blogi.ennola.fi\/wp-content\/uploads\/2023\/04\/Tammisaari_Panorama16-1.jpg\" alt=\"\" width=\"480\" height=\"129\" srcset=\"https:\/\/blogi.ennola.fi\/wp-content\/uploads\/2023\/04\/Tammisaari_Panorama16-1.jpg 480w, https:\/\/blogi.ennola.fi\/wp-content\/uploads\/2023\/04\/Tammisaari_Panorama16-1-150x40.jpg 150w\" sizes=\"(max-width: 480px) 100vw, 480px\" \/><\/a><p id=\"caption-attachment-8411\" class=\"wp-caption-text\">Sked\u00f6.<\/p><\/div>\n<div id=\"attachment_8396\" style=\"width: 460px\" class=\"wp-caption aligncenter\"><a href=\"https:\/\/blogi.ennola.fi\/wp-content\/uploads\/2023\/04\/IMG_20230329_163349.jpg\" rel=\"lightbox[8367]\"><img loading=\"lazy\" decoding=\"async\" aria-describedby=\"caption-attachment-8396\" class=\"wp-image-8396 size-full\" title=\"Leiripaikan ranta.\" src=\"https:\/\/blogi.ennola.fi\/wp-content\/uploads\/2023\/04\/IMG_20230329_163349-1.jpg\" alt=\"\" width=\"450\" height=\"329\" srcset=\"https:\/\/blogi.ennola.fi\/wp-content\/uploads\/2023\/04\/IMG_20230329_163349-1.jpg 450w, https:\/\/blogi.ennola.fi\/wp-content\/uploads\/2023\/04\/IMG_20230329_163349-1-150x110.jpg 150w\" sizes=\"(max-width: 450px) 100vw, 450px\" \/><\/a><p id=\"caption-attachment-8396\" class=\"wp-caption-text\">Leiripaikan ranta.<\/p><\/div>\n<p>Y\u00f6pymissaareksi olin valinnut Modermagan nimisen saaren. Se oli riitt\u00e4v\u00e4n ulkona, jotta arvelin sen etel\u00e4reunan pysyv\u00e4n sulana kovemmillakin pakkasilla. Sinne p\u00e4\u00e4si kuitenkin j\u00e4\u00e4tilanteen mukaan hyvinkin suojaisia reittej\u00e4. Etuk\u00e4teen ajattelin, ett\u00e4 tarvittaessa kantaisin kajakin veteen, jos sis\u00e4lahti j\u00e4\u00e4tyisi. K\u00e4yt\u00e4nn\u00f6ss\u00e4 t\u00e4m\u00e4 olisi ollut mahdotonta. Reitill\u00e4 olisi ollut liian jyrkki\u00e4 kallioita kuljettavaksi kajakki olkap\u00e4\u00e4ll\u00e4 ja sis\u00e4j\u00e4rvi taas ei ollut riitt\u00e4v\u00e4sti j\u00e4\u00e4ss\u00e4, jotta sen yli olisi p\u00e4\u00e4ssyt kajakin kanssa.<\/p>\n<p>Menomatkalla saareen n\u00e4in nelj\u00e4 merikotkaa, telkki\u00e4, isokoskeloita, merimetsoja, molemman lajisia joutsenia. Yksin\u00e4inen alli k\u00e4vi kiertelem\u00e4ss\u00e4 minua ja tarkastamassa, mik\u00e4 oikein olin. Monien saarien rannassa n\u00e4kyi j\u00e4lki\u00e4 saukoista.<\/p>\n<p>Meloin suojaisaan lahteen. Teltan pystytin rantaan kajakin viereen. Keitti\u00f6n perustin kauniille, aurinkoiselle ja siten l\u00e4mpim\u00e4lle kalliotasanteelle pienen matkan p\u00e4\u00e4h\u00e4n. Kalliotasanteen l\u00e4heisyydess\u00e4 oli runsaasti lumilaikkuja juomaveden sulattamiseksi. Olihan kyseess\u00e4 ensimm\u00e4inen melontaretkeni, jona vesihuolto perustui veden sulattamiseen lumesta.<\/p>\n<p>Ilta oli satumaisen kaunis. Etel\u00e4ranta oli tyyni. Aurinko paistoi l\u00e4mpim\u00e4sti. Joitain poutapilvi\u00e4 purjehti taivaalla. Lumiset kalliot piirtyiv\u00e4t kauniisti tyynest\u00e4 vedest\u00e4.<\/p>\n<div class=\"mceTemp\"><\/div>\n<div id=\"attachment_8412\" style=\"width: 460px\" class=\"wp-caption aligncenter\"><a href=\"https:\/\/blogi.ennola.fi\/wp-content\/uploads\/2023\/04\/Tammisaari_Panorama10.jpg\" rel=\"lightbox[8367]\"><img loading=\"lazy\" decoding=\"async\" aria-describedby=\"caption-attachment-8412\" class=\"wp-image-8412 size-full\" title=\"Modermagan.\" src=\"https:\/\/blogi.ennola.fi\/wp-content\/uploads\/2023\/04\/Tammisaari_Panorama10-1.jpg\" alt=\"\" width=\"450\" height=\"327\" srcset=\"https:\/\/blogi.ennola.fi\/wp-content\/uploads\/2023\/04\/Tammisaari_Panorama10-1.jpg 450w, https:\/\/blogi.ennola.fi\/wp-content\/uploads\/2023\/04\/Tammisaari_Panorama10-1-150x109.jpg 150w\" sizes=\"(max-width: 450px) 100vw, 450px\" \/><\/a><p id=\"caption-attachment-8412\" class=\"wp-caption-text\">Modermagan.<\/p><\/div>\n<div id=\"attachment_8410\" style=\"width: 490px\" class=\"wp-caption aligncenter\"><a href=\"https:\/\/blogi.ennola.fi\/wp-content\/uploads\/2023\/04\/Tammisaari_Panorama6.jpg\" rel=\"lightbox[8367]\"><img loading=\"lazy\" decoding=\"async\" aria-describedby=\"caption-attachment-8410\" class=\"wp-image-8410 size-full\" title=\"M\u00e4nnikk\u00f6, Modermagan.\" src=\"https:\/\/blogi.ennola.fi\/wp-content\/uploads\/2023\/04\/Tammisaari_Panorama6-1.jpg\" alt=\"\" width=\"480\" height=\"231\" srcset=\"https:\/\/blogi.ennola.fi\/wp-content\/uploads\/2023\/04\/Tammisaari_Panorama6-1.jpg 480w, https:\/\/blogi.ennola.fi\/wp-content\/uploads\/2023\/04\/Tammisaari_Panorama6-1-150x72.jpg 150w\" sizes=\"(max-width: 480px) 100vw, 480px\" \/><\/a><p id=\"caption-attachment-8410\" class=\"wp-caption-text\">M\u00e4nnikk\u00f6, Modermagan.<\/p><\/div>\n<div id=\"attachment_8409\" style=\"width: 490px\" class=\"wp-caption aligncenter\"><a href=\"https:\/\/blogi.ennola.fi\/wp-content\/uploads\/2023\/04\/Tammisaari_Panorama14.jpg\" rel=\"lightbox[8367]\"><img loading=\"lazy\" decoding=\"async\" aria-describedby=\"caption-attachment-8409\" class=\"wp-image-8409 size-full\" title=\"Auringonlasku, Modermagan.\" src=\"https:\/\/blogi.ennola.fi\/wp-content\/uploads\/2023\/04\/Tammisaari_Panorama14-1.jpg\" alt=\"\" width=\"480\" height=\"111\" srcset=\"https:\/\/blogi.ennola.fi\/wp-content\/uploads\/2023\/04\/Tammisaari_Panorama14-1.jpg 480w, https:\/\/blogi.ennola.fi\/wp-content\/uploads\/2023\/04\/Tammisaari_Panorama14-1-150x35.jpg 150w\" sizes=\"(max-width: 480px) 100vw, 480px\" \/><\/a><p id=\"caption-attachment-8409\" class=\"wp-caption-text\">Auringonlasku, Modermagan.<\/p><\/div>\n<p>Leiripaikalla minulla oli piskuinen seuralainen. Punarinta tarkasti hyvin tarkkaan tekemiseni ja olemiseni. Se k\u00e4vi katsomassa kajakin, kattilat ja muut ruokailuv\u00e4lineet, keng\u00e4tkin kun ne eiv\u00e4t olleet jalassa. Sormelle ei sent\u00e4\u00e4n tullut istumaan. Sen kuvaaminen oli vaikeaa, kun se liikkui niin vikkel\u00e4sti ja usein liian l\u00e4hell\u00e4kin. Kun kamerassa vilahti punaruskea laikku niin painoin nopeasti laukaisinta ja toivoin, ett\u00e4 automaattitarkennus toimii ja rajaus on jotain sinne p\u00e4in. Lopultakin aika hyv\u00e4n sarjan kuvia h\u00e4nest\u00e4 sain parin p\u00e4iv\u00e4n aikana. Pikkasen j\u00e4i h\u00e4nt\u00e4 ik\u00e4v\u00e4 reissun j\u00e4lkeen, niin luotettava seuralainen oli. V\u00e4h\u00e4n kev\u00e4tlaulun tynk\u00e4\u00e4kin koetti viritell\u00e4, mutta kovin oli \u00e4\u00e4ni viel\u00e4 vaimea.<\/p>\n<div id=\"attachment_8413\" style=\"width: 460px\" class=\"wp-caption aligncenter\"><a href=\"https:\/\/blogi.ennola.fi\/wp-content\/uploads\/2023\/04\/IMG_1456.jpg\" rel=\"lightbox[8367]\"><img loading=\"lazy\" decoding=\"async\" aria-describedby=\"caption-attachment-8413\" class=\"wp-image-8413 size-full\" title=\"Punarinta.\" src=\"https:\/\/blogi.ennola.fi\/wp-content\/uploads\/2023\/04\/IMG_1456-1.jpg\" alt=\"\" width=\"450\" height=\"302\" srcset=\"https:\/\/blogi.ennola.fi\/wp-content\/uploads\/2023\/04\/IMG_1456-1.jpg 450w, https:\/\/blogi.ennola.fi\/wp-content\/uploads\/2023\/04\/IMG_1456-1-150x101.jpg 150w\" sizes=\"(max-width: 450px) 100vw, 450px\" \/><\/a><p id=\"caption-attachment-8413\" class=\"wp-caption-text\">Punarinta.<\/p><\/div>\n<p><a href=\"https:\/\/blogi.ennola.fi\/wp-content\/uploads\/2023\/04\/IMG_1509.jpg\" rel=\"lightbox[8367]\"><img loading=\"lazy\" decoding=\"async\" class=\"aligncenter wp-image-8414 size-full\" title=\"Punarinta.\" src=\"https:\/\/blogi.ennola.fi\/wp-content\/uploads\/2023\/04\/IMG_1509-1.jpg\" alt=\"\" width=\"450\" height=\"307\" srcset=\"https:\/\/blogi.ennola.fi\/wp-content\/uploads\/2023\/04\/IMG_1509-1.jpg 450w, https:\/\/blogi.ennola.fi\/wp-content\/uploads\/2023\/04\/IMG_1509-1-150x102.jpg 150w\" sizes=\"(max-width: 450px) 100vw, 450px\" \/><\/a><\/p>\n<p><a href=\"https:\/\/blogi.ennola.fi\/wp-content\/uploads\/2023\/04\/IMG_1815.jpg\" rel=\"lightbox[8367]\"><img loading=\"lazy\" decoding=\"async\" class=\"aligncenter wp-image-8418 size-full\" title=\"Punarinta.\" src=\"https:\/\/blogi.ennola.fi\/wp-content\/uploads\/2023\/04\/IMG_1815-1.jpg\" alt=\"\" width=\"450\" height=\"322\" srcset=\"https:\/\/blogi.ennola.fi\/wp-content\/uploads\/2023\/04\/IMG_1815-1.jpg 450w, https:\/\/blogi.ennola.fi\/wp-content\/uploads\/2023\/04\/IMG_1815-1-150x107.jpg 150w\" sizes=\"(max-width: 450px) 100vw, 450px\" \/><\/a><\/p>\n<p><a href=\"https:\/\/blogi.ennola.fi\/wp-content\/uploads\/2023\/04\/IMG_1770.jpg\" rel=\"lightbox[8367]\"><img loading=\"lazy\" decoding=\"async\" class=\"aligncenter wp-image-8417 size-full\" title=\"Punarinta.\" src=\"https:\/\/blogi.ennola.fi\/wp-content\/uploads\/2023\/04\/IMG_1770-1.jpg\" alt=\"\" width=\"450\" height=\"307\" srcset=\"https:\/\/blogi.ennola.fi\/wp-content\/uploads\/2023\/04\/IMG_1770-1.jpg 450w, https:\/\/blogi.ennola.fi\/wp-content\/uploads\/2023\/04\/IMG_1770-1-150x102.jpg 150w\" sizes=\"(max-width: 450px) 100vw, 450px\" \/><\/a><\/p>\n<p><a href=\"https:\/\/blogi.ennola.fi\/wp-content\/uploads\/2023\/04\/IMG_1766.jpg\" rel=\"lightbox[8367]\"><img loading=\"lazy\" decoding=\"async\" class=\"aligncenter wp-image-8416 size-full\" title=\"Punarinta.\" src=\"https:\/\/blogi.ennola.fi\/wp-content\/uploads\/2023\/04\/IMG_1766-1.jpg\" alt=\"\" width=\"450\" height=\"316\" srcset=\"https:\/\/blogi.ennola.fi\/wp-content\/uploads\/2023\/04\/IMG_1766-1.jpg 450w, https:\/\/blogi.ennola.fi\/wp-content\/uploads\/2023\/04\/IMG_1766-1-150x105.jpg 150w\" sizes=\"(max-width: 450px) 100vw, 450px\" \/><\/a><\/p>\n<p><a href=\"https:\/\/blogi.ennola.fi\/wp-content\/uploads\/2023\/04\/IMG_1698.jpg\" rel=\"lightbox[8367]\"><img loading=\"lazy\" decoding=\"async\" class=\"aligncenter wp-image-8415 size-full\" title=\"Punarinta.\" src=\"https:\/\/blogi.ennola.fi\/wp-content\/uploads\/2023\/04\/IMG_1698-1.jpg\" alt=\"\" width=\"450\" height=\"340\" srcset=\"https:\/\/blogi.ennola.fi\/wp-content\/uploads\/2023\/04\/IMG_1698-1.jpg 450w, https:\/\/blogi.ennola.fi\/wp-content\/uploads\/2023\/04\/IMG_1698-1-150x113.jpg 150w\" sizes=\"(max-width: 450px) 100vw, 450px\" \/><\/a><\/p>\n<p><a href=\"https:\/\/blogi.ennola.fi\/wp-content\/uploads\/2023\/04\/IMG_1980.jpg\" rel=\"lightbox[8367]\"><img loading=\"lazy\" decoding=\"async\" class=\"aligncenter wp-image-8421 size-full\" title=\"Punarinta.\" src=\"https:\/\/blogi.ennola.fi\/wp-content\/uploads\/2023\/04\/IMG_1980-1.jpg\" alt=\"\" width=\"450\" height=\"297\" srcset=\"https:\/\/blogi.ennola.fi\/wp-content\/uploads\/2023\/04\/IMG_1980-1.jpg 450w, https:\/\/blogi.ennola.fi\/wp-content\/uploads\/2023\/04\/IMG_1980-1-150x99.jpg 150w\" sizes=\"(max-width: 450px) 100vw, 450px\" \/><\/a><\/p>\n<p><a href=\"https:\/\/blogi.ennola.fi\/wp-content\/uploads\/2023\/04\/IMG_1899.jpg\" rel=\"lightbox[8367]\"><img loading=\"lazy\" decoding=\"async\" class=\"aligncenter wp-image-8420 size-full\" title=\"Punarinta.\" src=\"https:\/\/blogi.ennola.fi\/wp-content\/uploads\/2023\/04\/IMG_1899-1.jpg\" alt=\"\" width=\"450\" height=\"323\" srcset=\"https:\/\/blogi.ennola.fi\/wp-content\/uploads\/2023\/04\/IMG_1899-1.jpg 450w, https:\/\/blogi.ennola.fi\/wp-content\/uploads\/2023\/04\/IMG_1899-1-150x108.jpg 150w\" sizes=\"(max-width: 450px) 100vw, 450px\" \/><\/a><\/p>\n<p><a href=\"https:\/\/blogi.ennola.fi\/wp-content\/uploads\/2023\/04\/IMG_1887.jpg\" rel=\"lightbox[8367]\"><img loading=\"lazy\" decoding=\"async\" class=\"aligncenter wp-image-8419 size-full\" title=\"Punarinta.\" src=\"https:\/\/blogi.ennola.fi\/wp-content\/uploads\/2023\/04\/IMG_1887-1.jpg\" alt=\"\" width=\"450\" height=\"301\" srcset=\"https:\/\/blogi.ennola.fi\/wp-content\/uploads\/2023\/04\/IMG_1887-1.jpg 450w, https:\/\/blogi.ennola.fi\/wp-content\/uploads\/2023\/04\/IMG_1887-1-150x100.jpg 150w\" sizes=\"(max-width: 450px) 100vw, 450px\" \/><\/a><\/p>\n<p>Ensimm\u00e4inen y\u00f6 oli tyyni ja kirkas, mik\u00e4 tarkoitti kylm\u00e4\u00e4. Lounasravintolan pit\u00e4j\u00e4 sanoi l\u00e4mp\u00f6tilan olleen aamulla \u201113\u00b0. Makuupussissa kylmyys ei tuntunut, mutta teltan edustan lahti j\u00e4\u00e4tyi vahvaan j\u00e4\u00e4h\u00e4n. Aamulla uskoin auringon nopeasti l\u00e4mmitt\u00e4v\u00e4n ilman ja sulattavan j\u00e4\u00e4n, mutta pian auringonnousun j\u00e4lkeen pilvet peittiv\u00e4t auringon. Niinp\u00e4 l\u00e4mpenemist\u00e4 ei tullutkaan vaan s\u00e4\u00e4 pysyi pakkasella l\u00e4hes koko p\u00e4iv\u00e4n.<\/p>\n<p>&nbsp;<\/p>\n<div id=\"attachment_8408\" style=\"width: 490px\" class=\"wp-caption aligncenter\"><a href=\"https:\/\/blogi.ennola.fi\/wp-content\/uploads\/2023\/04\/Tammisaari_Panorama3.jpg\" rel=\"lightbox[8367]\"><img loading=\"lazy\" decoding=\"async\" aria-describedby=\"caption-attachment-8408\" class=\"wp-image-8408 size-full\" title=\"Varhainen aamu, Modermagan.\" src=\"https:\/\/blogi.ennola.fi\/wp-content\/uploads\/2023\/04\/Tammisaari_Panorama3-1.jpg\" alt=\"\" width=\"480\" height=\"194\" srcset=\"https:\/\/blogi.ennola.fi\/wp-content\/uploads\/2023\/04\/Tammisaari_Panorama3-1.jpg 480w, https:\/\/blogi.ennola.fi\/wp-content\/uploads\/2023\/04\/Tammisaari_Panorama3-1-150x61.jpg 150w\" sizes=\"(max-width: 480px) 100vw, 480px\" \/><\/a><p id=\"caption-attachment-8408\" class=\"wp-caption-text\">Varhainen aamu, Modermagan.<\/p><\/div>\n<div id=\"attachment_8407\" style=\"width: 490px\" class=\"wp-caption aligncenter\"><a href=\"https:\/\/blogi.ennola.fi\/wp-content\/uploads\/2023\/04\/Tammisaari_Panorama2.jpg\" rel=\"lightbox[8367]\"><img loading=\"lazy\" decoding=\"async\" aria-describedby=\"caption-attachment-8407\" class=\"wp-image-8407 size-full\" title=\"Auringonnousu, Modermagan.\" src=\"https:\/\/blogi.ennola.fi\/wp-content\/uploads\/2023\/04\/Tammisaari_Panorama2-1.jpg\" alt=\"\" width=\"480\" height=\"175\" srcset=\"https:\/\/blogi.ennola.fi\/wp-content\/uploads\/2023\/04\/Tammisaari_Panorama2-1.jpg 480w, https:\/\/blogi.ennola.fi\/wp-content\/uploads\/2023\/04\/Tammisaari_Panorama2-1-150x55.jpg 150w\" sizes=\"(max-width: 480px) 100vw, 480px\" \/><\/a><p id=\"caption-attachment-8407\" class=\"wp-caption-text\">Auringonnousu, Modermagan.<\/p><\/div>\n<p>En katsonut j\u00e4rkev\u00e4ksi l\u00e4hte\u00e4 kajakillani j\u00e4\u00e4t\u00e4 s\u00e4rkem\u00e4\u00e4n ja kantaminen avoveden viereen tuntui turhan ty\u00f6l\u00e4\u00e4lt\u00e4. J\u00e4in saareen kuvaamaan maisemia ja tarkkailemaan luontoa. Ei huono p\u00e4\u00e4t\u00f6s sek\u00e4\u00e4n. Pilvist\u00e4 satoi \u00e4\u00e4rimm\u00e4isen ohut kerros lunta j\u00e4\u00e4n p\u00e4\u00e4lle, mik\u00e4 teki monista maisemista poikkeuksellisen kauniita. Kun niihin viel\u00e4 yhdistettiin saaren kaunis topografia, niin l\u00e4ht\u00f6kohdat hyviin maisemiin olivat kohdallaan. Ainoastaan pari kansallispuiston rakennelmaa oli j\u00e4tetty turhan n\u00e4kyv\u00e4\u00e4n paikkaan pilaamaan maisemaa. Etenkin puiston nimikyltti pyrki jatkuvasti olemaan panoraamakuvaajan sektorissa.<\/p>\n<div id=\"attachment_8406\" style=\"width: 490px\" class=\"wp-caption aligncenter\"><a href=\"https:\/\/blogi.ennola.fi\/wp-content\/uploads\/2023\/04\/Tammisaari_Panorama7.jpg\" rel=\"lightbox[8367]\"><img loading=\"lazy\" decoding=\"async\" aria-describedby=\"caption-attachment-8406\" class=\"wp-image-8406 size-full\" title=\"Modermagan.\" src=\"https:\/\/blogi.ennola.fi\/wp-content\/uploads\/2023\/04\/Tammisaari_Panorama7-1.jpg\" alt=\"\" width=\"480\" height=\"152\" srcset=\"https:\/\/blogi.ennola.fi\/wp-content\/uploads\/2023\/04\/Tammisaari_Panorama7-1.jpg 480w, https:\/\/blogi.ennola.fi\/wp-content\/uploads\/2023\/04\/Tammisaari_Panorama7-1-150x48.jpg 150w\" sizes=\"(max-width: 480px) 100vw, 480px\" \/><\/a><p id=\"caption-attachment-8406\" class=\"wp-caption-text\">Modermagan.<\/p><\/div>\n<div id=\"attachment_8405\" style=\"width: 490px\" class=\"wp-caption aligncenter\"><a href=\"https:\/\/blogi.ennola.fi\/wp-content\/uploads\/2023\/04\/Tammisaari_Panorama9.jpg\" rel=\"lightbox[8367]\"><img loading=\"lazy\" decoding=\"async\" aria-describedby=\"caption-attachment-8405\" class=\"wp-image-8405 size-full\" title=\"Modermagan.\" src=\"https:\/\/blogi.ennola.fi\/wp-content\/uploads\/2023\/04\/Tammisaari_Panorama9-1.jpg\" alt=\"\" width=\"480\" height=\"192\" srcset=\"https:\/\/blogi.ennola.fi\/wp-content\/uploads\/2023\/04\/Tammisaari_Panorama9-1.jpg 480w, https:\/\/blogi.ennola.fi\/wp-content\/uploads\/2023\/04\/Tammisaari_Panorama9-1-150x60.jpg 150w\" sizes=\"(max-width: 480px) 100vw, 480px\" \/><\/a><p id=\"caption-attachment-8405\" class=\"wp-caption-text\">Modermagan.<\/p><\/div>\n<div id=\"attachment_8404\" style=\"width: 490px\" class=\"wp-caption aligncenter\"><a href=\"https:\/\/blogi.ennola.fi\/wp-content\/uploads\/2023\/04\/Tammisaari_Panorama4.jpg\" rel=\"lightbox[8367]\"><img loading=\"lazy\" decoding=\"async\" aria-describedby=\"caption-attachment-8404\" class=\"wp-image-8404 size-full\" title=\"J\u00e4\u00e4lautta, Modermagan.\" src=\"https:\/\/blogi.ennola.fi\/wp-content\/uploads\/2023\/04\/Tammisaari_Panorama4-1.jpg\" alt=\"\" width=\"480\" height=\"238\" srcset=\"https:\/\/blogi.ennola.fi\/wp-content\/uploads\/2023\/04\/Tammisaari_Panorama4-1.jpg 480w, https:\/\/blogi.ennola.fi\/wp-content\/uploads\/2023\/04\/Tammisaari_Panorama4-1-150x74.jpg 150w\" sizes=\"(max-width: 480px) 100vw, 480px\" \/><\/a><p id=\"caption-attachment-8404\" class=\"wp-caption-text\">J\u00e4\u00e4lautta, Modermagan.<\/p><\/div>\n<div id=\"attachment_8403\" style=\"width: 490px\" class=\"wp-caption aligncenter\"><a href=\"https:\/\/blogi.ennola.fi\/wp-content\/uploads\/2023\/04\/Tammisaari_Panorama8.jpg\" rel=\"lightbox[8367]\"><img loading=\"lazy\" decoding=\"async\" aria-describedby=\"caption-attachment-8403\" class=\"wp-image-8403 size-full\" title=\"Takatalvi, Modermagan.\" src=\"https:\/\/blogi.ennola.fi\/wp-content\/uploads\/2023\/04\/Tammisaari_Panorama8-1.jpg\" alt=\"\" width=\"480\" height=\"227\" srcset=\"https:\/\/blogi.ennola.fi\/wp-content\/uploads\/2023\/04\/Tammisaari_Panorama8-1.jpg 480w, https:\/\/blogi.ennola.fi\/wp-content\/uploads\/2023\/04\/Tammisaari_Panorama8-1-150x71.jpg 150w\" sizes=\"(max-width: 480px) 100vw, 480px\" \/><\/a><p id=\"caption-attachment-8403\" class=\"wp-caption-text\">Takatalvi, Modermagan.<\/p><\/div>\n<div id=\"attachment_8402\" style=\"width: 490px\" class=\"wp-caption aligncenter\"><a href=\"https:\/\/blogi.ennola.fi\/wp-content\/uploads\/2023\/04\/Tammisaari_Panorama1.jpg\" rel=\"lightbox[8367]\"><img loading=\"lazy\" decoding=\"async\" aria-describedby=\"caption-attachment-8402\" class=\"wp-image-8402 size-full\" title=\"J\u00e4\u00e4tynyt lahti ja isokoskelo.\" src=\"https:\/\/blogi.ennola.fi\/wp-content\/uploads\/2023\/04\/Tammisaari_Panorama1-1.jpg\" alt=\"\" width=\"480\" height=\"226\" srcset=\"https:\/\/blogi.ennola.fi\/wp-content\/uploads\/2023\/04\/Tammisaari_Panorama1-1.jpg 480w, https:\/\/blogi.ennola.fi\/wp-content\/uploads\/2023\/04\/Tammisaari_Panorama1-1-150x71.jpg 150w\" sizes=\"(max-width: 480px) 100vw, 480px\" \/><\/a><p id=\"caption-attachment-8402\" class=\"wp-caption-text\">J\u00e4\u00e4tynyt lahti ja isokoskelo.<\/p><\/div>\n<div id=\"attachment_8401\" style=\"width: 490px\" class=\"wp-caption aligncenter\"><a href=\"https:\/\/blogi.ennola.fi\/wp-content\/uploads\/2023\/04\/Tammisaari_Panorama5.jpg\" rel=\"lightbox[8367]\"><img loading=\"lazy\" decoding=\"async\" aria-describedby=\"caption-attachment-8401\" class=\"wp-image-8401 size-full\" title=\"J\u00e4\u00e4tynyt lahti, Modermagan.\" src=\"https:\/\/blogi.ennola.fi\/wp-content\/uploads\/2023\/04\/Tammisaari_Panorama5-1.jpg\" alt=\"\" width=\"480\" height=\"207\" srcset=\"https:\/\/blogi.ennola.fi\/wp-content\/uploads\/2023\/04\/Tammisaari_Panorama5-1.jpg 480w, https:\/\/blogi.ennola.fi\/wp-content\/uploads\/2023\/04\/Tammisaari_Panorama5-1-150x65.jpg 150w\" sizes=\"(max-width: 480px) 100vw, 480px\" \/><\/a><p id=\"caption-attachment-8401\" class=\"wp-caption-text\">J\u00e4\u00e4tynyt lahti, Modermagan.<\/p><\/div>\n<div id=\"attachment_8400\" style=\"width: 490px\" class=\"wp-caption aligncenter\"><a href=\"https:\/\/blogi.ennola.fi\/wp-content\/uploads\/2023\/04\/Tammisaari_Panorama15.jpg\" rel=\"lightbox[8367]\"><img loading=\"lazy\" decoding=\"async\" aria-describedby=\"caption-attachment-8400\" class=\"wp-image-8400 size-full\" title=\"J\u00e4\u00e4tynyt lahti, Modermagan.\" src=\"https:\/\/blogi.ennola.fi\/wp-content\/uploads\/2023\/04\/Tammisaari_Panorama15-1.jpg\" alt=\"\" width=\"480\" height=\"177\" srcset=\"https:\/\/blogi.ennola.fi\/wp-content\/uploads\/2023\/04\/Tammisaari_Panorama15-1.jpg 480w, https:\/\/blogi.ennola.fi\/wp-content\/uploads\/2023\/04\/Tammisaari_Panorama15-1-150x55.jpg 150w\" sizes=\"(max-width: 480px) 100vw, 480px\" \/><\/a><p id=\"caption-attachment-8400\" class=\"wp-caption-text\">J\u00e4\u00e4tynyt lahti, Modermagan.<\/p><\/div>\n<p>Saaressa oli runsaasti Valkoh\u00e4nt\u00e4- ja mets\u00e4kauriiden tuoreita j\u00e4lki\u00e4, vaikka itse el\u00e4imist\u00e4 en n\u00e4hnyt vilaustakaan. Hippi\u00e4isi\u00e4 ja tiaisia, mukaan lukien uhanalaiset mets\u00e4tiaiset eleli saaressa. Palok\u00e4rki huuteli lent\u00e4ess\u00e4\u00e4n paikasta toiseen. Merikotkat pitiv\u00e4t soidintaan jossain pohjoisessa ja y\u00f6ll\u00e4 huuhkajan huhuilu kuului kauempaa. Pieni alliparvi vietti aikaa saaren edustalla ja p\u00e4\u00e4sin kuulemaan niiden soidinhuutelua. Kertaalleen havaitsin hylkeen p\u00e4\u00e4n nousevan ja laskevan vedest\u00e4. Molemman lajisia joutsenia, isokoskeloita ja telkki\u00e4 k\u00e4vi tutkimassa lahden suuta, josko olisivat p\u00e4\u00e4sseet uimaan syvemm\u00e4lle.<\/p>\n<div id=\"attachment_8422\" style=\"width: 460px\" class=\"wp-caption aligncenter\"><a href=\"https:\/\/blogi.ennola.fi\/wp-content\/uploads\/2023\/04\/IMG_2039.jpg\" rel=\"lightbox[8367]\"><img loading=\"lazy\" decoding=\"async\" aria-describedby=\"caption-attachment-8422\" class=\"wp-image-8422 size-full\" title=\"Laulujoutsen.\" src=\"https:\/\/blogi.ennola.fi\/wp-content\/uploads\/2023\/04\/IMG_2039-1.jpg\" alt=\"\" width=\"450\" height=\"301\" srcset=\"https:\/\/blogi.ennola.fi\/wp-content\/uploads\/2023\/04\/IMG_2039-1.jpg 450w, https:\/\/blogi.ennola.fi\/wp-content\/uploads\/2023\/04\/IMG_2039-1-150x100.jpg 150w\" sizes=\"(max-width: 450px) 100vw, 450px\" \/><\/a><p id=\"caption-attachment-8422\" class=\"wp-caption-text\">Laulujoutsen.<\/p><\/div>\n<div id=\"attachment_8399\" style=\"width: 490px\" class=\"wp-caption aligncenter\"><a href=\"https:\/\/blogi.ennola.fi\/wp-content\/uploads\/2023\/04\/Tammisaari_Panorama13.jpg\" rel=\"lightbox[8367]\"><img loading=\"lazy\" decoding=\"async\" aria-describedby=\"caption-attachment-8399\" class=\"wp-image-8399 size-full\" title=\"Auringonlasku, Modermagan.\" src=\"https:\/\/blogi.ennola.fi\/wp-content\/uploads\/2023\/04\/Tammisaari_Panorama13-1.jpg\" alt=\"\" width=\"480\" height=\"136\" srcset=\"https:\/\/blogi.ennola.fi\/wp-content\/uploads\/2023\/04\/Tammisaari_Panorama13-1.jpg 480w, https:\/\/blogi.ennola.fi\/wp-content\/uploads\/2023\/04\/Tammisaari_Panorama13-1-150x43.jpg 150w\" sizes=\"(max-width: 480px) 100vw, 480px\" \/><\/a><p id=\"caption-attachment-8399\" class=\"wp-caption-text\">Auringonlasku, Modermagan.<\/p><\/div>\n<div id=\"attachment_8398\" style=\"width: 490px\" class=\"wp-caption aligncenter\"><a href=\"https:\/\/blogi.ennola.fi\/wp-content\/uploads\/2023\/04\/Tammisaari_Panorama12.jpg\" rel=\"lightbox[8367]\"><img loading=\"lazy\" decoding=\"async\" aria-describedby=\"caption-attachment-8398\" class=\"wp-image-8398 size-full\" title=\"Auringonlasku, Modermagan.\" src=\"https:\/\/blogi.ennola.fi\/wp-content\/uploads\/2023\/04\/Tammisaari_Panorama12-1.jpg\" alt=\"\" width=\"480\" height=\"119\" srcset=\"https:\/\/blogi.ennola.fi\/wp-content\/uploads\/2023\/04\/Tammisaari_Panorama12-1.jpg 480w, https:\/\/blogi.ennola.fi\/wp-content\/uploads\/2023\/04\/Tammisaari_Panorama12-1-150x37.jpg 150w\" sizes=\"(max-width: 480px) 100vw, 480px\" \/><\/a><p id=\"caption-attachment-8398\" class=\"wp-caption-text\">Auringonlasku, Modermagan.<\/p><\/div>\n<p>P\u00e4iv\u00e4n mittaan lahden j\u00e4\u00e4 heikkeni ja suli t\u00e4yteen reiki\u00e4, muttei sulanut l\u00e4hesk\u00e4\u00e4n kauttaaltaan. Onneksi seuraava y\u00f6 oli suhteellisen l\u00e4mmin, joten j\u00e4\u00e4 ei vahvistunut kuin hieman. Aamup\u00e4iv\u00e4ll\u00e4 purettuani leirin ei sitten ollut muuta vaihtoehtoa kuin l\u00e4hte\u00e4 s\u00e4rkem\u00e4\u00e4n reitti kajakilla avoveteen. Olin jo valmiiksi katsonut muutamia matalia kohtia, joissa j\u00e4\u00e4t olivat ohuempia tai kokonaan sulaneita, joita hy\u00f6dynt\u00e4m\u00e4ll\u00e4 p\u00e4\u00e4sisi v\u00e4himm\u00e4ll\u00e4 j\u00e4\u00e4n s\u00e4rkemisell\u00e4.<\/p>\n<p>Paikka paikoin j\u00e4\u00e4 oli kuitenkin yll\u00e4tt\u00e4v\u00e4n vahvaa, jonka hajottaminen k\u00e4sintehdyll\u00e4 hiilikuitumelalla teki pahaa. Yritin hy\u00f6dynt\u00e4\u00e4 vauhtia, mutta se tyrehtyi kyll\u00e4 nopeasti j\u00e4ihin. Sen sijaan kajakin kiskominen eteenp\u00e4in k\u00e4sill\u00e4 j\u00e4\u00e4n reunasta oli tehokas tapa edet\u00e4. Olisi pit\u00e4nyt muistaa ottaa j\u00e4\u00e4naskalit mukaan, jos niill\u00e4 olisi saanut paremmin otetta j\u00e4\u00e4st\u00e4. Lopulta p\u00e4\u00e4sin vastarannan sulaan, jota pitkin oli vapaa reitti avoveteen.<\/p>\n<p>Olin jo edellisen\u00e4 p\u00e4iv\u00e4n\u00e4 havainnut saapumisreitin kapeikoiden olevan j\u00e4\u00e4ss\u00e4, joten paluumatkalle l\u00e4hdin ulompaa avomeren reunaa pitkin. Joitain j\u00e4\u00e4tyneit\u00e4 salmia jouduin kiert\u00e4m\u00e4\u00e4n, mutta muuten p\u00e4\u00e4sin l\u00e4ht\u00f6paikkaani kohtuullisen helposti p\u00e4\u00e4piirteiss\u00e4\u00e4n samaa reitti\u00e4, mit\u00e4 olin tullutkin. Navakka pohjoistuuli teki paikka paikoin etenemisest\u00e4 hidasta.<\/p>\n<div id=\"attachment_8397\" style=\"width: 490px\" class=\"wp-caption aligncenter\"><a href=\"https:\/\/blogi.ennola.fi\/wp-content\/uploads\/2023\/04\/Tammisaari_Panorama11.jpg\" rel=\"lightbox[8367]\"><img loading=\"lazy\" decoding=\"async\" aria-describedby=\"caption-attachment-8397\" class=\"wp-image-8397 size-full\" title=\"Auringonnousu, Modermagan.\" src=\"https:\/\/blogi.ennola.fi\/wp-content\/uploads\/2023\/04\/Tammisaari_Panorama11-1.jpg\" alt=\"\" width=\"480\" height=\"208\" srcset=\"https:\/\/blogi.ennola.fi\/wp-content\/uploads\/2023\/04\/Tammisaari_Panorama11-1.jpg 480w, https:\/\/blogi.ennola.fi\/wp-content\/uploads\/2023\/04\/Tammisaari_Panorama11-1-150x65.jpg 150w\" sizes=\"(max-width: 480px) 100vw, 480px\" \/><\/a><p id=\"caption-attachment-8397\" class=\"wp-caption-text\">Auringonnousu, Modermagan.<\/p><\/div>\n<div id=\"attachment_8423\" style=\"width: 460px\" class=\"wp-caption aligncenter\"><a href=\"https:\/\/blogi.ennola.fi\/wp-content\/uploads\/2023\/04\/DSCI1385.jpg\" rel=\"lightbox[8367]\"><img loading=\"lazy\" decoding=\"async\" aria-describedby=\"caption-attachment-8423\" class=\"wp-image-8423 size-full\" title=\"\u00d6ren.\" src=\"https:\/\/blogi.ennola.fi\/wp-content\/uploads\/2023\/04\/DSCI1385-1.jpg\" alt=\"\" width=\"450\" height=\"293\" srcset=\"https:\/\/blogi.ennola.fi\/wp-content\/uploads\/2023\/04\/DSCI1385-1.jpg 450w, https:\/\/blogi.ennola.fi\/wp-content\/uploads\/2023\/04\/DSCI1385-1-150x98.jpg 150w\" sizes=\"(max-width: 450px) 100vw, 450px\" \/><\/a><p id=\"caption-attachment-8423\" class=\"wp-caption-text\">\u00d6ren.<\/p><\/div>\n<p>Loppumatkasta p\u00e4\u00e4sin viel\u00e4 kuulemaan ja n\u00e4kem\u00e4\u00e4n haahkat, mitk\u00e4 tietenkin kuuluvat t\u00e4ydelliseen kev\u00e4tretkeen.<\/p>\n","protected":false},"excerpt":{"rendered":"<p>Maaliskuun lopulla oli tilaisuus pariin y\u00f6h\u00f6n saaristossa. S\u00e4\u00e4tiedotus lupaili maltillista, muttei olematonta luoteen ja koillisen v\u00e4list\u00e4 tuulta. \u00d6isin oli ollut pakkasta jo jonkun aikaa ja niiden luvattiin jatkuvan,&#8230;<\/p>\n","protected":false},"author":1,"featured_media":8369,"comment_status":"open","ping_status":"open","sticky":false,"template":"","format":"standard","meta":{"footnotes":""},"categories":[4,8],"tags":[],"_links":{"self":[{"href":"https:\/\/blogi.ennola.fi\/index.php?rest_route=\/wp\/v2\/posts\/8367"}],"collection":[{"href":"https:\/\/blogi.ennola.fi\/index.php?rest_route=\/wp\/v2\/posts"}],"about":[{"href":"https:\/\/blogi.ennola.fi\/index.php?rest_route=\/wp\/v2\/types\/post"}],"author":[{"embeddable":true,"href":"https:\/\/blogi.ennola.fi\/index.php?rest_route=\/wp\/v2\/users\/1"}],"replies":[{"embeddable":true,"href":"https:\/\/blogi.ennola.fi\/index.php?rest_route=%2Fwp%2Fv2%2Fcomments&post=8367"}],"version-history":[{"count":5,"href":"https:\/\/blogi.ennola.fi\/index.php?rest_route=\/wp\/v2\/posts\/8367\/revisions"}],"predecessor-version":[{"id":8428,"href":"https:\/\/blogi.ennola.fi\/index.php?rest_route=\/wp\/v2\/posts\/8367\/revisions\/8428"}],"wp:featuredmedia":[{"embeddable":true,"href":"https:\/\/blogi.ennola.fi\/index.php?rest_route=\/wp\/v2\/media\/8369"}],"wp:attachment":[{"href":"https:\/\/blogi.ennola.fi\/index.php?rest_route=%2Fwp%2Fv2%2Fmedia&parent=8367"}],"wp:term":[{"taxonomy":"category","embeddable":true,"href":"https:\/\/blogi.ennola.fi\/index.php?rest_route=%2Fwp%2Fv2%2Fcategories&post=8367"},{"taxonomy":"post_tag","embeddable":true,"href":"https:\/\/blogi.ennola.fi\/index.php?rest_route=%2Fwp%2Fv2%2Ftags&post=8367"}],"curies":[{"name":"wp","href":"https:\/\/api.w.org\/{rel}","templated":true}]}}