{"id":8907,"date":"2023-08-12T16:35:58","date_gmt":"2023-08-12T13:35:58","guid":{"rendered":"https:\/\/blogi.ennola.fi\/?p=8907"},"modified":"2024-09-28T12:17:55","modified_gmt":"2024-09-28T09:17:55","slug":"vuosikymmenen-myrskyn-rippeet","status":"publish","type":"post","link":"https:\/\/blogi.ennola.fi\/?p=8907","title":{"rendered":"Vuosikymmenen myrskyn rippeet"},"content":{"rendered":"<p>S\u00e4\u00e4tiedotus lupaili tiistaiksi vuosikymmenen myrsky\u00e4 ja minun oli maanantaina tarkoitus l\u00e4hte\u00e4 seikkailukasvatusopiskelijoiden kanssa nelj\u00e4n p\u00e4iv\u00e4n melontavaellukselle. Sunnuntaina opiskelijat soittivat ja kyseliv\u00e4t, mit\u00e4 tekisimme retken suhteen. Koetin vakuutella, ett\u00e4 voisimme silti l\u00e4hte\u00e4 reissuun, mutta myrskyn vaikutukset turvallisuuteen t\u00e4ytyy ottaa huomioon. Ainakin alkuper\u00e4ist\u00e4 reittisuunnitelmaa pit\u00e4isi lyhent\u00e4\u00e4 merkitt\u00e4v\u00e4sti. Opiskelijat eiv\u00e4t olleet kovin vakuuttuneita, mutta sovimme tapaavamme koululla maanantaina valmiina l\u00e4ht\u00f6\u00f6n ja tekisimme lopullisen p\u00e4\u00e4t\u00f6ksen vasta sitten.<\/p>\n<p>Sain heid\u00e4t vakuutetuksi siit\u00e4, voisimme tehd\u00e4 retken turvallisesti. Olosuhteet antaisivat erinomaiset mahdollisuudet opetella seikkailukasvatusta ja p\u00e4\u00e4t\u00f6ksentekoa: sit\u00e4, miten turvallisuus otetaan huomioon niin fyysisesti kuin psyykkisestikin. Pensarin pohjoisranta tarjosi meille tuulensuojaisen y\u00f6paikan, miss\u00e4 pystytimme teltat alle viisimetriseen taimikkoon ja riitt\u00e4v\u00e4n kauas isoista puista \u2013 silt\u00e4 varalta, ett\u00e4 puuskat olisivat puita kaataneet.<\/p>\n<div id=\"attachment_8924\" style=\"width: 460px\" class=\"wp-caption aligncenter\"><a href=\"https:\/\/blogi.ennola.fi\/wp-content\/uploads\/2023\/08\/DSCI1724.jpg\" rel=\"lightbox[8907]\"><img loading=\"lazy\" decoding=\"async\" aria-describedby=\"caption-attachment-8924\" class=\"wp-image-8924 size-full\" title=\"Menomatkalla saareen.\" src=\"https:\/\/blogi.ennola.fi\/wp-content\/uploads\/2023\/08\/DSCI1724-1.jpg\" alt=\"\" width=\"450\" height=\"300\" srcset=\"https:\/\/blogi.ennola.fi\/wp-content\/uploads\/2023\/08\/DSCI1724-1.jpg 450w, https:\/\/blogi.ennola.fi\/wp-content\/uploads\/2023\/08\/DSCI1724-1-150x100.jpg 150w\" sizes=\"(max-width: 450px) 100vw, 450px\" \/><\/a><p id=\"caption-attachment-8924\" class=\"wp-caption-text\">Menomatkalla saareen.<\/p><\/div>\n<div id=\"attachment_8925\" style=\"width: 316px\" class=\"wp-caption aligncenter\"><a href=\"https:\/\/blogi.ennola.fi\/wp-content\/uploads\/2023\/08\/IMG_5836b.jpg\" rel=\"lightbox[8907]\"><img loading=\"lazy\" decoding=\"async\" aria-describedby=\"caption-attachment-8925\" class=\"wp-image-8925 size-full\" title=\"Kynsitulen harjoittelua.\" src=\"https:\/\/blogi.ennola.fi\/wp-content\/uploads\/2023\/08\/IMG_5836b-1.jpg\" alt=\"\" width=\"306\" height=\"420\" srcset=\"https:\/\/blogi.ennola.fi\/wp-content\/uploads\/2023\/08\/IMG_5836b-1.jpg 306w, https:\/\/blogi.ennola.fi\/wp-content\/uploads\/2023\/08\/IMG_5836b-1-291x400.jpg 291w, https:\/\/blogi.ennola.fi\/wp-content\/uploads\/2023\/08\/IMG_5836b-1-109x150.jpg 109w\" sizes=\"(max-width: 306px) 100vw, 306px\" \/><\/a><p id=\"caption-attachment-8925\" class=\"wp-caption-text\">Kynsitulen harjoittelua.<\/p><\/div>\n<div id=\"attachment_8926\" style=\"width: 460px\" class=\"wp-caption aligncenter\"><a href=\"https:\/\/blogi.ennola.fi\/wp-content\/uploads\/2023\/08\/IMG_5840.jpg\" rel=\"lightbox[8907]\"><img loading=\"lazy\" decoding=\"async\" aria-describedby=\"caption-attachment-8926\" class=\"wp-image-8926 size-full\" title=\"Kynsituli.\" src=\"https:\/\/blogi.ennola.fi\/wp-content\/uploads\/2023\/08\/IMG_5840-1.jpg\" alt=\"\" width=\"450\" height=\"331\" srcset=\"https:\/\/blogi.ennola.fi\/wp-content\/uploads\/2023\/08\/IMG_5840-1.jpg 450w, https:\/\/blogi.ennola.fi\/wp-content\/uploads\/2023\/08\/IMG_5840-1-150x110.jpg 150w\" sizes=\"(max-width: 450px) 100vw, 450px\" \/><\/a><p id=\"caption-attachment-8926\" class=\"wp-caption-text\">Kynsituli.<\/p><\/div>\n<div id=\"attachment_8927\" style=\"width: 460px\" class=\"wp-caption aligncenter\"><a href=\"https:\/\/blogi.ennola.fi\/wp-content\/uploads\/2023\/08\/IMG_5842.jpg\" rel=\"lightbox[8907]\"><img loading=\"lazy\" decoding=\"async\" aria-describedby=\"caption-attachment-8927\" class=\"wp-image-8927 size-full\" title=\"Lepohetki.\" src=\"https:\/\/blogi.ennola.fi\/wp-content\/uploads\/2023\/08\/IMG_5842-1.jpg\" alt=\"\" width=\"450\" height=\"300\" srcset=\"https:\/\/blogi.ennola.fi\/wp-content\/uploads\/2023\/08\/IMG_5842-1.jpg 450w, https:\/\/blogi.ennola.fi\/wp-content\/uploads\/2023\/08\/IMG_5842-1-150x100.jpg 150w\" sizes=\"(max-width: 450px) 100vw, 450px\" \/><\/a><p id=\"caption-attachment-8927\" class=\"wp-caption-text\">Lepohetki.<\/p><\/div>\n<div id=\"attachment_8923\" style=\"width: 490px\" class=\"wp-caption aligncenter\"><a href=\"https:\/\/blogi.ennola.fi\/wp-content\/uploads\/2023\/08\/Pensar_Panorama4.jpg\" rel=\"lightbox[8907]\"><img loading=\"lazy\" decoding=\"async\" aria-describedby=\"caption-attachment-8923\" class=\"wp-image-8923 size-full\" title=\"Auringon lasku, Pensar.\" src=\"https:\/\/blogi.ennola.fi\/wp-content\/uploads\/2023\/08\/Pensar_Panorama4-1.jpg\" alt=\"\" width=\"480\" height=\"178\" srcset=\"https:\/\/blogi.ennola.fi\/wp-content\/uploads\/2023\/08\/Pensar_Panorama4-1.jpg 480w, https:\/\/blogi.ennola.fi\/wp-content\/uploads\/2023\/08\/Pensar_Panorama4-1-150x56.jpg 150w\" sizes=\"(max-width: 480px) 100vw, 480px\" \/><\/a><p id=\"caption-attachment-8923\" class=\"wp-caption-text\">Auringon lasku myrskyn j\u00e4lkeen, Pensar.<\/p><\/div>\n<div id=\"attachment_8928\" style=\"width: 460px\" class=\"wp-caption aligncenter\"><a href=\"https:\/\/blogi.ennola.fi\/wp-content\/uploads\/2023\/08\/IMG_5852.jpg\" rel=\"lightbox[8907]\"><img loading=\"lazy\" decoding=\"async\" aria-describedby=\"caption-attachment-8928\" class=\"wp-image-8928 size-full\" title=\"Aamu myrskyn j\u00e4lkeen.\" src=\"https:\/\/blogi.ennola.fi\/wp-content\/uploads\/2023\/08\/IMG_5852-1.jpg\" alt=\"\" width=\"450\" height=\"300\" srcset=\"https:\/\/blogi.ennola.fi\/wp-content\/uploads\/2023\/08\/IMG_5852-1.jpg 450w, https:\/\/blogi.ennola.fi\/wp-content\/uploads\/2023\/08\/IMG_5852-1-150x100.jpg 150w\" sizes=\"(max-width: 450px) 100vw, 450px\" \/><\/a><p id=\"caption-attachment-8928\" class=\"wp-caption-text\">Aamu myrskyn j\u00e4lkeen.<\/p><\/div>\n<p>Lopulta myrsky j\u00e4i pikkasen piippuun, vaikka toki tiistaina emme vesille p\u00e4\u00e4sseet. Sen sijaan k\u00e4vimme retkeilem\u00e4ss\u00e4 saaressa ja valmistimme mm. pihkasalvaa ja harjoittelimme kynsitulien tekoa opiskelijoiden ohjauksessa. K\u00e4vimme kiert\u00e4m\u00e4ss\u00e4 luontopolun saaren etel\u00e4osassa ja samalla saimme kokemuksen myrskyn voimasta. Suojaisella pohjoisrannalla siit\u00e4 ei oikein saanut k\u00e4sityst\u00e4. Illalla n\u00e4imme hylkeen leiripaikan edustalla, joka haki tuulensuojaa kuten mekin.<\/p>\n<div id=\"attachment_8929\" style=\"width: 460px\" class=\"wp-caption aligncenter\"><a href=\"https:\/\/blogi.ennola.fi\/wp-content\/uploads\/2023\/08\/DSCI1728.jpg\" rel=\"lightbox[8907]\"><img loading=\"lazy\" decoding=\"async\" aria-describedby=\"caption-attachment-8929\" class=\"wp-image-8929 size-full\" title=\"Sadepilvi\u00e4.\" src=\"https:\/\/blogi.ennola.fi\/wp-content\/uploads\/2023\/08\/DSCI1728-1.jpg\" alt=\"\" width=\"450\" height=\"300\" srcset=\"https:\/\/blogi.ennola.fi\/wp-content\/uploads\/2023\/08\/DSCI1728-1.jpg 450w, https:\/\/blogi.ennola.fi\/wp-content\/uploads\/2023\/08\/DSCI1728-1-150x100.jpg 150w\" sizes=\"(max-width: 450px) 100vw, 450px\" \/><\/a><p id=\"caption-attachment-8929\" class=\"wp-caption-text\">Sadepilvi\u00e4.<\/p><\/div>\n<div id=\"attachment_8931\" style=\"width: 460px\" class=\"wp-caption aligncenter\"><a href=\"https:\/\/blogi.ennola.fi\/wp-content\/uploads\/2023\/08\/DSCI1734.jpg\" rel=\"lightbox[8907]\"><img loading=\"lazy\" decoding=\"async\" aria-describedby=\"caption-attachment-8931\" class=\"wp-image-8931 size-full\" title=\"Kaatosade.\" src=\"https:\/\/blogi.ennola.fi\/wp-content\/uploads\/2023\/08\/DSCI1734-1.jpg\" alt=\"\" width=\"450\" height=\"300\" srcset=\"https:\/\/blogi.ennola.fi\/wp-content\/uploads\/2023\/08\/DSCI1734-1.jpg 450w, https:\/\/blogi.ennola.fi\/wp-content\/uploads\/2023\/08\/DSCI1734-1-150x100.jpg 150w\" sizes=\"(max-width: 450px) 100vw, 450px\" \/><\/a><p id=\"caption-attachment-8931\" class=\"wp-caption-text\">Kaatosade.<\/p><\/div>\n<div id=\"attachment_8930\" style=\"width: 460px\" class=\"wp-caption aligncenter\"><a href=\"https:\/\/blogi.ennola.fi\/wp-content\/uploads\/2023\/08\/DSCI1733.jpg\" rel=\"lightbox[8907]\"><img loading=\"lazy\" decoding=\"async\" aria-describedby=\"caption-attachment-8930\" class=\"wp-image-8930 size-full\" title=\"Kaatosade.\" src=\"https:\/\/blogi.ennola.fi\/wp-content\/uploads\/2023\/08\/DSCI1733-1.jpg\" alt=\"\" width=\"450\" height=\"294\" srcset=\"https:\/\/blogi.ennola.fi\/wp-content\/uploads\/2023\/08\/DSCI1733-1.jpg 450w, https:\/\/blogi.ennola.fi\/wp-content\/uploads\/2023\/08\/DSCI1733-1-150x98.jpg 150w\" sizes=\"(max-width: 450px) 100vw, 450px\" \/><\/a><p id=\"caption-attachment-8930\" class=\"wp-caption-text\">Kaatosade.<\/p><\/div>\n<div id=\"attachment_8932\" style=\"width: 460px\" class=\"wp-caption aligncenter\"><a href=\"https:\/\/blogi.ennola.fi\/wp-content\/uploads\/2023\/08\/DSCI1740.jpg\" rel=\"lightbox[8907]\"><img loading=\"lazy\" decoding=\"async\" aria-describedby=\"caption-attachment-8932\" class=\"wp-image-8932 size-full\" title=\"Tauko ennen sel\u00e4n ylityst\u00e4 ja viimeinen sade.\" src=\"https:\/\/blogi.ennola.fi\/wp-content\/uploads\/2023\/08\/DSCI1740-1.jpg\" alt=\"\" width=\"450\" height=\"308\" srcset=\"https:\/\/blogi.ennola.fi\/wp-content\/uploads\/2023\/08\/DSCI1740-1.jpg 450w, https:\/\/blogi.ennola.fi\/wp-content\/uploads\/2023\/08\/DSCI1740-1-150x103.jpg 150w\" sizes=\"(max-width: 450px) 100vw, 450px\" \/><\/a><p id=\"caption-attachment-8932\" class=\"wp-caption-text\">Tauko ennen sel\u00e4n ylityst\u00e4 ja viimeinen sade.<\/p><\/div>\n<div id=\"attachment_8933\" style=\"width: 460px\" class=\"wp-caption aligncenter\"><a href=\"https:\/\/blogi.ennola.fi\/wp-content\/uploads\/2023\/08\/DSCI1741.jpg\" rel=\"lightbox[8907]\"><img loading=\"lazy\" decoding=\"async\" aria-describedby=\"caption-attachment-8933\" class=\"wp-image-8933 size-full\" title=\"Sateen j\u00e4lkeen paistaa aurinko.\" src=\"https:\/\/blogi.ennola.fi\/wp-content\/uploads\/2023\/08\/DSCI1741-1.jpg\" alt=\"\" width=\"450\" height=\"288\" srcset=\"https:\/\/blogi.ennola.fi\/wp-content\/uploads\/2023\/08\/DSCI1741-1.jpg 450w, https:\/\/blogi.ennola.fi\/wp-content\/uploads\/2023\/08\/DSCI1741-1-150x96.jpg 150w\" sizes=\"(max-width: 450px) 100vw, 450px\" \/><\/a><p id=\"caption-attachment-8933\" class=\"wp-caption-text\">Sateen j\u00e4lkeen paistaa aurinko.<\/p><\/div>\n<div id=\"attachment_8934\" style=\"width: 460px\" class=\"wp-caption aligncenter\"><a href=\"https:\/\/blogi.ennola.fi\/wp-content\/uploads\/2023\/08\/DSCI1749.jpg\" rel=\"lightbox[8907]\"><img loading=\"lazy\" decoding=\"async\" aria-describedby=\"caption-attachment-8934\" class=\"wp-image-8934 size-full\" title=\"Kapea kanava kahden saaren v\u00e4liss\u00e4.\" src=\"https:\/\/blogi.ennola.fi\/wp-content\/uploads\/2023\/08\/DSCI1749-1.jpg\" alt=\"\" width=\"450\" height=\"305\" srcset=\"https:\/\/blogi.ennola.fi\/wp-content\/uploads\/2023\/08\/DSCI1749-1.jpg 450w, https:\/\/blogi.ennola.fi\/wp-content\/uploads\/2023\/08\/DSCI1749-1-150x102.jpg 150w\" sizes=\"(max-width: 450px) 100vw, 450px\" \/><\/a><p id=\"caption-attachment-8934\" class=\"wp-caption-text\">Kapea kanava kahden saaren v\u00e4liss\u00e4.<\/p><\/div>\n<p>Muinakin p\u00e4ivin\u00e4 saimme monenlaista s\u00e4\u00e4t\u00e4. Maanantaina tukahduttavaa hellett\u00e4 h\u00f6ystettyn\u00e4 navakalla tuulella. Keskiviikkona kovaa tuulta, todella kovia sadekuuroja. Sadekuurot l\u00e4hestyiv\u00e4t meit\u00e4 melkoisella pauhulla, mik\u00e4 her\u00e4tti hetkeksi pelon sekaisia tuntemuksia. Aikamme sateessa melottuamme jouduimme v\u00e4ist\u00e4m\u00e4\u00e4n ukkosta pariksi tunniksi maihin tarpin alle suojaan.<\/p>\n<p>Illaksi s\u00e4\u00e4 tyyntyi juuri oikealla hetkell\u00e4. Olimme hetkeksi rantautuneet ennen suurempaa sel\u00e4nylityst\u00e4 pit\u00e4m\u00e4\u00e4n sadetta ja tuulta. Kun sade loppui, tuuli tyyntyi ja aurinko tuli esiin ja p\u00e4\u00e4simme liikkeelle. Torstaina sitten olikin en\u00e4\u00e4 vain kova my\u00f6t\u00e4tuuli. Sadekuuroja luvattiin, mutta tuurilla ne kaikki meniv\u00e4t ohi.<\/p>\n<div id=\"attachment_8936\" style=\"width: 490px\" class=\"wp-caption aligncenter\"><a href=\"https:\/\/blogi.ennola.fi\/wp-content\/uploads\/2023\/08\/Pensar_Panorama1.jpg\" rel=\"lightbox[8907]\"><img loading=\"lazy\" decoding=\"async\" aria-describedby=\"caption-attachment-8936\" class=\"wp-image-8936 size-full\" title=\"Myrskypilvi\u00e4, Bjursk\u00e4r.\" src=\"https:\/\/blogi.ennola.fi\/wp-content\/uploads\/2023\/08\/Pensar_Panorama1-1.jpg\" alt=\"\" width=\"480\" height=\"238\" srcset=\"https:\/\/blogi.ennola.fi\/wp-content\/uploads\/2023\/08\/Pensar_Panorama1-1.jpg 480w, https:\/\/blogi.ennola.fi\/wp-content\/uploads\/2023\/08\/Pensar_Panorama1-1-150x74.jpg 150w\" sizes=\"(max-width: 480px) 100vw, 480px\" \/><\/a><p id=\"caption-attachment-8936\" class=\"wp-caption-text\">Myrskypilvi\u00e4, Bjursk\u00e4r.<\/p><\/div>\n<div id=\"attachment_8935\" style=\"width: 490px\" class=\"wp-caption aligncenter\"><a href=\"https:\/\/blogi.ennola.fi\/wp-content\/uploads\/2023\/08\/Pensar_Panorama2.jpg\" rel=\"lightbox[8907]\"><img loading=\"lazy\" decoding=\"async\" aria-describedby=\"caption-attachment-8935\" class=\"wp-image-8935 size-full\" title=\"Bjursk\u00e4r.\" src=\"https:\/\/blogi.ennola.fi\/wp-content\/uploads\/2023\/08\/Pensar_Panorama2-1.jpg\" alt=\"\" width=\"480\" height=\"225\" srcset=\"https:\/\/blogi.ennola.fi\/wp-content\/uploads\/2023\/08\/Pensar_Panorama2-1.jpg 480w, https:\/\/blogi.ennola.fi\/wp-content\/uploads\/2023\/08\/Pensar_Panorama2-1-150x70.jpg 150w\" sizes=\"(max-width: 480px) 100vw, 480px\" \/><\/a><p id=\"caption-attachment-8935\" class=\"wp-caption-text\">Bjursk\u00e4r.<\/p><\/div>\n<div id=\"attachment_8937\" style=\"width: 490px\" class=\"wp-caption aligncenter\"><a href=\"https:\/\/blogi.ennola.fi\/wp-content\/uploads\/2023\/08\/Pensar_Panorama3.jpg\" rel=\"lightbox[8907]\"><img loading=\"lazy\" decoding=\"async\" aria-describedby=\"caption-attachment-8937\" class=\"wp-image-8937 size-full\" title=\"Auringonlasku, Bjursk\u00e4r.\" src=\"https:\/\/blogi.ennola.fi\/wp-content\/uploads\/2023\/08\/Pensar_Panorama3-1.jpg\" alt=\"\" width=\"480\" height=\"180\" srcset=\"https:\/\/blogi.ennola.fi\/wp-content\/uploads\/2023\/08\/Pensar_Panorama3-1.jpg 480w, https:\/\/blogi.ennola.fi\/wp-content\/uploads\/2023\/08\/Pensar_Panorama3-1-150x56.jpg 150w\" sizes=\"(max-width: 480px) 100vw, 480px\" \/><\/a><p id=\"caption-attachment-8937\" class=\"wp-caption-text\">Auringonlasku, Bjursk\u00e4r.<\/p><\/div>\n<p>Melonta kilometrej\u00e4 tuli kaiken kaikkiaan 38, mutta niit\u00e4 enemm\u00e4n tuli kokemuksia haastavammista s\u00e4\u00e4olosuhteista. Ehk\u00e4 turhankin haastavista aloittelevalle ryhm\u00e4lle, mutta oli hienoa huomata ryhm\u00e4n kehittyv\u00e4n haasteiden mukana. Ja lopputuloksena ryhm\u00e4l\u00e4iset tuntuivat olevan innostuneita ja tyytyv\u00e4isi\u00e4 suoritukseensa. Kaikki olivat tyytyv\u00e4isi\u00e4 siit\u00e4, ett\u00e4 lopulta l\u00e4hdimme melomaan, vaikka s\u00e4\u00e4 olisi ollut ihan p\u00e4tev\u00e4 syy j\u00e4\u00e4d\u00e4 rannallekin.<\/p>\n","protected":false},"excerpt":{"rendered":"<p>S\u00e4\u00e4tiedotus lupaili tiistaiksi vuosikymmenen myrsky\u00e4 ja minun oli maanantaina tarkoitus l\u00e4hte\u00e4 seikkailukasvatusopiskelijoiden kanssa nelj\u00e4n p\u00e4iv\u00e4n melontavaellukselle. Sunnuntaina opiskelijat soittivat ja kyseliv\u00e4t, mit\u00e4 tekisimme retken suhteen. Koetin vakuutella, ett\u00e4&#8230;<\/p>\n","protected":false},"author":1,"featured_media":8938,"comment_status":"open","ping_status":"open","sticky":false,"template":"","format":"standard","meta":{"footnotes":""},"categories":[4,8,5,27],"tags":[],"_links":{"self":[{"href":"https:\/\/blogi.ennola.fi\/index.php?rest_route=\/wp\/v2\/posts\/8907"}],"collection":[{"href":"https:\/\/blogi.ennola.fi\/index.php?rest_route=\/wp\/v2\/posts"}],"about":[{"href":"https:\/\/blogi.ennola.fi\/index.php?rest_route=\/wp\/v2\/types\/post"}],"author":[{"embeddable":true,"href":"https:\/\/blogi.ennola.fi\/index.php?rest_route=\/wp\/v2\/users\/1"}],"replies":[{"embeddable":true,"href":"https:\/\/blogi.ennola.fi\/index.php?rest_route=%2Fwp%2Fv2%2Fcomments&post=8907"}],"version-history":[{"count":3,"href":"https:\/\/blogi.ennola.fi\/index.php?rest_route=\/wp\/v2\/posts\/8907\/revisions"}],"predecessor-version":[{"id":10201,"href":"https:\/\/blogi.ennola.fi\/index.php?rest_route=\/wp\/v2\/posts\/8907\/revisions\/10201"}],"wp:featuredmedia":[{"embeddable":true,"href":"https:\/\/blogi.ennola.fi\/index.php?rest_route=\/wp\/v2\/media\/8938"}],"wp:attachment":[{"href":"https:\/\/blogi.ennola.fi\/index.php?rest_route=%2Fwp%2Fv2%2Fmedia&parent=8907"}],"wp:term":[{"taxonomy":"category","embeddable":true,"href":"https:\/\/blogi.ennola.fi\/index.php?rest_route=%2Fwp%2Fv2%2Fcategories&post=8907"},{"taxonomy":"post_tag","embeddable":true,"href":"https:\/\/blogi.ennola.fi\/index.php?rest_route=%2Fwp%2Fv2%2Ftags&post=8907"}],"curies":[{"name":"wp","href":"https:\/\/api.w.org\/{rel}","templated":true}]}}