{"id":9198,"date":"2023-09-15T10:22:18","date_gmt":"2023-09-15T07:22:18","guid":{"rendered":"https:\/\/blogi.ennola.fi\/?p=9198"},"modified":"2023-09-28T10:23:36","modified_gmt":"2023-09-28T07:23:36","slug":"melonnanohjaajakurssi","status":"publish","type":"post","link":"https:\/\/blogi.ennola.fi\/?p=9198","title":{"rendered":"Melonnanohjaajakurssi"},"content":{"rendered":"<p>Syyskuun alussa Er\u00e4opasopiskelijoilla oli edess\u00e4\u00e4n melonnanohjaajakurssi, joka oli toteutukseltaan pidempi ja monipuolisempi kuin minimivaatimusten mukainen kurssi. Ammatillisessa koulutuksessa kun on mahdollisuuksia paneutua kaupallisia kursseja syv\u00e4llisemmin aiheeseen.<\/p>\n<p>Melonnanohjaajakurssin suosituksissa oli tutustuminen my\u00f6s avokanoottimelontaan, mik\u00e4 ammatillisestikin on hyv\u00e4. Tapahtuuhan huomattava osa er\u00e4oppaiden vet\u00e4m\u00e4st\u00e4 melonnasta juuri avokanooteilla. Niinp\u00e4 maanantaiaamup\u00e4iv\u00e4n meloimme avokanooteilla koulun rannassa.<\/p>\n<p>Aluksi k\u00e4vimme l\u00e4pi avokanoottimelonnan perusteet, melojien roolit kanootissa ja miten takana melova pit\u00e4\u00e4 kanootin suorassa: oikeaoppinen J-veto, mill\u00e4 kanootin saa p\u00e4\u00e4s\u00e4\u00e4nt\u00f6isesti kulkemaan suoraan, sek\u00e4 kaarivedon loppuosa, jolla sen saa k\u00e4\u00e4ntym\u00e4\u00e4n tarvittaessa vastakkaiseen suuntaan. N\u00e4ill\u00e4 opeilla l\u00e4hdimme melomaan l\u00e4heiselle Norbyholmenille. Matkalla vaihdoimme kertaalleen paikkoja kanootissa, jotta molemmat p\u00e4\u00e4sisiv\u00e4t melomaan kumpaakin paikkaa. Vaihdon teimme vesill\u00e4, k\u00e4ym\u00e4tt\u00e4 rannassa.<\/p>\n<p>Vaikka avoimilla alueilla perustekniikat riitt\u00e4v\u00e4tkin pitk\u00e4\u00e4n, Norbyholmenin luona treenasimme my\u00f6s tehokkaampia ohjaustekniikoita, joissa melojat yhteistoimin saavat kanootin k\u00e4\u00e4ntym\u00e4\u00e4n huomattavasti pienemm\u00e4ss\u00e4 tilassa. Harjoittelimme kanootin siirtymist\u00e4 sivuttain niin, ett\u00e4 liikesuunta s\u00e4ilyy. Harjoittelimme kanootin liikuttamista sivuttain paikaltaan ja py\u00f6ritt\u00e4mist\u00e4 ymp\u00e4ri paikallaan. Eli aivan niit\u00e4 samoja ohjaustekniikoita, mit\u00e4 olimme jo kajakin kanssa harjoitelleet. Mutta nyt sill\u00e4 erotuksella, ett\u00e4 ne tehd\u00e4\u00e4n yksilapaisella melalla ja tilanteessa, jossa melojia on kaksi ja he melovat kanootin p\u00e4iss\u00e4.<\/p>\n<div id=\"attachment_9264\" style=\"width: 460px\" class=\"wp-caption aligncenter\"><a href=\"https:\/\/blogi.ennola.fi\/wp-content\/uploads\/2023\/09\/IMG20230904135057.jpg\" rel=\"lightbox[9198]\"><img loading=\"lazy\" decoding=\"async\" aria-describedby=\"caption-attachment-9264\" class=\"wp-image-9264 size-full\" title=\"Avokanootilla pujottelua laiturirakenteissa. (Villen kuva)\" src=\"https:\/\/blogi.ennola.fi\/wp-content\/uploads\/2023\/09\/IMG20230904135057-1.jpg\" alt=\"\" width=\"450\" height=\"362\" srcset=\"https:\/\/blogi.ennola.fi\/wp-content\/uploads\/2023\/09\/IMG20230904135057-1.jpg 450w, https:\/\/blogi.ennola.fi\/wp-content\/uploads\/2023\/09\/IMG20230904135057-1-150x121.jpg 150w\" sizes=\"(max-width: 450px) 100vw, 450px\" \/><\/a><p id=\"caption-attachment-9264\" class=\"wp-caption-text\">Avokanootilla pujottelua laiturirakenteissa. (Villen kuva)<\/p><\/div>\n<p>Lounastauon pidimme Norbyholmenissa, mik\u00e4 oli meille tuttu saari kes\u00e4kuulta melontaretken y\u00f6pymissaarena. Paluumatkalla treenailimme viel\u00e4 lis\u00e4\u00e4 kanootin hallintaa. Koulun l\u00e4heisyydess\u00e4 k\u00e4vimme l\u00e4pi viel\u00e4 kaatuneiden melojien pelastamisen vedest\u00e4 kanoottiin. Minulla ja yhdell\u00e4 opiskelijalla oli kuivapuvut p\u00e4\u00e4ll\u00e4, joten meid\u00e4n rooli oli toimia uimareina niin, ett\u00e4 kukin venekunta p\u00e4\u00e4si vuorollaan kokeilemaan avokanootin pelastamista.<\/p>\n<p>Koululla s\u00f6imme p\u00e4iv\u00e4llisen, pakkasimme autot ja l\u00e4hdimme retken l\u00e4ht\u00f6paikalle Granvikiin. Pakkasimme kajakit ja pidimme lyhyen verryttelyn. L\u00e4ht\u00f6paikka ei ollut helppo suurelle joukolle kajakkeja. Lopulta p\u00e4\u00e4stess\u00e4mme vesille kello oli jo seitsem\u00e4n. Matka leirisaareen olisi pit\u00e4nyt olla suojaisaa melontaa puolisentoista tuntia, mutta lopultakaan emme l\u00f6yt\u00e4neet tuuletonta reitti\u00e4. Aallokko ei ollut paha, mutta napakka tuuli teki matkanteosta raskasta. Viimeiselle sel\u00e4lle ennen leirisaarta se sai nostettua kohtalaisen aallokon. Ilta oli ehtinyt pimenty\u00e4 jo varsin pime\u00e4ksi, joten viimeinen melontap\u00e4tk\u00e4 tarjosi viel\u00e4 v\u00e4h\u00e4n haastettakin.<\/p>\n<p>Aamulla her\u00e4sin auringonnousun aikaan ja menin ulos kuvaamaan saaren kasveja muiden viel\u00e4 nukkuessa.<\/p>\n<div id=\"attachment_9226\" style=\"width: 291px\" class=\"wp-caption aligncenter\"><a href=\"https:\/\/blogi.ennola.fi\/wp-content\/uploads\/2023\/09\/IMG_6914.jpg\" rel=\"lightbox[9198]\"><img loading=\"lazy\" decoding=\"async\" aria-describedby=\"caption-attachment-9226\" class=\"wp-image-9226 size-full\" title=\"Rantakukka.\" src=\"https:\/\/blogi.ennola.fi\/wp-content\/uploads\/2023\/09\/IMG_6914-1.jpg\" alt=\"\" width=\"281\" height=\"420\" srcset=\"https:\/\/blogi.ennola.fi\/wp-content\/uploads\/2023\/09\/IMG_6914-1.jpg 281w, https:\/\/blogi.ennola.fi\/wp-content\/uploads\/2023\/09\/IMG_6914-1-268x400.jpg 268w, https:\/\/blogi.ennola.fi\/wp-content\/uploads\/2023\/09\/IMG_6914-1-100x150.jpg 100w\" sizes=\"(max-width: 281px) 100vw, 281px\" \/><\/a><p id=\"caption-attachment-9226\" class=\"wp-caption-text\">Rantakukka.<\/p><\/div>\n<div id=\"attachment_9225\" style=\"width: 287px\" class=\"wp-caption aligncenter\"><a href=\"https:\/\/blogi.ennola.fi\/wp-content\/uploads\/2023\/09\/IMG_6899.jpg\" rel=\"lightbox[9198]\"><img loading=\"lazy\" decoding=\"async\" aria-describedby=\"caption-attachment-9225\" class=\"wp-image-9225 size-full\" title=\"Keto-orvokki.\" src=\"https:\/\/blogi.ennola.fi\/wp-content\/uploads\/2023\/09\/IMG_6899-1.jpg\" alt=\"\" width=\"277\" height=\"420\" srcset=\"https:\/\/blogi.ennola.fi\/wp-content\/uploads\/2023\/09\/IMG_6899-1.jpg 277w, https:\/\/blogi.ennola.fi\/wp-content\/uploads\/2023\/09\/IMG_6899-1-264x400.jpg 264w, https:\/\/blogi.ennola.fi\/wp-content\/uploads\/2023\/09\/IMG_6899-1-99x150.jpg 99w\" sizes=\"(max-width: 277px) 100vw, 277px\" \/><\/a><p id=\"caption-attachment-9225\" class=\"wp-caption-text\">Keto-orvokki.<\/p><\/div>\n<div id=\"attachment_9224\" style=\"width: 460px\" class=\"wp-caption aligncenter\"><a href=\"https:\/\/blogi.ennola.fi\/wp-content\/uploads\/2023\/09\/IMG_6861.jpg\" rel=\"lightbox[9198]\"><img loading=\"lazy\" decoding=\"async\" aria-describedby=\"caption-attachment-9224\" class=\"wp-image-9224 size-full\" title=\"Isomaksaruoho.\" src=\"https:\/\/blogi.ennola.fi\/wp-content\/uploads\/2023\/09\/IMG_6861-1.jpg\" alt=\"\" width=\"450\" height=\"294\" srcset=\"https:\/\/blogi.ennola.fi\/wp-content\/uploads\/2023\/09\/IMG_6861-1.jpg 450w, https:\/\/blogi.ennola.fi\/wp-content\/uploads\/2023\/09\/IMG_6861-1-150x98.jpg 150w\" sizes=\"(max-width: 450px) 100vw, 450px\" \/><\/a><p id=\"caption-attachment-9224\" class=\"wp-caption-text\">Isomaksaruoho.<\/p><\/div>\n<div id=\"attachment_9222\" style=\"width: 460px\" class=\"wp-caption aligncenter\"><a href=\"https:\/\/blogi.ennola.fi\/wp-content\/uploads\/2023\/09\/IMG_6811.jpg\" rel=\"lightbox[9198]\"><img loading=\"lazy\" decoding=\"async\" aria-describedby=\"caption-attachment-9222\" class=\"wp-image-9222 size-full\" title=\"Merisaunio.\" src=\"https:\/\/blogi.ennola.fi\/wp-content\/uploads\/2023\/09\/IMG_6811-1.jpg\" alt=\"\" width=\"450\" height=\"290\" srcset=\"https:\/\/blogi.ennola.fi\/wp-content\/uploads\/2023\/09\/IMG_6811-1.jpg 450w, https:\/\/blogi.ennola.fi\/wp-content\/uploads\/2023\/09\/IMG_6811-1-150x97.jpg 150w\" sizes=\"(max-width: 450px) 100vw, 450px\" \/><\/a><p id=\"caption-attachment-9222\" class=\"wp-caption-text\">Merisaunio.<\/p><\/div>\n<div id=\"attachment_9223\" style=\"width: 305px\" class=\"wp-caption aligncenter\"><a href=\"https:\/\/blogi.ennola.fi\/wp-content\/uploads\/2023\/09\/IMG_6840.jpg\" rel=\"lightbox[9198]\"><img loading=\"lazy\" decoding=\"async\" aria-describedby=\"caption-attachment-9223\" class=\"wp-image-9223 size-full\" title=\"Rantat\u00e4dyke.\" src=\"https:\/\/blogi.ennola.fi\/wp-content\/uploads\/2023\/09\/IMG_6840-1.jpg\" alt=\"\" width=\"295\" height=\"420\" srcset=\"https:\/\/blogi.ennola.fi\/wp-content\/uploads\/2023\/09\/IMG_6840-1.jpg 295w, https:\/\/blogi.ennola.fi\/wp-content\/uploads\/2023\/09\/IMG_6840-1-281x400.jpg 281w, https:\/\/blogi.ennola.fi\/wp-content\/uploads\/2023\/09\/IMG_6840-1-105x150.jpg 105w\" sizes=\"(max-width: 295px) 100vw, 295px\" \/><\/a><p id=\"caption-attachment-9223\" class=\"wp-caption-text\">Rantat\u00e4dyke.<\/p><\/div>\n<p>Tiistaina vuorossa oli EPP2-koe niille, jotka eiv\u00e4t sit\u00e4 aiemmin olleet suorittaneet. Koska kokeeseen oli varattu koko p\u00e4iv\u00e4 aikaa, jaoin ryhm\u00e4n kahtia ja otin kokeeseen vain 4 opiskelijaa kerrallaan. Se mahdollisti kokeen l\u00e4piviennin v\u00e4hemmill\u00e4 odotusajoilla. Lauri, joka oli jo kokeen aiemmin suorittanut, oli kummallakin kerralla mukana tarkkailemassa suorituksia ja avustamassa niiden j\u00e4rjestelyiss\u00e4. Rannalle j\u00e4\u00e4ville opiskelijoille annoin teht\u00e4v\u00e4ksi tutustua ohjaajakurssin materiaaliin ja suunnitella joku peli tai leikki vedett\u00e4v\u00e4ksi ryhm\u00e4lle.<\/p>\n<p>EPP2-kokeessa olen ottanut asenteen, ett\u00e4 se on kokelaalle loistava mahdollisuus kehitty\u00e4 ja pyrin antamaan yksil\u00f6llist\u00e4 palautetta koesuorituksista heti niiden j\u00e4lkeen. Tarvittaessa pyyd\u00e4n uutta suoritusta, jossa kerron sen mit\u00e4 haluan n\u00e4hd\u00e4 paremmin tai mit\u00e4 oleellista en ensimm\u00e4isell\u00e4 kerralla suorituksessa havainnut. My\u00f6s hyv\u00e4ksytt\u00e4vist\u00e4 suorituksista saatan kertoa, miten sen voisi tehd\u00e4 paremmin. Pyrin luomaan koetilanteen ilman turhaa j\u00e4nnityst\u00e4, jotta kokelaat voisivat n\u00e4ytt\u00e4\u00e4 parasta osaamistaan. Aina se ei valitettavasti onnistu.<\/p>\n<p>Koe j\u00e4nnitti minuakin, vaikka tiesinkin opiskelijoideni saavuttaneen yleisesti EPP2-tason melontataidot. Silti koetilanteessa saattaa suoritus toistuvasti ep\u00e4onnistua tilanteen j\u00e4nnitt\u00e4vyyden takia tai rohkeus pett\u00e4\u00e4 veden alle ment\u00e4ess\u00e4. Turhaan j\u00e4nnitin. Parin viikon tauko melonnassa n\u00e4ytti jopa kasvattaneen oppilaiden itseluottamusta, mik\u00e4 n\u00e4kyi suoritusten lis\u00e4\u00e4ntyneen\u00e4 varmuutena kolmen viikon takaiseen.<\/p>\n<div id=\"attachment_9265\" style=\"width: 460px\" class=\"wp-caption aligncenter\"><a href=\"https:\/\/blogi.ennola.fi\/wp-content\/uploads\/2023\/09\/IMG20230907154130.jpg\" rel=\"lightbox[9198]\"><img loading=\"lazy\" decoding=\"async\" aria-describedby=\"caption-attachment-9265\" class=\"wp-image-9265 size-full\" title=\"Kajakkilautallinen uusia melonnanohjaajia. (Kain kuva)\" src=\"https:\/\/blogi.ennola.fi\/wp-content\/uploads\/2023\/09\/IMG20230907154130-1.jpg\" alt=\"\" width=\"450\" height=\"338\" srcset=\"https:\/\/blogi.ennola.fi\/wp-content\/uploads\/2023\/09\/IMG20230907154130-1.jpg 450w, https:\/\/blogi.ennola.fi\/wp-content\/uploads\/2023\/09\/IMG20230907154130-1-150x113.jpg 150w\" sizes=\"(max-width: 450px) 100vw, 450px\" \/><\/a><p id=\"caption-attachment-9265\" class=\"wp-caption-text\">Kajakkilautallinen uusia melonnanohjaajia. (Kain kuva)<\/p><\/div>\n<p>Keskiviikkona ja torstaina vuorossa oli virallinen melonnanohjaajakurssi. Itsell\u00e4ni ei viel\u00e4 ole kouluttajaoikeuksia, joten yksin en voi j\u00e4rjest\u00e4\u00e4 Melonta- ja soutuliiton hyv\u00e4ksym\u00e4\u00e4 ohjaajakurssia. Niinp\u00e4 tarvitsin itselleni ty\u00f6parin. Alun perin sopimani ty\u00f6parini oli loukannut selk\u00e4ns\u00e4 pahasti, mutta onneksi sain liiton harrastekoordinaattorin h\u00e4nt\u00e4 paikkaamaan. H\u00e4n saapui sovitusti saareen tasan kello yhdeks\u00e4n aamulla.<\/p>\n<p>Ty\u00f6parin vaihdoksen takia oma roolini k\u00e4yt\u00e4nn\u00f6n j\u00e4rjestelyiss\u00e4 kasvoi. Alkuper\u00e4isess\u00e4 toteutussuunnitelmassa olimme jakaneet teht\u00e4vi\u00e4 enemm\u00e4n ja nyt jouduin vastaamaan enemm\u00e4n my\u00f6s niist\u00e4 teht\u00e4vist\u00e4, jotka alun perin olin ajatellut ty\u00f6parini ydinosaamisalueelle. Onneksi olimme kuitenkin yhdess\u00e4 suunnitelleet kaikki suuret linjat, joten tyhj\u00e4st\u00e4 en joutunut suunnitelmia tekem\u00e4\u00e4n. Muuttuneessa tilanteessa minulla oli p\u00e4\u00e4vastuu kokonaisuudesta ja harrastekoordinaattori toimi enempi mentorina.<\/p>\n<div id=\"attachment_9253\" style=\"width: 490px\" class=\"wp-caption aligncenter\"><a href=\"https:\/\/blogi.ennola.fi\/wp-content\/uploads\/2023\/09\/Bjurskar_Panorama21.jpg\" rel=\"lightbox[9198]\"><img loading=\"lazy\" decoding=\"async\" aria-describedby=\"caption-attachment-9253\" class=\"wp-image-9253 size-full\" title=\"Bjursk\u00e4r.\" src=\"https:\/\/blogi.ennola.fi\/wp-content\/uploads\/2023\/09\/Bjurskar_Panorama21-1.jpg\" alt=\"\" width=\"480\" height=\"150\" srcset=\"https:\/\/blogi.ennola.fi\/wp-content\/uploads\/2023\/09\/Bjurskar_Panorama21-1.jpg 480w, https:\/\/blogi.ennola.fi\/wp-content\/uploads\/2023\/09\/Bjurskar_Panorama21-1-150x47.jpg 150w\" sizes=\"(max-width: 480px) 100vw, 480px\" \/><\/a><p id=\"caption-attachment-9253\" class=\"wp-caption-text\">Bjursk\u00e4r.<\/p><\/div>\n<p>P\u00e4iv\u00e4t jakaantuivat yhteens\u00e4 nelj\u00e4\u00e4n k\u00e4yt\u00e4nn\u00f6n sessioon, miss\u00e4 kukin vuorollaan toimi suunnistajana ja vastuullisena ohjaajana. Jokaisen ohjausvuorolla tapahtui jokin ongelmatilanne, joka ohjausvuorossa olevan piti keksi\u00e4 ja ratkaista. Session kuului my\u00f6s kahden muun kurssilaisen vet\u00e4m\u00e4 meloja 1 -kurssin k\u00e4yt\u00e4nn\u00f6n taidon koulutus, mihin oli saanut etuk\u00e4teen valmistautua. Tapaukset ja koulutukset reflektoitiin tuoreeltaan. Reflektioissa pyrin siihen, ett\u00e4 pohdittiin hyvi\u00e4 toimintatapoja eik\u00e4 sit\u00e4, oliko yksitt\u00e4isen kurssilaisen suoritukset hyv\u00e4 vai huonoja.<\/p>\n<p>Lis\u00e4ksi lounastauoilla ja iltaisin kurssilaiset vuorollaan vetiv\u00e4t yhden meloja 1 -kurssin tietopohjaisen aiheen koulutuksen. T\u00e4ss\u00e4 kannustimme keksim\u00e4\u00e4n jotain osallistavaa ja toiminnallista, jottei koulutus olisi pelkk\u00e4\u00e4 luentoa.<\/p>\n<p>Keskiviikkona k\u00e4yt\u00e4nn\u00f6n sessiot p\u00e4\u00e4ttyiv\u00e4t paripelastuksiin. Illalla k\u00e4sittelimme viel\u00e4 viikonloppuretken k\u00e4yt\u00e4nn\u00f6n suunnitelmia ja teimme laskelmia liittyen aikatauluihin. Sovimme ohjausvuorot ja roolit viikonlopuksi.<\/p>\n<div id=\"attachment_9252\" style=\"width: 460px\" class=\"wp-caption aligncenter\"><a href=\"https:\/\/blogi.ennola.fi\/wp-content\/uploads\/2023\/09\/DSCI1863.jpg\" rel=\"lightbox[9198]\"><img loading=\"lazy\" decoding=\"async\" aria-describedby=\"caption-attachment-9252\" class=\"wp-image-9252 size-full\" title=\"Parimelontaa. Yksi mela ja kajakit katamaraanina.\" src=\"https:\/\/blogi.ennola.fi\/wp-content\/uploads\/2023\/09\/DSCI1863-1.jpg\" alt=\"\" width=\"450\" height=\"301\" srcset=\"https:\/\/blogi.ennola.fi\/wp-content\/uploads\/2023\/09\/DSCI1863-1.jpg 450w, https:\/\/blogi.ennola.fi\/wp-content\/uploads\/2023\/09\/DSCI1863-1-150x100.jpg 150w\" sizes=\"(max-width: 450px) 100vw, 450px\" \/><\/a><p id=\"caption-attachment-9252\" class=\"wp-caption-text\">Parimelontaa. Yksi mela ja kajakit katamaraanina.<\/p><\/div>\n<div id=\"attachment_9263\" style=\"width: 460px\" class=\"wp-caption aligncenter\"><a href=\"https:\/\/blogi.ennola.fi\/wp-content\/uploads\/2023\/09\/IMG20230907164435.jpg\" rel=\"lightbox[9198]\"><img loading=\"lazy\" decoding=\"async\" aria-describedby=\"caption-attachment-9263\" class=\"wp-image-9263 size-full\" title=\"Viestikilpailu kajakeilla. Lauri toimii viestikapulana. (Laurin kuva)\" src=\"https:\/\/blogi.ennola.fi\/wp-content\/uploads\/2023\/09\/IMG20230907164435-1.jpg\" alt=\"\" width=\"450\" height=\"328\" srcset=\"https:\/\/blogi.ennola.fi\/wp-content\/uploads\/2023\/09\/IMG20230907164435-1.jpg 450w, https:\/\/blogi.ennola.fi\/wp-content\/uploads\/2023\/09\/IMG20230907164435-1-150x109.jpg 150w\" sizes=\"(max-width: 450px) 100vw, 450px\" \/><\/a><p id=\"caption-attachment-9263\" class=\"wp-caption-text\">Viestikilpailu kajakeilla. Lauri toimii viestikapulana. (Laurin kuva)<\/p><\/div>\n<p>Torstain k\u00e4yt\u00e4nn\u00f6n sessioiden j\u00e4lkeen oli viel\u00e4 pelej\u00e4 ja leikkej\u00e4. Kurssilaiset olivat saaneet teht\u00e4v\u00e4ksi suunnitella ja ohjata joitain leikkej\u00e4 kajakilla, joista muutamat toteutettiin. Lopuksi oli melontaviesti, johon min\u00e4 ja Lauri osallistuimme viestikapuloina. Lopuksi k\u00e4vimme viel\u00e4 ottamassa maistiaisia v\u00e4h\u00e4n suuremmista aalloista ja yritimme saada niist\u00e4 pient\u00e4 surffia.<\/p>\n<p>Torstai-ilta meni kurssilaisten henkil\u00f6kohtaisissa palautteissa ja p\u00e4iv\u00e4n lopuksi oli reflektio, jossa pohdimme mm. melonnanohjaajan roolia.<\/p>\n<div id=\"attachment_9221\" style=\"width: 490px\" class=\"wp-caption aligncenter\"><a href=\"https:\/\/blogi.ennola.fi\/wp-content\/uploads\/2023\/09\/Bjurskar_Panorama2b.jpg\" rel=\"lightbox[9198]\"><img loading=\"lazy\" decoding=\"async\" aria-describedby=\"caption-attachment-9221\" class=\"wp-image-9221 size-full\" title=\"Bjursk\u00e4r.\" src=\"https:\/\/blogi.ennola.fi\/wp-content\/uploads\/2023\/09\/Bjurskar_Panorama2b-1.jpg\" alt=\"\" width=\"480\" height=\"147\" srcset=\"https:\/\/blogi.ennola.fi\/wp-content\/uploads\/2023\/09\/Bjurskar_Panorama2b-1.jpg 480w, https:\/\/blogi.ennola.fi\/wp-content\/uploads\/2023\/09\/Bjurskar_Panorama2b-1-150x46.jpg 150w\" sizes=\"(max-width: 480px) 100vw, 480px\" \/><\/a><p id=\"caption-attachment-9221\" class=\"wp-caption-text\">Bjursk\u00e4r.<\/p><\/div>\n<p>Alkuviikko oli ollut varsin intensiivinen ja kun kenenk\u00e4\u00e4n ei my\u00f6sk\u00e4\u00e4n tarvinnut paikkailla EPP2-koetta, saatoimme perjantaiaamup\u00e4iv\u00e4n pit\u00e4\u00e4 vapaata, sy\u00f6d\u00e4 hyvin ja nukkua pitk\u00e4\u00e4n. Muutaman halukaan kanssa k\u00e4vin vesill\u00e4 harjoittelemassa joitain vaativampia tekniikoita. Iltap\u00e4iv\u00e4ll\u00e4 palasimme Granvikiin odottamaan viikonlopun asiakkaita.<\/p>\n<div id=\"attachment_9254\" style=\"width: 460px\" class=\"wp-caption aligncenter\"><a href=\"https:\/\/blogi.ennola.fi\/wp-content\/uploads\/2023\/09\/DSCI1889.jpg\" rel=\"lightbox[9198]\"><img loading=\"lazy\" decoding=\"async\" aria-describedby=\"caption-attachment-9254\" class=\"wp-image-9254 size-full\" title=\"Tauko vesill\u00e4.\" src=\"https:\/\/blogi.ennola.fi\/wp-content\/uploads\/2023\/09\/DSCI1889-1.jpg\" alt=\"\" width=\"450\" height=\"300\" srcset=\"https:\/\/blogi.ennola.fi\/wp-content\/uploads\/2023\/09\/DSCI1889-1.jpg 450w, https:\/\/blogi.ennola.fi\/wp-content\/uploads\/2023\/09\/DSCI1889-1-150x100.jpg 150w\" sizes=\"(max-width: 450px) 100vw, 450px\" \/><\/a><p id=\"caption-attachment-9254\" class=\"wp-caption-text\">Tauko vesill\u00e4.<\/p><\/div>\n<p>Melonnanohjaajakurssi huipentui k\u00e4yt\u00e4nn\u00f6n ohjausharjoitukseen, kun j\u00e4rjestimme Saaristomeren melojien kanssa yhteisty\u00f6ss\u00e4 aloittelijatason retken. Retkell\u00e4 oli yhden melontaoppaan ja kahdeksan tuoreen melonnanohjaajan lis\u00e4ksi kuusi asiakasta. Turvallisuus oli ainakin turvattu t\u00e4ll\u00e4 asiakas-ohjaaja-suhteella.<\/p>\n<div id=\"attachment_9227\" style=\"width: 460px\" class=\"wp-caption aligncenter\"><a href=\"https:\/\/blogi.ennola.fi\/wp-content\/uploads\/2023\/09\/DSCI1881.jpg\" rel=\"lightbox[9198]\"><img loading=\"lazy\" decoding=\"async\" aria-describedby=\"caption-attachment-9227\" class=\"wp-image-9227 size-full\" title=\"Klobbholmen.\" src=\"https:\/\/blogi.ennola.fi\/wp-content\/uploads\/2023\/09\/DSCI1881-1.jpg\" alt=\"\" width=\"450\" height=\"303\" srcset=\"https:\/\/blogi.ennola.fi\/wp-content\/uploads\/2023\/09\/DSCI1881-1.jpg 450w, https:\/\/blogi.ennola.fi\/wp-content\/uploads\/2023\/09\/DSCI1881-1-150x101.jpg 150w\" sizes=\"(max-width: 450px) 100vw, 450px\" \/><\/a><p id=\"caption-attachment-9227\" class=\"wp-caption-text\">Klobbholmen.<\/p><\/div>\n<div id=\"attachment_9228\" style=\"width: 460px\" class=\"wp-caption aligncenter\"><a href=\"https:\/\/blogi.ennola.fi\/wp-content\/uploads\/2023\/09\/DSCI1886.jpg\" rel=\"lightbox[9198]\"><img loading=\"lazy\" decoding=\"async\" aria-describedby=\"caption-attachment-9228\" class=\"wp-image-9228 size-full\" title=\"Klobbholmen.\" src=\"https:\/\/blogi.ennola.fi\/wp-content\/uploads\/2023\/09\/DSCI1886-1.jpg\" alt=\"\" width=\"450\" height=\"296\" srcset=\"https:\/\/blogi.ennola.fi\/wp-content\/uploads\/2023\/09\/DSCI1886-1.jpg 450w, https:\/\/blogi.ennola.fi\/wp-content\/uploads\/2023\/09\/DSCI1886-1-150x99.jpg 150w\" sizes=\"(max-width: 450px) 100vw, 450px\" \/><\/a><p id=\"caption-attachment-9228\" class=\"wp-caption-text\">Klobbholmen.<\/p><\/div>\n<div id=\"attachment_9229\" style=\"width: 460px\" class=\"wp-caption aligncenter\"><a href=\"https:\/\/blogi.ennola.fi\/wp-content\/uploads\/2023\/09\/DSCI1894.jpg\" rel=\"lightbox[9198]\"><img loading=\"lazy\" decoding=\"async\" aria-describedby=\"caption-attachment-9229\" class=\"wp-image-9229 size-full\" title=\"Leirisaaren ranta.\" src=\"https:\/\/blogi.ennola.fi\/wp-content\/uploads\/2023\/09\/DSCI1894-1.jpg\" alt=\"\" width=\"450\" height=\"299\" srcset=\"https:\/\/blogi.ennola.fi\/wp-content\/uploads\/2023\/09\/DSCI1894-1.jpg 450w, https:\/\/blogi.ennola.fi\/wp-content\/uploads\/2023\/09\/DSCI1894-1-150x100.jpg 150w\" sizes=\"(max-width: 450px) 100vw, 450px\" \/><\/a><p id=\"caption-attachment-9229\" class=\"wp-caption-text\">Leirisaaren ranta.<\/p><\/div>\n<div id=\"attachment_9230\" style=\"width: 460px\" class=\"wp-caption aligncenter\"><a href=\"https:\/\/blogi.ennola.fi\/wp-content\/uploads\/2023\/09\/DSCI1899.jpg\" rel=\"lightbox[9198]\"><img loading=\"lazy\" decoding=\"async\" aria-describedby=\"caption-attachment-9230\" class=\"wp-image-9230 size-full\" title=\"Auringon lasku.\" src=\"https:\/\/blogi.ennola.fi\/wp-content\/uploads\/2023\/09\/DSCI1899-1.jpg\" alt=\"\" width=\"450\" height=\"300\" srcset=\"https:\/\/blogi.ennola.fi\/wp-content\/uploads\/2023\/09\/DSCI1899-1.jpg 450w, https:\/\/blogi.ennola.fi\/wp-content\/uploads\/2023\/09\/DSCI1899-1-150x100.jpg 150w\" sizes=\"(max-width: 450px) 100vw, 450px\" \/><\/a><p id=\"caption-attachment-9230\" class=\"wp-caption-text\">Auringon lasku.<\/p><\/div>\n<p>Asiakkaat saapuivat reilusti ennen kuutta, mutta kello oli jo seitsem\u00e4n, kun esittelyt olivat tehdyt, kajakit pakatut ja kannettu rantaan, pieni alkujumppa tehtyn\u00e4 sek\u00e4 koko ryhm\u00e4 vesill\u00e4 valmiina l\u00e4htem\u00e4\u00e4n melomaan. Siksi ensimm\u00e4isen illan siirtym\u00e4 leirisaareen oli suunniteltu mahdollisimman lyhyeksi. Saimme meloa uskomattoman kauniiseen auringonlaskuun ja rantautuessamme oli jo varsin h\u00e4m\u00e4r\u00e4\u00e4. Teltat saimme pystytt\u00e4\u00e4 ja iltapalan nauttia otsalampun valossa. Pimenev\u00e4ss\u00e4 illassa harmaahylkeet lauleskelivat jollain l\u00e4hiluodolla.<\/p>\n<p>Asiakasviikonloppu oli jaettu nelj\u00e4\u00e4n ohjausvuoroon, joissa kussakin oli yksi pari ohjaajia vuorollaan vetovastuussa. Aamulla uusi pari astui vetovastuuseen. Aamu l\u00e4hti liikkeelle meille jo tuttuun tapaan ker\u00e4\u00e4ntym\u00e4ll\u00e4 rannalle aistimaan aamua ja tunnustelemaan p\u00e4iv\u00e4n s\u00e4\u00e4t\u00e4. Sen j\u00e4lkeen hajosimme omiin ryhmiimme aamutoimiin ja noin kahden ja puolen tunnin p\u00e4\u00e4st\u00e4 n\u00e4imme rannalla uudestaan kajakki pakattuna ja melontavaatteet p\u00e4\u00e4ll\u00e4. Vetovuorossa olleet pitiv\u00e4t lyhyen l\u00e4mmittelyn, jonka j\u00e4lkeen nostimme kajakit vesille ja l\u00e4hdimme liikkeelle.<\/p>\n<div class=\"mceTemp\"><\/div>\n<div id=\"attachment_9255\" style=\"width: 460px\" class=\"wp-caption aligncenter\"><a href=\"https:\/\/blogi.ennola.fi\/wp-content\/uploads\/2023\/09\/IMG_6970b.jpg\" rel=\"lightbox[9198]\"><img loading=\"lazy\" decoding=\"async\" aria-describedby=\"caption-attachment-9255\" class=\"wp-image-9255 size-full\" title=\"Aamun aistitunnustelua.\" src=\"https:\/\/blogi.ennola.fi\/wp-content\/uploads\/2023\/09\/IMG_6970b-1.jpg\" alt=\"\" width=\"450\" height=\"314\" srcset=\"https:\/\/blogi.ennola.fi\/wp-content\/uploads\/2023\/09\/IMG_6970b-1.jpg 450w, https:\/\/blogi.ennola.fi\/wp-content\/uploads\/2023\/09\/IMG_6970b-1-150x105.jpg 150w\" sizes=\"(max-width: 450px) 100vw, 450px\" \/><\/a><p id=\"caption-attachment-9255\" class=\"wp-caption-text\">Aamun aistitunnustelua.<\/p><\/div>\n<p>Kiersimme Sand\u00f6n saaren ymp\u00e4ri ja pys\u00e4hdyimme lounaalle Pensarin pohjoiselle hiekkarannalle. Y\u00f6ksi palasimme samaan saareen, miss\u00e4 jo olimme olleet l\u00e4hes koko viikon. Matkalla meloimme tutuksi tulleen kaislikon l\u00e4pi, josta meni juuri yhden kajakin levyinen v\u00e4yl\u00e4 vain liev\u00e4sti umpeenkasvaneena. P\u00e4iv\u00e4n p\u00e4\u00e4tteeksi j\u00e4i aikaa halukkaille viel\u00e4 treenata melontatekniikoita.<\/p>\n<div id=\"attachment_9215\" style=\"width: 460px\" class=\"wp-caption aligncenter\"><a href=\"https:\/\/blogi.ennola.fi\/wp-content\/uploads\/2023\/09\/DSCI1905.jpg\" rel=\"lightbox[9198]\"><img loading=\"lazy\" decoding=\"async\" aria-describedby=\"caption-attachment-9215\" class=\"wp-image-9215 size-full\" title=\"Iso ryhm\u00e4 vesill\u00e4.\" src=\"https:\/\/blogi.ennola.fi\/wp-content\/uploads\/2023\/09\/DSCI1905-1.jpg\" alt=\"\" width=\"450\" height=\"300\" srcset=\"https:\/\/blogi.ennola.fi\/wp-content\/uploads\/2023\/09\/DSCI1905-1.jpg 450w, https:\/\/blogi.ennola.fi\/wp-content\/uploads\/2023\/09\/DSCI1905-1-150x100.jpg 150w\" sizes=\"(max-width: 450px) 100vw, 450px\" \/><\/a><p id=\"caption-attachment-9215\" class=\"wp-caption-text\">Iso ryhm\u00e4 vesill\u00e4.<\/p><\/div>\n<div id=\"attachment_9216\" style=\"width: 460px\" class=\"wp-caption aligncenter\"><a href=\"https:\/\/blogi.ennola.fi\/wp-content\/uploads\/2023\/09\/DSCI1915.jpg\" rel=\"lightbox[9198]\"><img loading=\"lazy\" decoding=\"async\" aria-describedby=\"caption-attachment-9216\" class=\"wp-image-9216 size-full\" title=\"Rantautuminen Pensariin.\" src=\"https:\/\/blogi.ennola.fi\/wp-content\/uploads\/2023\/09\/DSCI1915-1.jpg\" alt=\"\" width=\"450\" height=\"306\" srcset=\"https:\/\/blogi.ennola.fi\/wp-content\/uploads\/2023\/09\/DSCI1915-1.jpg 450w, https:\/\/blogi.ennola.fi\/wp-content\/uploads\/2023\/09\/DSCI1915-1-150x102.jpg 150w\" sizes=\"(max-width: 450px) 100vw, 450px\" \/><\/a><p id=\"caption-attachment-9216\" class=\"wp-caption-text\">Rantautuminen Pensariin.<\/p><\/div>\n<p>Oppilaitteni pyynn\u00f6st\u00e4 j\u00e4rjestin illalla koko ryhm\u00e4lle iltareflektion. Jaoin kaikki osallistujat viiteen kolmen hengen ryhm\u00e4\u00e4n. Laitoin pussin viidenlaisia luontoesineit\u00e4 kolme kappaletta, joista kukin sai ottaa yhden. Ryhm\u00e4n sai teht\u00e4v\u00e4kseen etsi\u00e4 joku kaunis maisema ja ottaa siit\u00e4 kuva. Sen j\u00e4lkeen kokoonnuimme takaisin yhteen ja ryhm\u00e4n teht\u00e4v\u00e4n\u00e4 oli nyt n\u00e4ytell\u00e4 ottamansa valokuva pantomiimina muiden arvatessa, mit\u00e4 kuva esitti. Lopuksi keskustelimme samoissa ryhmiss\u00e4 ohjaajana ja ohjattavana olemisen kokemuksista. Poikkeuksellisen hyv\u00e4n ja analyyttisen keskustelun saimme aikaan, vaikka asiakkaamme eiv\u00e4t olleet samalla tavalla tottuneita reflektioihin kuin opiskelijani.<\/p>\n<div id=\"attachment_9219\" style=\"width: 460px\" class=\"wp-caption aligncenter\"><a href=\"https:\/\/blogi.ennola.fi\/wp-content\/uploads\/2023\/09\/DSCI1932.jpg\" rel=\"lightbox[9198]\"><img loading=\"lazy\" decoding=\"async\" aria-describedby=\"caption-attachment-9219\" class=\"wp-image-9219 size-full\" title=\"Per\u00e4p\u00e4\u00e4n melojat.\" src=\"https:\/\/blogi.ennola.fi\/wp-content\/uploads\/2023\/09\/DSCI1932-1.jpg\" alt=\"\" width=\"450\" height=\"285\" srcset=\"https:\/\/blogi.ennola.fi\/wp-content\/uploads\/2023\/09\/DSCI1932-1.jpg 450w, https:\/\/blogi.ennola.fi\/wp-content\/uploads\/2023\/09\/DSCI1932-1-150x95.jpg 150w\" sizes=\"(max-width: 450px) 100vw, 450px\" \/><\/a><p id=\"caption-attachment-9219\" class=\"wp-caption-text\">Per\u00e4p\u00e4\u00e4n melojat.<\/p><\/div>\n<div id=\"attachment_9218\" style=\"width: 460px\" class=\"wp-caption aligncenter\"><a href=\"https:\/\/blogi.ennola.fi\/wp-content\/uploads\/2023\/09\/DSCI1931.jpg\" rel=\"lightbox[9198]\"><img loading=\"lazy\" decoding=\"async\" aria-describedby=\"caption-attachment-9218\" class=\"wp-image-9218 size-full\" title=\"Troll\u00f6n ja L\u00f6kholmenin v\u00e4list\u00e4 tuuli ja aallot p\u00e4\u00e4siv\u00e4t tulemaan.\" src=\"https:\/\/blogi.ennola.fi\/wp-content\/uploads\/2023\/09\/DSCI1931-1.jpg\" alt=\"\" width=\"450\" height=\"297\" srcset=\"https:\/\/blogi.ennola.fi\/wp-content\/uploads\/2023\/09\/DSCI1931-1.jpg 450w, https:\/\/blogi.ennola.fi\/wp-content\/uploads\/2023\/09\/DSCI1931-1-150x99.jpg 150w\" sizes=\"(max-width: 450px) 100vw, 450px\" \/><\/a><p id=\"caption-attachment-9218\" class=\"wp-caption-text\">Troll\u00f6n ja L\u00f6kholmenin v\u00e4list\u00e4 tuuli ja aallot p\u00e4\u00e4siv\u00e4t tulemaan.<\/p><\/div>\n<div id=\"attachment_9217\" style=\"width: 460px\" class=\"wp-caption aligncenter\"><a href=\"https:\/\/blogi.ennola.fi\/wp-content\/uploads\/2023\/09\/DSCI1926.jpg\" rel=\"lightbox[9198]\"><img loading=\"lazy\" decoding=\"async\" aria-describedby=\"caption-attachment-9217\" class=\"wp-image-9217 size-full\" title=\"Tummat pilvet v\u00e4istyy.\" src=\"https:\/\/blogi.ennola.fi\/wp-content\/uploads\/2023\/09\/DSCI1926-1.jpg\" alt=\"\" width=\"450\" height=\"300\" srcset=\"https:\/\/blogi.ennola.fi\/wp-content\/uploads\/2023\/09\/DSCI1926-1.jpg 450w, https:\/\/blogi.ennola.fi\/wp-content\/uploads\/2023\/09\/DSCI1926-1-150x100.jpg 150w\" sizes=\"(max-width: 450px) 100vw, 450px\" \/><\/a><p id=\"caption-attachment-9217\" class=\"wp-caption-text\">Tummat pilvet v\u00e4istyy.<\/p><\/div>\n<div id=\"attachment_9220\" style=\"width: 460px\" class=\"wp-caption aligncenter\"><a href=\"https:\/\/blogi.ennola.fi\/wp-content\/uploads\/2023\/09\/DSCI1933.jpg\" rel=\"lightbox[9198]\"><img loading=\"lazy\" decoding=\"async\" aria-describedby=\"caption-attachment-9220\" class=\"wp-image-9220 size-full\" title=\"Paluumatkan aaltoja.\" src=\"https:\/\/blogi.ennola.fi\/wp-content\/uploads\/2023\/09\/DSCI1933-1.jpg\" alt=\"\" width=\"450\" height=\"309\" srcset=\"https:\/\/blogi.ennola.fi\/wp-content\/uploads\/2023\/09\/DSCI1933-1.jpg 450w, https:\/\/blogi.ennola.fi\/wp-content\/uploads\/2023\/09\/DSCI1933-1-150x103.jpg 150w\" sizes=\"(max-width: 450px) 100vw, 450px\" \/><\/a><p id=\"caption-attachment-9220\" class=\"wp-caption-text\">Paluumatkan aaltoja.<\/p><\/div>\n<p>Viimeisen\u00e4 p\u00e4iv\u00e4n\u00e4 oli j\u00e4ljell\u00e4 en\u00e4\u00e4 paluu Granvikiin. Lounaistuuli oli napakka ja pysyttelimme tuulen suojassa yht\u00e4 aukkoa lukuun ottamatta. Matkalla pidimme lounastauon, mink\u00e4 yhteydess\u00e4 saimme viel\u00e4 yhden tosiel\u00e4m\u00e4n skenaarion. Yksi asiakkaistamme l\u00e4hti sieneen, mutta ei palannutkaan ajoissa kajakeille. Niinp\u00e4 muutama l\u00e4hti etsim\u00e4\u00e4n h\u00e4nt\u00e4 ja me muut kajakeille j\u00e4\u00e4neet yritimme puhelimitse h\u00e4nt\u00e4 tavoittaa. Kutakuinkin samoihin aikoihin kummallakin tavalla saatiin yhteys eksyneeseen sienest\u00e4j\u00e4\u00e4n ja matka saattoi jatkua pienen viiv\u00e4styksen j\u00e4lkeen.<\/p>\n<div id=\"attachment_9266\" style=\"width: 460px\" class=\"wp-caption aligncenter\"><a href=\"https:\/\/blogi.ennola.fi\/wp-content\/uploads\/2023\/09\/IMG20230910160635.jpg\" rel=\"lightbox[9198]\"><img loading=\"lazy\" decoding=\"async\" aria-describedby=\"caption-attachment-9266\" class=\"wp-image-9266 size-full\" title=\"P\u00e4\u00e4t\u00f6spizzalla.\" src=\"https:\/\/blogi.ennola.fi\/wp-content\/uploads\/2023\/09\/IMG20230910160635-1.jpg\" alt=\"\" width=\"450\" height=\"357\" srcset=\"https:\/\/blogi.ennola.fi\/wp-content\/uploads\/2023\/09\/IMG20230910160635-1.jpg 450w, https:\/\/blogi.ennola.fi\/wp-content\/uploads\/2023\/09\/IMG20230910160635-1-150x119.jpg 150w\" sizes=\"(max-width: 450px) 100vw, 450px\" \/><\/a><p id=\"caption-attachment-9266\" class=\"wp-caption-text\">P\u00e4\u00e4t\u00f6spizzalla.<\/p><\/div>\n<p>Granvikissa pakkasimme ensin asiakkaiden kajakit k\u00e4rryyn ja saattelimme heid\u00e4t matkaan. Kotimatkalla pys\u00e4hdyimme itse viel\u00e4 Paraisten keskustaan pizzeriaan ruokailemaan yhdess\u00e4, olihan viimeinen yhteinen retki t\u00e4ll\u00e4 porukalla takana ainakin toistaiseksi. Kulunutta viikkoakin yritimme reflektoida, mutta olimme liian v\u00e4syneit\u00e4 siihen.<\/p>\n<div class=\"mceTemp\"><\/div>\n","protected":false},"excerpt":{"rendered":"<p>Syyskuun alussa Er\u00e4opasopiskelijoilla oli edess\u00e4\u00e4n melonnanohjaajakurssi, joka oli toteutukseltaan pidempi ja monipuolisempi kuin minimivaatimusten mukainen kurssi. Ammatillisessa koulutuksessa kun on mahdollisuuksia paneutua kaupallisia kursseja syv\u00e4llisemmin aiheeseen. Melonnanohjaajakurssin suosituksissa&#8230;<\/p>\n","protected":false},"author":1,"featured_media":9231,"comment_status":"open","ping_status":"open","sticky":false,"template":"","format":"standard","meta":{"footnotes":""},"categories":[8,27],"tags":[],"_links":{"self":[{"href":"https:\/\/blogi.ennola.fi\/index.php?rest_route=\/wp\/v2\/posts\/9198"}],"collection":[{"href":"https:\/\/blogi.ennola.fi\/index.php?rest_route=\/wp\/v2\/posts"}],"about":[{"href":"https:\/\/blogi.ennola.fi\/index.php?rest_route=\/wp\/v2\/types\/post"}],"author":[{"embeddable":true,"href":"https:\/\/blogi.ennola.fi\/index.php?rest_route=\/wp\/v2\/users\/1"}],"replies":[{"embeddable":true,"href":"https:\/\/blogi.ennola.fi\/index.php?rest_route=%2Fwp%2Fv2%2Fcomments&post=9198"}],"version-history":[{"count":12,"href":"https:\/\/blogi.ennola.fi\/index.php?rest_route=\/wp\/v2\/posts\/9198\/revisions"}],"predecessor-version":[{"id":9273,"href":"https:\/\/blogi.ennola.fi\/index.php?rest_route=\/wp\/v2\/posts\/9198\/revisions\/9273"}],"wp:featuredmedia":[{"embeddable":true,"href":"https:\/\/blogi.ennola.fi\/index.php?rest_route=\/wp\/v2\/media\/9231"}],"wp:attachment":[{"href":"https:\/\/blogi.ennola.fi\/index.php?rest_route=%2Fwp%2Fv2%2Fmedia&parent=9198"}],"wp:term":[{"taxonomy":"category","embeddable":true,"href":"https:\/\/blogi.ennola.fi\/index.php?rest_route=%2Fwp%2Fv2%2Fcategories&post=9198"},{"taxonomy":"post_tag","embeddable":true,"href":"https:\/\/blogi.ennola.fi\/index.php?rest_route=%2Fwp%2Fv2%2Ftags&post=9198"}],"curies":[{"name":"wp","href":"https:\/\/api.w.org\/{rel}","templated":true}]}}