{"id":9276,"date":"2023-09-29T22:46:24","date_gmt":"2023-09-29T19:46:24","guid":{"rendered":"https:\/\/blogi.ennola.fi\/?p=9276"},"modified":"2023-12-23T19:06:22","modified_gmt":"2023-12-23T17:06:22","slug":"etatoissa-kokarissa","status":"publish","type":"post","link":"https:\/\/blogi.ennola.fi\/?p=9276","title":{"rendered":"Et\u00e4t\u00f6iss\u00e4 K\u00f6karissa"},"content":{"rendered":"<p>Elokuun ja syyskuun alun kiireiden j\u00e4lkeen minulla oli pari viikkoa ilman l\u00e4hiopetusta. Et\u00e4t\u00f6it\u00e4 voisi tehd\u00e4 muualtakin kuin kotoa tai ty\u00f6paikalta, joten p\u00e4\u00e4tin vuokrata K\u00f6karista talviasuttavan m\u00f6kin, josta olisi hyv\u00e4t verkkoyhteydet. Minimalistiseen leirint\u00e4alueen m\u00f6kkiin en halunnut menn\u00e4 vaan halusin ymp\u00e4rilleni hieman lis\u00e4tilaa. Sellainen l\u00f6ytyikin lyhyell\u00e4 varoitusajalla. Kajakin otin mukaani, jotta kelien salliessa saattaisin l\u00e4hte\u00e4 melomaan l\u00e4hiymp\u00e4rist\u00f6\u00f6n. My\u00f6s Pippuri l\u00e4hti mukaani haistelemaan meri-ilmaa.<\/p>\n<div id=\"attachment_9303\" style=\"width: 460px\" class=\"wp-caption aligncenter\"><a href=\"https:\/\/blogi.ennola.fi\/wp-content\/uploads\/2023\/10\/DSCI1950.jpg\" rel=\"lightbox[9276]\"><img loading=\"lazy\" decoding=\"async\" aria-describedby=\"caption-attachment-9303\" class=\"wp-image-9303 size-full\" title=\"Melontaa auringonlaskuun.\" src=\"https:\/\/blogi.ennola.fi\/wp-content\/uploads\/2023\/10\/DSCI1950-1.jpg\" alt=\"\" width=\"450\" height=\"300\" srcset=\"https:\/\/blogi.ennola.fi\/wp-content\/uploads\/2023\/10\/DSCI1950-1.jpg 450w, https:\/\/blogi.ennola.fi\/wp-content\/uploads\/2023\/10\/DSCI1950-1-150x100.jpg 150w\" sizes=\"(max-width: 450px) 100vw, 450px\" \/><\/a><p id=\"caption-attachment-9303\" class=\"wp-caption-text\">Melontaa auringonlaskuun.<\/p><\/div>\n<p>Yhteysaluksella tapasin vanhan valokuvaajatuttuni vuosikymmenten takaa: <a href=\"https:\/\/www.perttusaksa.com\/\">Perttu Saksan<\/a>. H\u00e4n oli matkalla K\u00e4llsk\u00e4rin taiteilijaresidenssiin. H\u00e4n liftasi kyytiini lautalta hotellille. Emme ensi alkuun tunteneet toisiamme, mutta hetken keskusteltuamme tajusimme tuntevamme toisemme.<\/p>\n<p>T\u00f6it\u00e4 tein etenkin iltaisin ja aamup\u00e4iv\u00e4t pyrin k\u00e4ytt\u00e4m\u00e4\u00e4n ulkoiluun. Tiistai oli sateinen ja illalla oli et\u00e4opetusta, joten sen p\u00e4iv\u00e4n k\u00e4ytin kokonaan t\u00f6ihin.<\/p>\n<div id=\"attachment_9293\" style=\"width: 490px\" class=\"wp-caption aligncenter\"><a href=\"https:\/\/blogi.ennola.fi\/wp-content\/uploads\/2023\/10\/Kokar_Panorama5.jpg\" rel=\"lightbox[9276]\"><img loading=\"lazy\" decoding=\"async\" aria-describedby=\"caption-attachment-9293\" class=\"wp-image-9293 size-full\" title=\"Gommeldal.\" src=\"https:\/\/blogi.ennola.fi\/wp-content\/uploads\/2023\/10\/Kokar_Panorama5-1.jpg\" alt=\"\" width=\"480\" height=\"219\" srcset=\"https:\/\/blogi.ennola.fi\/wp-content\/uploads\/2023\/10\/Kokar_Panorama5-1.jpg 480w, https:\/\/blogi.ennola.fi\/wp-content\/uploads\/2023\/10\/Kokar_Panorama5-1-150x68.jpg 150w\" sizes=\"(max-width: 480px) 100vw, 480px\" \/><\/a><p id=\"caption-attachment-9293\" class=\"wp-caption-text\">Gommeldal.<\/p><\/div>\n<p>Tiistain ja keskiviikon v\u00e4lisen\u00e4 y\u00f6n\u00e4 tuuli nousi myrskylukemiin. Seuraavana p\u00e4iv\u00e4n\u00e4 l\u00e4hdin sitten etsim\u00e4\u00e4n aaltoja valokuvattavaksi.<\/p>\n<p>Ensimm\u00e4iseksi k\u00e4vin Gr\u00f6nvikiss\u00e4, mutta siell\u00e4 oli muitakin kuvaajia, jotka tekiv\u00e4t laajojen panoraamojen kuvaamisesta vaikeaa. Sielt\u00e4 siirryin kirkolle, mihin aallot ja maininki eiv\u00e4t oikein osuneet. Lopulta l\u00e4hdin pikkutiet\u00e4 pitkin kohti Kalenia. Tien muuttuessa yksityistieksi j\u00e4tin auton parkkiin ja jatkoimme matkaa Pippurin kanssa jalan.<\/p>\n<p>Maasto oli todella hidaskulkuista etenkin Pippurille. Kalliota halkoivat pienet rotkot kohtisuoraan toisiaan vastaan ja monet niist\u00e4 olivat liian leveit\u00e4 hyp\u00e4t\u00e4 yli. V\u00e4lill\u00e4 sain nostella Pippuria jyrk\u00e4nteen pienilt\u00e4 hyllyilt\u00e4 toisille. Miss\u00e4 ei ollut kalliota, oli tihe\u00e4\u00e4 katajamattoa ja -puskia. Lopulta p\u00e4\u00e4sty\u00e4mme rantaan maasto oli lopulta sit\u00e4, mit\u00e4 olin toivonut: jylhi\u00e4 kallioita, mihin myrskyn nostama maininki iski.<\/p>\n<div id=\"attachment_9289\" style=\"width: 490px\" class=\"wp-caption aligncenter\"><a href=\"https:\/\/blogi.ennola.fi\/wp-content\/uploads\/2023\/10\/Kokar_Panorama9.jpg\" rel=\"lightbox[9276]\"><img loading=\"lazy\" decoding=\"async\" aria-describedby=\"caption-attachment-9289\" class=\"wp-image-9289 size-full\" title=\"Kalen.\" src=\"https:\/\/blogi.ennola.fi\/wp-content\/uploads\/2023\/10\/Kokar_Panorama9-1.jpg\" alt=\"\" width=\"480\" height=\"137\" srcset=\"https:\/\/blogi.ennola.fi\/wp-content\/uploads\/2023\/10\/Kokar_Panorama9-1.jpg 480w, https:\/\/blogi.ennola.fi\/wp-content\/uploads\/2023\/10\/Kokar_Panorama9-1-150x43.jpg 150w\" sizes=\"(max-width: 480px) 100vw, 480px\" \/><\/a><p id=\"caption-attachment-9289\" class=\"wp-caption-text\">Kalen.<\/p><\/div>\n<div id=\"attachment_9292\" style=\"width: 490px\" class=\"wp-caption aligncenter\"><a href=\"https:\/\/blogi.ennola.fi\/wp-content\/uploads\/2023\/10\/Kokar_Panorama2.jpg\" rel=\"lightbox[9276]\"><img loading=\"lazy\" decoding=\"async\" aria-describedby=\"caption-attachment-9292\" class=\"wp-image-9292 size-full\" title=\"Kalen.\" src=\"https:\/\/blogi.ennola.fi\/wp-content\/uploads\/2023\/10\/Kokar_Panorama2-1.jpg\" alt=\"\" width=\"480\" height=\"159\" srcset=\"https:\/\/blogi.ennola.fi\/wp-content\/uploads\/2023\/10\/Kokar_Panorama2-1.jpg 480w, https:\/\/blogi.ennola.fi\/wp-content\/uploads\/2023\/10\/Kokar_Panorama2-1-150x50.jpg 150w\" sizes=\"(max-width: 480px) 100vw, 480px\" \/><\/a><p id=\"caption-attachment-9292\" class=\"wp-caption-text\">Kalen.<\/p><\/div>\n<div id=\"attachment_9295\" style=\"width: 490px\" class=\"wp-caption aligncenter\"><a href=\"https:\/\/blogi.ennola.fi\/wp-content\/uploads\/2023\/10\/Kokar_Panorama7.jpg\" rel=\"lightbox[9276]\"><img loading=\"lazy\" decoding=\"async\" aria-describedby=\"caption-attachment-9295\" class=\"wp-image-9295 size-full\" title=\"Kalen.\" src=\"https:\/\/blogi.ennola.fi\/wp-content\/uploads\/2023\/10\/Kokar_Panorama7-1.jpg\" alt=\"\" width=\"480\" height=\"135\" srcset=\"https:\/\/blogi.ennola.fi\/wp-content\/uploads\/2023\/10\/Kokar_Panorama7-1.jpg 480w, https:\/\/blogi.ennola.fi\/wp-content\/uploads\/2023\/10\/Kokar_Panorama7-1-150x42.jpg 150w\" sizes=\"(max-width: 480px) 100vw, 480px\" \/><\/a><p id=\"caption-attachment-9295\" class=\"wp-caption-text\">Kalen.<\/p><\/div>\n<div id=\"attachment_9291\" style=\"width: 490px\" class=\"wp-caption aligncenter\"><a href=\"https:\/\/blogi.ennola.fi\/wp-content\/uploads\/2023\/10\/Kokar_Panorama11.jpg\" rel=\"lightbox[9276]\"><img loading=\"lazy\" decoding=\"async\" aria-describedby=\"caption-attachment-9291\" class=\"wp-image-9291 size-full\" title=\"Kalen.\" src=\"https:\/\/blogi.ennola.fi\/wp-content\/uploads\/2023\/10\/Kokar_Panorama11-1.jpg\" alt=\"\" width=\"480\" height=\"211\" srcset=\"https:\/\/blogi.ennola.fi\/wp-content\/uploads\/2023\/10\/Kokar_Panorama11-1.jpg 480w, https:\/\/blogi.ennola.fi\/wp-content\/uploads\/2023\/10\/Kokar_Panorama11-1-150x66.jpg 150w\" sizes=\"(max-width: 480px) 100vw, 480px\" \/><\/a><p id=\"caption-attachment-9291\" class=\"wp-caption-text\">Kalen.<\/p><\/div>\n<div id=\"attachment_9297\" style=\"width: 490px\" class=\"wp-caption aligncenter\"><a href=\"https:\/\/blogi.ennola.fi\/wp-content\/uploads\/2023\/10\/Kokar_Panorama10.jpg\" rel=\"lightbox[9276]\"><img loading=\"lazy\" decoding=\"async\" aria-describedby=\"caption-attachment-9297\" class=\"wp-image-9297 size-full\" title=\"Kalen.\" src=\"https:\/\/blogi.ennola.fi\/wp-content\/uploads\/2023\/10\/Kokar_Panorama10-1.jpg\" alt=\"\" width=\"480\" height=\"153\" srcset=\"https:\/\/blogi.ennola.fi\/wp-content\/uploads\/2023\/10\/Kokar_Panorama10-1.jpg 480w, https:\/\/blogi.ennola.fi\/wp-content\/uploads\/2023\/10\/Kokar_Panorama10-1-150x48.jpg 150w\" sizes=\"(max-width: 480px) 100vw, 480px\" \/><\/a><p id=\"caption-attachment-9297\" class=\"wp-caption-text\">Kalen.<\/p><\/div>\n<p>Vaimollani oli sattumalta pitk\u00e4 viikonloppu vapaata, joten h\u00e4n tuli saareen torstaista sunnuntaihin. Niin\u00e4 p\u00e4ivin\u00e4 min\u00e4k\u00e4\u00e4n en en\u00e4\u00e4 tehnyt t\u00f6it\u00e4 vaan yhdess\u00e4 retkeilimme saarella.<\/p>\n<p>Perjantaina kiersimme Kalenin pitk\u00e4n luontopolun yhdess\u00e4. Reitti oli minulle tuttu edelliskes\u00e4lt\u00e4, mutta nyt meill\u00e4 oli paremmin aikaa kiert\u00e4\u00e4 polku rauhassa. Maasto ei polullakaan ollut erityisen helppoa kulkea, joten aikaa kului enemm\u00e4n kuin pelkkien kilometrien perusteella olisi voinut olettaa. Lauantaina kiersimme lyhyemm\u00e4n kulttuuripolun kirkon tuntumassa.<\/p>\n<div id=\"attachment_9298\" style=\"width: 460px\" class=\"wp-caption aligncenter\"><a href=\"https:\/\/blogi.ennola.fi\/wp-content\/uploads\/2023\/10\/IMG_7442.jpg\" rel=\"lightbox[9276]\"><img loading=\"lazy\" decoding=\"async\" aria-describedby=\"caption-attachment-9298\" class=\"wp-image-9298 size-full\" title=\"Ketoneilikka.\" src=\"https:\/\/blogi.ennola.fi\/wp-content\/uploads\/2023\/10\/IMG_7442-1.jpg\" alt=\"\" width=\"450\" height=\"336\" srcset=\"https:\/\/blogi.ennola.fi\/wp-content\/uploads\/2023\/10\/IMG_7442-1.jpg 450w, https:\/\/blogi.ennola.fi\/wp-content\/uploads\/2023\/10\/IMG_7442-1-150x112.jpg 150w\" sizes=\"(max-width: 450px) 100vw, 450px\" \/><\/a><p id=\"caption-attachment-9298\" class=\"wp-caption-text\">Ketoneilikka.<\/p><\/div>\n<div id=\"attachment_9288\" style=\"width: 460px\" class=\"wp-caption aligncenter\"><a href=\"https:\/\/blogi.ennola.fi\/wp-content\/uploads\/2023\/10\/IMG_7446.jpg\" rel=\"lightbox[9276]\"><img loading=\"lazy\" decoding=\"async\" aria-describedby=\"caption-attachment-9288\" class=\"wp-image-9288 size-full\" title=\"Ketoneilikka.\" src=\"https:\/\/blogi.ennola.fi\/wp-content\/uploads\/2023\/10\/IMG_7446-1.jpg\" alt=\"\" width=\"450\" height=\"346\" srcset=\"https:\/\/blogi.ennola.fi\/wp-content\/uploads\/2023\/10\/IMG_7446-1.jpg 450w, https:\/\/blogi.ennola.fi\/wp-content\/uploads\/2023\/10\/IMG_7446-1-150x115.jpg 150w\" sizes=\"(max-width: 450px) 100vw, 450px\" \/><\/a><p id=\"caption-attachment-9288\" class=\"wp-caption-text\">Ketoneilikka.<\/p><\/div>\n<div id=\"attachment_9296\" style=\"width: 490px\" class=\"wp-caption aligncenter\"><a href=\"https:\/\/blogi.ennola.fi\/wp-content\/uploads\/2023\/10\/Kokar_Panorama8.jpg\" rel=\"lightbox[9276]\"><img loading=\"lazy\" decoding=\"async\" aria-describedby=\"caption-attachment-9296\" class=\"wp-image-9296 size-full\" title=\"Hamn\u00f6.\" src=\"https:\/\/blogi.ennola.fi\/wp-content\/uploads\/2023\/10\/Kokar_Panorama8-1.jpg\" alt=\"\" width=\"480\" height=\"164\" srcset=\"https:\/\/blogi.ennola.fi\/wp-content\/uploads\/2023\/10\/Kokar_Panorama8-1.jpg 480w, https:\/\/blogi.ennola.fi\/wp-content\/uploads\/2023\/10\/Kokar_Panorama8-1-150x51.jpg 150w\" sizes=\"(max-width: 480px) 100vw, 480px\" \/><\/a><p id=\"caption-attachment-9296\" class=\"wp-caption-text\">Hamn\u00f6.<\/p><\/div>\n<div id=\"attachment_9294\" style=\"width: 490px\" class=\"wp-caption aligncenter\"><a href=\"https:\/\/blogi.ennola.fi\/wp-content\/uploads\/2023\/10\/Kokar_Panorama6.jpg\" rel=\"lightbox[9276]\"><img loading=\"lazy\" decoding=\"async\" aria-describedby=\"caption-attachment-9294\" class=\"wp-image-9294 size-full\" title=\"Hamn\u00f6.\" src=\"https:\/\/blogi.ennola.fi\/wp-content\/uploads\/2023\/10\/Kokar_Panorama6-1.jpg\" alt=\"\" width=\"480\" height=\"153\" srcset=\"https:\/\/blogi.ennola.fi\/wp-content\/uploads\/2023\/10\/Kokar_Panorama6-1.jpg 480w, https:\/\/blogi.ennola.fi\/wp-content\/uploads\/2023\/10\/Kokar_Panorama6-1-150x48.jpg 150w\" sizes=\"(max-width: 480px) 100vw, 480px\" \/><\/a><p id=\"caption-attachment-9294\" class=\"wp-caption-text\">Hamn\u00f6.<\/p><\/div>\n<p>Koko viikon oli melkoinen tuuli, joten lopulta en paljoa p\u00e4\u00e4ssyt vesille. Maanantai vaikutti ennusteiden mukaan p\u00e4ivist\u00e4 v\u00e4h\u00e4tuulisimmalta, joten l\u00e4hdin k\u00e4ym\u00e4\u00e4n K\u00e4llsk\u00e4riss\u00e4. Olinhan jo pitk\u00e4\u00e4n toivonut n\u00e4kev\u00e4ni paikallisen n\u00e4ht\u00e4vyyden K\u00e4llsk\u00e4rs kannanin.<\/p>\n<p>Aamulla tein Pippurin kanssa suhteellisen pitk\u00e4n lenkin ja kannoin kajakin varusteineen rantaan. Tuuli oli alkanut aamusta jo nousta, kun l\u00e4hdin matkaan. Reitti oli kuitenkin varsin suojainen, joten p\u00e4\u00e4sin vaikeuksitta saaren pohjoisk\u00e4rjess\u00e4 olevalle hiekkarannalle.<\/p>\n<p>Rannalla oli jokunen yksityinen kalastajamaja, joilta l\u00e4hti polku saaren etel\u00e4osiin. Polulla oli hankalissa paikoissa vanhoja pitkoksia. Saaren etel\u00e4osissa oli \u2019kreivi\u2019 G\u00f6ran \u00c5kerhielmin m\u00f6kki, jonka rantarakennuksissa taiteilijaresidenssi sijaitsi. M\u00f6kin ymp\u00e4rist\u00f6\u00f6n kreivi oli rakennuttanut upean v\u00e4limerellisen puutarhan, jota en j\u00e4\u00e4nyt sen koommin ihmettelem\u00e4\u00e4n. Olihan tuuli nousemassa ja K\u00e4llsk\u00e4rs kannan retkeni t\u00e4rkein kohde. Sit\u00e4 ennen k\u00e4vin kuitenkin viel\u00e4 tervehtim\u00e4ss\u00e4 valokuvaajatuttuani.<\/p>\n<p>Matka kannulle meni ohi pronssisen Hermeksen patsaan. Varsinaista polkua luonnonn\u00e4ht\u00e4vyydelle ei mennyt, joten jouduin etsim\u00e4\u00e4n sit\u00e4 k\u00e4nnyk\u00e4n karttasovelluksen avulla, mink\u00e4 opastaman se l\u00f6ytyi helposti. Hetken kuvasin kivimuodostumaa kauniissa auringonpaisteessa, miss\u00e4 punertava kivi muodosti kauniin kontrastin syv\u00e4n sinisen taivaalle.<\/p>\n<div id=\"attachment_9290\" style=\"width: 490px\" class=\"wp-caption aligncenter\"><a href=\"https:\/\/blogi.ennola.fi\/wp-content\/uploads\/2023\/10\/Kokar_Panorama1.jpg\" rel=\"lightbox[9276]\"><img loading=\"lazy\" decoding=\"async\" aria-describedby=\"caption-attachment-9290\" class=\"wp-image-9290 size-full\" title=\"K\u00e4llsk\u00e4rs kannan.\" src=\"https:\/\/blogi.ennola.fi\/wp-content\/uploads\/2023\/10\/Kokar_Panorama1-1.jpg\" alt=\"\" width=\"480\" height=\"158\" srcset=\"https:\/\/blogi.ennola.fi\/wp-content\/uploads\/2023\/10\/Kokar_Panorama1-1.jpg 480w, https:\/\/blogi.ennola.fi\/wp-content\/uploads\/2023\/10\/Kokar_Panorama1-1-150x49.jpg 150w\" sizes=\"(max-width: 480px) 100vw, 480px\" \/><\/a><p id=\"caption-attachment-9290\" class=\"wp-caption-text\">K\u00e4llsk\u00e4rs kannan.<\/p><\/div>\n<p>Kaikista vaikuttavinta K\u00f6karissa oli kuitenkin pimeys. Auringon laskettua katuvalot eiv\u00e4t valaisseet maisemaa edes pilvien kautta. Vain tuulimyllyjen ja yhden k\u00e4nnykk\u00e4maston valot n\u00e4kyiv\u00e4t. T\u00e4htikirkkaina \u00f6in\u00e4 m\u00f6kin portailta saattoi n\u00e4hd\u00e4 linnunradan. Pimeyden takia kannattanee viel\u00e4 palata ja silloin kyll\u00e4 otan kajakin ja y\u00f6vyn l\u00e4hisaaristossa.<\/p>\n","protected":false},"excerpt":{"rendered":"<p>Elokuun ja syyskuun alun kiireiden j\u00e4lkeen minulla oli pari viikkoa ilman l\u00e4hiopetusta. Et\u00e4t\u00f6it\u00e4 voisi tehd\u00e4 muualtakin kuin kotoa tai ty\u00f6paikalta, joten p\u00e4\u00e4tin vuokrata K\u00f6karista talviasuttavan m\u00f6kin, josta olisi&#8230;<\/p>\n","protected":false},"author":1,"featured_media":9299,"comment_status":"open","ping_status":"open","sticky":false,"template":"","format":"standard","meta":{"footnotes":""},"categories":[4,3],"tags":[],"_links":{"self":[{"href":"https:\/\/blogi.ennola.fi\/index.php?rest_route=\/wp\/v2\/posts\/9276"}],"collection":[{"href":"https:\/\/blogi.ennola.fi\/index.php?rest_route=\/wp\/v2\/posts"}],"about":[{"href":"https:\/\/blogi.ennola.fi\/index.php?rest_route=\/wp\/v2\/types\/post"}],"author":[{"embeddable":true,"href":"https:\/\/blogi.ennola.fi\/index.php?rest_route=\/wp\/v2\/users\/1"}],"replies":[{"embeddable":true,"href":"https:\/\/blogi.ennola.fi\/index.php?rest_route=%2Fwp%2Fv2%2Fcomments&post=9276"}],"version-history":[{"count":8,"href":"https:\/\/blogi.ennola.fi\/index.php?rest_route=\/wp\/v2\/posts\/9276\/revisions"}],"predecessor-version":[{"id":9585,"href":"https:\/\/blogi.ennola.fi\/index.php?rest_route=\/wp\/v2\/posts\/9276\/revisions\/9585"}],"wp:featuredmedia":[{"embeddable":true,"href":"https:\/\/blogi.ennola.fi\/index.php?rest_route=\/wp\/v2\/media\/9299"}],"wp:attachment":[{"href":"https:\/\/blogi.ennola.fi\/index.php?rest_route=%2Fwp%2Fv2%2Fmedia&parent=9276"}],"wp:term":[{"taxonomy":"category","embeddable":true,"href":"https:\/\/blogi.ennola.fi\/index.php?rest_route=%2Fwp%2Fv2%2Fcategories&post=9276"},{"taxonomy":"post_tag","embeddable":true,"href":"https:\/\/blogi.ennola.fi\/index.php?rest_route=%2Fwp%2Fv2%2Ftags&post=9276"}],"curies":[{"name":"wp","href":"https:\/\/api.w.org\/{rel}","templated":true}]}}