{"id":9311,"date":"2023-10-22T16:09:06","date_gmt":"2023-10-22T13:09:06","guid":{"rendered":"https:\/\/blogi.ennola.fi\/?p=9311"},"modified":"2023-11-05T19:24:17","modified_gmt":"2023-11-05T17:24:17","slug":"vanhoja-metsia-ja-melontaa","status":"publish","type":"post","link":"https:\/\/blogi.ennola.fi\/?p=9311","title":{"rendered":"Vanhoja metsi\u00e4 ja melontaa"},"content":{"rendered":"<div class=\"mceTemp\"><\/div>\n<p>Syyslomalla oli aikaa l\u00e4hte\u00e4 melomaan. Keli ei luvannut erityisen hyv\u00e4\u00e4, joten p\u00e4\u00e4tin tutustua ensisijaisesti Seilin saaristoon. Tavoitteeksi asetin y\u00f6py\u00e4 uusissa saarissa. Vesille l\u00e4hdin Hein\u00e4nokasta ja ensimm\u00e4isen y\u00f6n kuitenkin vietin tutussa saaressa Airiston laidalla. Melontakilometrej\u00e4 ei t\u00e4ll\u00e4 reissulla erityisen paljoa tullut, mutta aikaani k\u00e4ytin tutustumalla saariin ja retkeilem\u00e4ll\u00e4 niiss\u00e4.<\/p>\n<div id=\"attachment_9333\" style=\"width: 460px\" class=\"wp-caption aligncenter\"><a href=\"https:\/\/blogi.ennola.fi\/wp-content\/uploads\/2023\/10\/IMG_20231017_180911.jpg\" rel=\"lightbox[9311]\"><img loading=\"lazy\" decoding=\"async\" aria-describedby=\"caption-attachment-9333\" class=\"wp-image-9333 size-full\" title=\"Hectorin Herra Mirandoksen henkisesti syyslomamelonnalla.\" src=\"https:\/\/blogi.ennola.fi\/wp-content\/uploads\/2023\/10\/IMG_20231017_180911-1.jpg\" alt=\"\" width=\"450\" height=\"338\" srcset=\"https:\/\/blogi.ennola.fi\/wp-content\/uploads\/2023\/10\/IMG_20231017_180911-1.jpg 450w, https:\/\/blogi.ennola.fi\/wp-content\/uploads\/2023\/10\/IMG_20231017_180911-1-150x113.jpg 150w\" sizes=\"(max-width: 450px) 100vw, 450px\" \/><\/a><p id=\"caption-attachment-9333\" class=\"wp-caption-text\">Hectorin Herra Mirandoksen henkisesti syyslomamelonnalla.<\/p><\/div>\n<p>Seilin saaristossa minua kiinnostivat erityisesti vanhat mets\u00e4t ja kes\u00e4m\u00f6kitt\u00f6m\u00e4t saaret, joita siell\u00e4 jonkunkin verran on. Saaristomeri on varmastikin Etel\u00e4-Suomen ainoita paikkoja, joissa viel\u00e4 merkitt\u00e4v\u00e4sti on luonnontilaisia vanhoja metsi\u00e4 rauhoitusalueiden ulkopuolellakin. Seilin saaristo on toki nykyisin laajalti rauhoitettu. Vastaavia paikkoja ei en\u00e4\u00e4 juuri sis\u00e4saaristossamme ole Ahvenanmaan ulkopuolella, jossa pystyy kuvaamaan laajoja n\u00e4k\u00f6aloja ilman kes\u00e4m\u00f6kkej\u00e4.<\/p>\n<p>Y\u00f6t olivat napakan kylmi\u00e4 ja monena aamuna kajakkini olikin kuuran peitt\u00e4m\u00e4. Pakkasen purema sai syksyn v\u00e4rit loistamaan. Yritin saada kuvattua syksyist\u00e4 saaristomets\u00e4\u00e4, mutta helppoa se ei ollut. Vaatii viel\u00e4 runsaasti harjoitusta, jotta pystyn hahmottamaan, miss\u00e4 tilanteessa on mahdollista saada hyv\u00e4 kuva ja miss\u00e4 ei.<\/p>\n<p>Saariston luonto oli jo valmistautumassa syksyyn. Tiaisparvet pitiv\u00e4t pient\u00e4 piiskutustaan ker\u00e4tess\u00e4\u00e4n talvisia ravintovarastojaan. Aiempien vuosien tapaan saariston parvissa oli my\u00f6s uhanalaisia h\u00f6m\u00f6- ja t\u00f6yht\u00f6tiaisia. Tikkoja n\u00e4in kolmea lajia: palok\u00e4rjen, harmaap\u00e4\u00e4- ja k\u00e4pytikan. Vesilinnut olivat niit\u00e4 tavallisia: merikotkia, kyhmyjoutsenia, isokoskeloita, telkki\u00e4 ja sinisorsia.<\/p>\n<div id=\"attachment_9331\" style=\"width: 490px\" class=\"wp-caption aligncenter\"><a href=\"https:\/\/blogi.ennola.fi\/wp-content\/uploads\/2023\/10\/Airisto_Panorama5b.jpg\" rel=\"lightbox[9311]\"><img loading=\"lazy\" decoding=\"async\" aria-describedby=\"caption-attachment-9331\" class=\"wp-image-9331 size-full\" title=\"Yttre Sattmark.\" src=\"https:\/\/blogi.ennola.fi\/wp-content\/uploads\/2023\/10\/Airisto_Panorama5b-1.jpg\" alt=\"\" width=\"480\" height=\"159\" srcset=\"https:\/\/blogi.ennola.fi\/wp-content\/uploads\/2023\/10\/Airisto_Panorama5b-1.jpg 480w, https:\/\/blogi.ennola.fi\/wp-content\/uploads\/2023\/10\/Airisto_Panorama5b-1-150x50.jpg 150w\" sizes=\"(max-width: 480px) 100vw, 480px\" \/><\/a><p id=\"caption-attachment-9331\" class=\"wp-caption-text\">Yttre Sattmark.<\/p><\/div>\n<div id=\"attachment_9349\" style=\"width: 490px\" class=\"wp-caption aligncenter\"><a href=\"https:\/\/blogi.ennola.fi\/wp-content\/uploads\/2023\/10\/Airisto_Panorama4b.jpg\" rel=\"lightbox[9311]\"><img loading=\"lazy\" decoding=\"async\" aria-describedby=\"caption-attachment-9349\" class=\"wp-image-9349 size-full\" title=\"Sillholm.\" src=\"https:\/\/blogi.ennola.fi\/wp-content\/uploads\/2023\/10\/Airisto_Panorama4b-1.jpg\" alt=\"\" width=\"480\" height=\"181\" srcset=\"https:\/\/blogi.ennola.fi\/wp-content\/uploads\/2023\/10\/Airisto_Panorama4b-1.jpg 480w, https:\/\/blogi.ennola.fi\/wp-content\/uploads\/2023\/10\/Airisto_Panorama4b-1-150x57.jpg 150w\" sizes=\"(max-width: 480px) 100vw, 480px\" \/><\/a><p id=\"caption-attachment-9349\" class=\"wp-caption-text\">Sillholm.<\/p><\/div>\n<div id=\"attachment_9348\" style=\"width: 490px\" class=\"wp-caption aligncenter\"><a href=\"https:\/\/blogi.ennola.fi\/wp-content\/uploads\/2023\/10\/Airisto_Panorama7b.jpg\" rel=\"lightbox[9311]\"><img loading=\"lazy\" decoding=\"async\" aria-describedby=\"caption-attachment-9348\" class=\"wp-image-9348 size-full\" title=\"Sillholm.\" src=\"https:\/\/blogi.ennola.fi\/wp-content\/uploads\/2023\/10\/Airisto_Panorama7b-1.jpg\" alt=\"\" width=\"480\" height=\"160\" srcset=\"https:\/\/blogi.ennola.fi\/wp-content\/uploads\/2023\/10\/Airisto_Panorama7b-1.jpg 480w, https:\/\/blogi.ennola.fi\/wp-content\/uploads\/2023\/10\/Airisto_Panorama7b-1-150x50.jpg 150w\" sizes=\"(max-width: 480px) 100vw, 480px\" \/><\/a><p id=\"caption-attachment-9348\" class=\"wp-caption-text\">Sillholm.<\/p><\/div>\n<div id=\"attachment_9347\" style=\"width: 490px\" class=\"wp-caption aligncenter\"><a href=\"https:\/\/blogi.ennola.fi\/wp-content\/uploads\/2023\/10\/Airisto_Panorama6b.jpg\" rel=\"lightbox[9311]\"><img loading=\"lazy\" decoding=\"async\" aria-describedby=\"caption-attachment-9347\" class=\"wp-image-9347 size-full\" title=\"Sillholm.\" src=\"https:\/\/blogi.ennola.fi\/wp-content\/uploads\/2023\/10\/Airisto_Panorama6b-1.jpg\" alt=\"\" width=\"480\" height=\"183\" srcset=\"https:\/\/blogi.ennola.fi\/wp-content\/uploads\/2023\/10\/Airisto_Panorama6b-1.jpg 480w, https:\/\/blogi.ennola.fi\/wp-content\/uploads\/2023\/10\/Airisto_Panorama6b-1-150x57.jpg 150w\" sizes=\"(max-width: 480px) 100vw, 480px\" \/><\/a><p id=\"caption-attachment-9347\" class=\"wp-caption-text\">Sillholm.<\/p><\/div>\n<div id=\"attachment_9346\" style=\"width: 490px\" class=\"wp-caption aligncenter\"><a href=\"https:\/\/blogi.ennola.fi\/wp-content\/uploads\/2023\/10\/Airisto_Panorama9b.jpg\" rel=\"lightbox[9311]\"><img loading=\"lazy\" decoding=\"async\" aria-describedby=\"caption-attachment-9346\" class=\"wp-image-9346 size-full\" title=\"Lehm\u00e4saaret.\" src=\"https:\/\/blogi.ennola.fi\/wp-content\/uploads\/2023\/10\/Airisto_Panorama9b-1.jpg\" alt=\"\" width=\"480\" height=\"231\" srcset=\"https:\/\/blogi.ennola.fi\/wp-content\/uploads\/2023\/10\/Airisto_Panorama9b-1.jpg 480w, https:\/\/blogi.ennola.fi\/wp-content\/uploads\/2023\/10\/Airisto_Panorama9b-1-150x72.jpg 150w\" sizes=\"(max-width: 480px) 100vw, 480px\" \/><\/a><p id=\"caption-attachment-9346\" class=\"wp-caption-text\">Lehm\u00e4saaret.<\/p><\/div>\n<div id=\"attachment_9344\" style=\"width: 490px\" class=\"wp-caption aligncenter\"><a href=\"https:\/\/blogi.ennola.fi\/wp-content\/uploads\/2023\/10\/Airisto_Panorama10b.jpg\" rel=\"lightbox[9311]\"><img loading=\"lazy\" decoding=\"async\" aria-describedby=\"caption-attachment-9344\" class=\"wp-image-9344 size-full\" title=\"Pikku Riihiluoto.\" src=\"https:\/\/blogi.ennola.fi\/wp-content\/uploads\/2023\/10\/Airisto_Panorama10b-1.jpg\" alt=\"\" width=\"480\" height=\"247\" srcset=\"https:\/\/blogi.ennola.fi\/wp-content\/uploads\/2023\/10\/Airisto_Panorama10b-1.jpg 480w, https:\/\/blogi.ennola.fi\/wp-content\/uploads\/2023\/10\/Airisto_Panorama10b-1-150x77.jpg 150w\" sizes=\"(max-width: 480px) 100vw, 480px\" \/><\/a><p id=\"caption-attachment-9344\" class=\"wp-caption-text\">Pikku Riihiluoto.<\/p><\/div>\n<div id=\"attachment_9345\" style=\"width: 490px\" class=\"wp-caption aligncenter\"><a href=\"https:\/\/blogi.ennola.fi\/wp-content\/uploads\/2023\/10\/Airisto_Panorama8b.jpg\" rel=\"lightbox[9311]\"><img loading=\"lazy\" decoding=\"async\" aria-describedby=\"caption-attachment-9345\" class=\"wp-image-9345 size-full\" title=\"Pikku Riihiluoto.\" src=\"https:\/\/blogi.ennola.fi\/wp-content\/uploads\/2023\/10\/Airisto_Panorama8b-1.jpg\" alt=\"\" width=\"480\" height=\"149\" srcset=\"https:\/\/blogi.ennola.fi\/wp-content\/uploads\/2023\/10\/Airisto_Panorama8b-1.jpg 480w, https:\/\/blogi.ennola.fi\/wp-content\/uploads\/2023\/10\/Airisto_Panorama8b-1-150x47.jpg 150w\" sizes=\"(max-width: 480px) 100vw, 480px\" \/><\/a><p id=\"caption-attachment-9345\" class=\"wp-caption-text\">Pikku Riihiluoto.<\/p><\/div>\n<div id=\"attachment_9342\" style=\"width: 490px\" class=\"wp-caption aligncenter\"><a href=\"https:\/\/blogi.ennola.fi\/wp-content\/uploads\/2023\/10\/Airisto_Panorama13b.jpg\" rel=\"lightbox[9311]\"><img loading=\"lazy\" decoding=\"async\" aria-describedby=\"caption-attachment-9342\" class=\"wp-image-9342 size-full\" title=\"Pikku Riihiluoto.\" src=\"https:\/\/blogi.ennola.fi\/wp-content\/uploads\/2023\/10\/Airisto_Panorama13b-1.jpg\" alt=\"\" width=\"480\" height=\"197\" srcset=\"https:\/\/blogi.ennola.fi\/wp-content\/uploads\/2023\/10\/Airisto_Panorama13b-1.jpg 480w, https:\/\/blogi.ennola.fi\/wp-content\/uploads\/2023\/10\/Airisto_Panorama13b-1-150x62.jpg 150w\" sizes=\"(max-width: 480px) 100vw, 480px\" \/><\/a><p id=\"caption-attachment-9342\" class=\"wp-caption-text\">Pikku Riihiluoto.<\/p><\/div>\n<div id=\"attachment_9341\" style=\"width: 490px\" class=\"wp-caption aligncenter\"><a href=\"https:\/\/blogi.ennola.fi\/wp-content\/uploads\/2023\/10\/Airisto_Panorama2b.jpg\" rel=\"lightbox[9311]\"><img loading=\"lazy\" decoding=\"async\" aria-describedby=\"caption-attachment-9341\" class=\"wp-image-9341 size-full\" title=\"Pikku Riihiluoto.\" src=\"https:\/\/blogi.ennola.fi\/wp-content\/uploads\/2023\/10\/Airisto_Panorama2b-1.jpg\" alt=\"\" width=\"480\" height=\"187\" srcset=\"https:\/\/blogi.ennola.fi\/wp-content\/uploads\/2023\/10\/Airisto_Panorama2b-1.jpg 480w, https:\/\/blogi.ennola.fi\/wp-content\/uploads\/2023\/10\/Airisto_Panorama2b-1-150x58.jpg 150w\" sizes=\"(max-width: 480px) 100vw, 480px\" \/><\/a><p id=\"caption-attachment-9341\" class=\"wp-caption-text\">Pikku Riihiluoto.<\/p><\/div>\n<div id=\"attachment_9340\" style=\"width: 490px\" class=\"wp-caption aligncenter\"><a href=\"https:\/\/blogi.ennola.fi\/wp-content\/uploads\/2023\/10\/Airisto_Panorama11b.jpg\" rel=\"lightbox[9311]\"><img loading=\"lazy\" decoding=\"async\" aria-describedby=\"caption-attachment-9340\" class=\"wp-image-9340 size-full\" title=\"Pikku Riihiluoto.\" src=\"https:\/\/blogi.ennola.fi\/wp-content\/uploads\/2023\/10\/Airisto_Panorama11b-1.jpg\" alt=\"\" width=\"480\" height=\"174\" srcset=\"https:\/\/blogi.ennola.fi\/wp-content\/uploads\/2023\/10\/Airisto_Panorama11b-1.jpg 480w, https:\/\/blogi.ennola.fi\/wp-content\/uploads\/2023\/10\/Airisto_Panorama11b-1-150x54.jpg 150w\" sizes=\"(max-width: 480px) 100vw, 480px\" \/><\/a><p id=\"caption-attachment-9340\" class=\"wp-caption-text\">Pikku Riihiluoto.<\/p><\/div>\n<div id=\"attachment_9343\" style=\"width: 490px\" class=\"wp-caption aligncenter\"><a href=\"https:\/\/blogi.ennola.fi\/wp-content\/uploads\/2023\/10\/Airisto_Panorama12b.jpg\" rel=\"lightbox[9311]\"><img loading=\"lazy\" decoding=\"async\" aria-describedby=\"caption-attachment-9343\" class=\"wp-image-9343 size-full\" title=\"Pikku Riihiluoto.\" src=\"https:\/\/blogi.ennola.fi\/wp-content\/uploads\/2023\/10\/Airisto_Panorama12b-1.jpg\" alt=\"\" width=\"480\" height=\"213\" srcset=\"https:\/\/blogi.ennola.fi\/wp-content\/uploads\/2023\/10\/Airisto_Panorama12b-1.jpg 480w, https:\/\/blogi.ennola.fi\/wp-content\/uploads\/2023\/10\/Airisto_Panorama12b-1-150x67.jpg 150w\" sizes=\"(max-width: 480px) 100vw, 480px\" \/><\/a><p id=\"caption-attachment-9343\" class=\"wp-caption-text\">Pikku Riihiluoto.<\/p><\/div>\n<div id=\"attachment_9339\" style=\"width: 490px\" class=\"wp-caption aligncenter\"><a href=\"https:\/\/blogi.ennola.fi\/wp-content\/uploads\/2023\/10\/Airisto_Panorama3b.jpg\" rel=\"lightbox[9311]\"><img loading=\"lazy\" decoding=\"async\" aria-describedby=\"caption-attachment-9339\" class=\"wp-image-9339 size-full\" title=\"Pikku Riihiluoto.\" src=\"https:\/\/blogi.ennola.fi\/wp-content\/uploads\/2023\/10\/Airisto_Panorama3b-1.jpg\" alt=\"\" width=\"480\" height=\"210\" srcset=\"https:\/\/blogi.ennola.fi\/wp-content\/uploads\/2023\/10\/Airisto_Panorama3b-1.jpg 480w, https:\/\/blogi.ennola.fi\/wp-content\/uploads\/2023\/10\/Airisto_Panorama3b-1-150x66.jpg 150w\" sizes=\"(max-width: 480px) 100vw, 480px\" \/><\/a><p id=\"caption-attachment-9339\" class=\"wp-caption-text\">Pikku Riihiluoto.<\/p><\/div>\n<div id=\"attachment_9338\" style=\"width: 490px\" class=\"wp-caption aligncenter\"><a href=\"https:\/\/blogi.ennola.fi\/wp-content\/uploads\/2023\/10\/Airisto_Panorama1b.jpg\" rel=\"lightbox[9311]\"><img loading=\"lazy\" decoding=\"async\" aria-describedby=\"caption-attachment-9338\" class=\"wp-image-9338 size-full\" title=\"Pikku Riihiluoto.\" src=\"https:\/\/blogi.ennola.fi\/wp-content\/uploads\/2023\/10\/Airisto_Panorama1b-1.jpg\" alt=\"\" width=\"480\" height=\"165\" srcset=\"https:\/\/blogi.ennola.fi\/wp-content\/uploads\/2023\/10\/Airisto_Panorama1b-1.jpg 480w, https:\/\/blogi.ennola.fi\/wp-content\/uploads\/2023\/10\/Airisto_Panorama1b-1-150x52.jpg 150w\" sizes=\"(max-width: 480px) 100vw, 480px\" \/><\/a><p id=\"caption-attachment-9338\" class=\"wp-caption-text\">Pikku Riihiluoto.<\/p><\/div>\n<p>Viime joulukuussa y\u00f6vyin <a href=\"https:\/\/blogi.ennola.fi\/?p=8012\">melontaretkell\u00e4ni<\/a> kamiinateltassa, mik\u00e4 kylm\u00e4\u00e4n vuodenaikaan oli varsin miellytt\u00e4v\u00e4. Kaverini oli valmis myym\u00e4\u00e4n sen, joten ostin sen ja tilasin siihen uuden kamiinan. T\u00e4m\u00e4 retki oli noiden varusteiden kokeilua minulle.<\/p>\n<p>Teltta on kahden hengen pyramiditeltta erillisell\u00e4 pohjavaatteella. Ssopivan kokoinen ahdettavaksi kajakin keulaan. Kamiina taas on pieni, vajaan kilon painoinen titaanikamiina. Riitt\u00e4v\u00e4n pieni, jotta mahtuu kokoon taitettuna kajakkini pienist\u00e4 luukuista sis\u00e4\u00e4n. Olemukseltaan kamiina on hieman lelumainen, hyvin kevyist\u00e4 materiaaleista tehty. L\u00e4mp\u00f6 taivuttelee peltej\u00e4 helposti, joten saa n\u00e4hd\u00e4 kuinka paljon k\u00e4ytt\u00f6\u00e4 tulee kest\u00e4m\u00e4\u00e4n.<\/p>\n<p>Piippu on ohutta titaanipelti\u00e4 oleva rullapiippu, jota tulee k\u00e4sitell\u00e4 hanskat k\u00e4dess\u00e4. Ensimm\u00e4isen l\u00e4mmityksen j\u00e4lkeen piippu \u2019muistaa\u2019 uuden asentonsa ja k\u00e4sittely muuttuu helpoksi, mutta ensimm\u00e4inen taivutus auki oli aika hankalaa. Pitk\u00e4ksi rullatun piipun ymp\u00e4rille tulee rinkulat, joiden tarkoitus on pit\u00e4\u00e4 piippu rullalla. Nuo rinkulat unohdin ensimm\u00e4iselle leiripaikalle, joten jouduin korvaamaan ne rautalangalla muilla leiripaikoilla.<\/p>\n<p>Puuta kamina ei ihan hirve\u00e4sti kuluttanut. Muutama maassa lojuva iso ja kuiva m\u00e4nnynoksa oli riitt\u00e4v\u00e4sti yhdeksi illaksi ja aamuksi. Puu piti pilkkoa varsin pieneksi, mist\u00e4 syyst\u00e4 paksujen oksien pilkkomisen j\u00e4tin v\u00e4liin, kuten my\u00f6s isot ajopuut. Kuusta en k\u00e4ytt\u00e4nyt kipin\u00f6innin takia ja ensimm\u00e4isen\u00e4 aamuna kokeilin tervasta, vaikka siit\u00e4 k\u00e4ytt\u00f6ohjeessa varoitettiin. Tervas tukkikin aika nopeasti kipin\u00e4suojan, jolloin teltan l\u00e4mmitys piti lopettaa siihen.<\/p>\n<div id=\"attachment_9335\" style=\"width: 460px\" class=\"wp-caption aligncenter\"><a href=\"https:\/\/blogi.ennola.fi\/wp-content\/uploads\/2023\/10\/IMG_20231017_175509.jpg\" rel=\"lightbox[9311]\"><img loading=\"lazy\" decoding=\"async\" aria-describedby=\"caption-attachment-9335\" class=\"wp-image-9335 size-full\" title=\"Pieni kaminateltta.\" src=\"https:\/\/blogi.ennola.fi\/wp-content\/uploads\/2023\/10\/IMG_20231017_175509-1.jpg\" alt=\"\" width=\"450\" height=\"334\" srcset=\"https:\/\/blogi.ennola.fi\/wp-content\/uploads\/2023\/10\/IMG_20231017_175509-1.jpg 450w, https:\/\/blogi.ennola.fi\/wp-content\/uploads\/2023\/10\/IMG_20231017_175509-1-150x111.jpg 150w\" sizes=\"(max-width: 450px) 100vw, 450px\" \/><\/a><p id=\"caption-attachment-9335\" class=\"wp-caption-text\">Pieni kaminateltta.<\/p><\/div>\n<div id=\"attachment_9334\" style=\"width: 321px\" class=\"wp-caption aligncenter\"><a href=\"https:\/\/blogi.ennola.fi\/wp-content\/uploads\/2023\/10\/IMG_20231017_175524.jpg\" rel=\"lightbox[9311]\"><img loading=\"lazy\" decoding=\"async\" aria-describedby=\"caption-attachment-9334\" class=\"wp-image-9334 size-full\" title=\"Kilon titaanikamina.\" src=\"https:\/\/blogi.ennola.fi\/wp-content\/uploads\/2023\/10\/IMG_20231017_175524-1.jpg\" alt=\"\" width=\"311\" height=\"420\" srcset=\"https:\/\/blogi.ennola.fi\/wp-content\/uploads\/2023\/10\/IMG_20231017_175524-1.jpg 311w, https:\/\/blogi.ennola.fi\/wp-content\/uploads\/2023\/10\/IMG_20231017_175524-1-296x400.jpg 296w, https:\/\/blogi.ennola.fi\/wp-content\/uploads\/2023\/10\/IMG_20231017_175524-1-111x150.jpg 111w\" sizes=\"(max-width: 311px) 100vw, 311px\" \/><\/a><p id=\"caption-attachment-9334\" class=\"wp-caption-text\">Kilon titaanikamina.<\/p><\/div>\n<div id=\"attachment_9336\" style=\"width: 460px\" class=\"wp-caption aligncenter\"><a href=\"https:\/\/blogi.ennola.fi\/wp-content\/uploads\/2023\/10\/IMG_8926.jpg\" rel=\"lightbox[9311]\"><img loading=\"lazy\" decoding=\"async\" aria-describedby=\"caption-attachment-9336\" class=\"wp-image-9336 size-full\" title=\"\u00d6inen teltta.\" src=\"https:\/\/blogi.ennola.fi\/wp-content\/uploads\/2023\/10\/IMG_8926-1.jpg\" alt=\"\" width=\"450\" height=\"302\" srcset=\"https:\/\/blogi.ennola.fi\/wp-content\/uploads\/2023\/10\/IMG_8926-1.jpg 450w, https:\/\/blogi.ennola.fi\/wp-content\/uploads\/2023\/10\/IMG_8926-1-150x101.jpg 150w\" sizes=\"(max-width: 450px) 100vw, 450px\" \/><\/a><p id=\"caption-attachment-9336\" class=\"wp-caption-text\">\u00d6inen teltta.<\/p><\/div>\n<p>Viimeiselt\u00e4 leiripaikalta l\u00f6ysin kaksi pullopostia. Toinen oli p\u00e4iv\u00e4\u00e4m\u00e4t\u00f6n Mimmin 4 v. l\u00e4hett\u00e4m\u00e4, miss\u00e4 h\u00e4n kertoi olevansa souturetkell\u00e4. Toisen pullopostin oli l\u00e4hett\u00e4nyt Taika 9 v. reilut 9 vuotta sitten Rym\u00e4ttyl\u00e4st\u00e4. Siin\u00e4 oli numero yhteydenottoja varten, mist\u00e4 Taikan \u00e4iti vastasikin l\u00e4hett\u00e4m\u00e4\u00e4ni viestiin. Kumpikin kirje ja pullo olivat varsin hyv\u00e4ss\u00e4 kunnossa ja ensi arvaamalta, en olisi arvannut tuon Taikan kirjeenk\u00e4\u00e4n olevan noin vanha.<\/p>\n<div id=\"attachment_9332\" style=\"width: 460px\" class=\"wp-caption aligncenter\"><a href=\"https:\/\/blogi.ennola.fi\/wp-content\/uploads\/2023\/10\/IMG_20231020_140747.jpg\" rel=\"lightbox[9311]\"><img loading=\"lazy\" decoding=\"async\" aria-describedby=\"caption-attachment-9332\" class=\"wp-image-9332 size-full\" title=\"Pulloposti.\" src=\"https:\/\/blogi.ennola.fi\/wp-content\/uploads\/2023\/10\/IMG_20231020_140747-1.jpg\" alt=\"\" width=\"450\" height=\"303\" srcset=\"https:\/\/blogi.ennola.fi\/wp-content\/uploads\/2023\/10\/IMG_20231020_140747-1.jpg 450w, https:\/\/blogi.ennola.fi\/wp-content\/uploads\/2023\/10\/IMG_20231020_140747-1-150x101.jpg 150w\" sizes=\"(max-width: 450px) 100vw, 450px\" \/><\/a><p id=\"caption-attachment-9332\" class=\"wp-caption-text\">Pulloposti.<\/p><\/div>\n<p>Yksi t\u00e4m\u00e4n vuoden ulkoilutavoitteista t\u00e4yttyi retken lopussa, kun saavutin 1000 melontakilometrin rajan. Ihan hyv\u00e4 saavutus, kun t\u00e4n\u00e4 vuonna aloitin melontakauden vasta pari kuukautta tavallista my\u00f6hemmin, maaliskuun alussa.<\/p>\n<div id=\"attachment_9337\" style=\"width: 460px\" class=\"wp-caption aligncenter\"><a href=\"https:\/\/blogi.ennola.fi\/wp-content\/uploads\/2023\/10\/DSCI1978.jpg\" rel=\"lightbox[9311]\"><img loading=\"lazy\" decoding=\"async\" aria-describedby=\"caption-attachment-9337\" class=\"wp-image-9337 size-full\" title=\"1000 km melontaa t\u00e4ynn\u00e4 t\u00e4n\u00e4 vuonna..\" src=\"https:\/\/blogi.ennola.fi\/wp-content\/uploads\/2023\/10\/DSCI1978-1.jpg\" alt=\"\" width=\"450\" height=\"304\" srcset=\"https:\/\/blogi.ennola.fi\/wp-content\/uploads\/2023\/10\/DSCI1978-1.jpg 450w, https:\/\/blogi.ennola.fi\/wp-content\/uploads\/2023\/10\/DSCI1978-1-150x101.jpg 150w\" sizes=\"(max-width: 450px) 100vw, 450px\" \/><\/a><p id=\"caption-attachment-9337\" class=\"wp-caption-text\">1000 km melontaa t\u00e4ynn\u00e4 t\u00e4n\u00e4 vuonna..<\/p><\/div>\n","protected":false},"excerpt":{"rendered":"<p>Syyslomalla oli aikaa l\u00e4hte\u00e4 melomaan. Keli ei luvannut erityisen hyv\u00e4\u00e4, joten p\u00e4\u00e4tin tutustua ensisijaisesti Seilin saaristoon. Tavoitteeksi asetin y\u00f6py\u00e4 uusissa saarissa. Vesille l\u00e4hdin Hein\u00e4nokasta ja ensimm\u00e4isen y\u00f6n kuitenkin&#8230;<\/p>\n","protected":false},"author":1,"featured_media":9350,"comment_status":"open","ping_status":"open","sticky":false,"template":"","format":"standard","meta":{"footnotes":""},"categories":[4,8],"tags":[],"_links":{"self":[{"href":"https:\/\/blogi.ennola.fi\/index.php?rest_route=\/wp\/v2\/posts\/9311"}],"collection":[{"href":"https:\/\/blogi.ennola.fi\/index.php?rest_route=\/wp\/v2\/posts"}],"about":[{"href":"https:\/\/blogi.ennola.fi\/index.php?rest_route=\/wp\/v2\/types\/post"}],"author":[{"embeddable":true,"href":"https:\/\/blogi.ennola.fi\/index.php?rest_route=\/wp\/v2\/users\/1"}],"replies":[{"embeddable":true,"href":"https:\/\/blogi.ennola.fi\/index.php?rest_route=%2Fwp%2Fv2%2Fcomments&post=9311"}],"version-history":[{"count":5,"href":"https:\/\/blogi.ennola.fi\/index.php?rest_route=\/wp\/v2\/posts\/9311\/revisions"}],"predecessor-version":[{"id":9392,"href":"https:\/\/blogi.ennola.fi\/index.php?rest_route=\/wp\/v2\/posts\/9311\/revisions\/9392"}],"wp:featuredmedia":[{"embeddable":true,"href":"https:\/\/blogi.ennola.fi\/index.php?rest_route=\/wp\/v2\/media\/9350"}],"wp:attachment":[{"href":"https:\/\/blogi.ennola.fi\/index.php?rest_route=%2Fwp%2Fv2%2Fmedia&parent=9311"}],"wp:term":[{"taxonomy":"category","embeddable":true,"href":"https:\/\/blogi.ennola.fi\/index.php?rest_route=%2Fwp%2Fv2%2Fcategories&post=9311"},{"taxonomy":"post_tag","embeddable":true,"href":"https:\/\/blogi.ennola.fi\/index.php?rest_route=%2Fwp%2Fv2%2Ftags&post=9311"}],"curies":[{"name":"wp","href":"https:\/\/api.w.org\/{rel}","templated":true}]}}