{"id":932,"date":"2013-11-01T14:38:16","date_gmt":"2013-11-01T12:38:16","guid":{"rendered":"https:\/\/blogi.ennola.fi\/?p=932"},"modified":"2020-06-08T13:48:27","modified_gmt":"2020-06-08T10:48:27","slug":"ultravaellus-kotoa-kasin","status":"publish","type":"post","link":"https:\/\/blogi.ennola.fi\/?p=932","title":{"rendered":"Ultravaellus kotoa k\u00e4sin"},"content":{"rendered":"<p>Olen jo pitk\u00e4\u00e4n miettinyt <a href=\"http:\/\/www.kuhankuono.fi\/\">Kuhankuonon retkeilyreitist\u00f6n<\/a> k\u00e4velemist\u00e4 l\u00e4pi. Reitist\u00f6 kulkee vain muutaman sadan metrin p\u00e4\u00e4st\u00e4 kotioveltani, joten sille l\u00e4hteminen olisi helppoa suoraan kotoa. Viime syyslomalla p\u00e4\u00e4tin vihdoin toteuttaa monivuotisen haaveeni. Samalla p\u00e4\u00e4tin ensimm\u00e4ist\u00e4 kertaa testata ultrakevyen vaellusvarustuksen tuomaa mahdollisuutta ultrapitkiin p\u00e4iv\u00e4matkoihin.<\/p>\n<div id=\"attachment_967\" style=\"width: 490px\" class=\"wp-caption aligncenter\"><a href=\"https:\/\/blogi.ennola.fi\/wp-content\/uploads\/2013\/11\/Ultra_Panorama14.jpg\" rel=\"lightbox[932]\"><img loading=\"lazy\" decoding=\"async\" aria-describedby=\"caption-attachment-967\" class=\"wp-image-967 size-full\" title=\"Aamu-usva vesilaitoksen kupeessa.\" src=\"https:\/\/blogi.ennola.fi\/wp-content\/uploads\/2013\/11\/Ultra_Panorama14-1.jpg\" alt=\"\" width=\"480\" height=\"124\" srcset=\"https:\/\/blogi.ennola.fi\/wp-content\/uploads\/2013\/11\/Ultra_Panorama14-1.jpg 480w, https:\/\/blogi.ennola.fi\/wp-content\/uploads\/2013\/11\/Ultra_Panorama14-1-150x39.jpg 150w\" sizes=\"(max-width: 480px) 100vw, 480px\" \/><\/a><p id=\"caption-attachment-967\" class=\"wp-caption-text\">Aamu-usva vesilaitoksen kupeessa.<\/p><\/div>\n<p>Repun kokonaispaino l\u00e4hteiss\u00e4 oli noin 7 kiloa ja kotiin tulessa 4 kiloa, kun ruoka oli sy\u00f6ty pois. Varustus noudatti melko tarkkaan samoja linjoja, kuin <a href=\"https:\/\/blogi.ennola.fi\/?p=1056\">Kuusamon vaelluksellakin<\/a>. Koska y\u00f6ll\u00e4 oli odotettavissa pakkasia, olin vaihtanut makuupussin l\u00e4mpim\u00e4mp\u00e4\u00e4n, fleece-puseron kevyeen untuvatakkiin ja ottanut mukaan ohuet hanskat ja pipon. En halunnut olla riippuvainen valmiista nuotiopaikoista. K\u00e4yt\u00e4nn\u00f6ss\u00e4 tulin kuitenkin y\u00f6pyneeksi niill\u00e4, joten olisin periaatteessa voinut j\u00e4tt\u00e4\u00e4 tarpin ja bivy-pussinkin kotiin. Juomavett\u00e4 otin mukaan pienen pullon, jolla selvisin ensimm\u00e4iset parikymment\u00e4 urbaaneinta kilometri\u00e4 ilman luonnonvett\u00e4.<\/p>\n<p><a href=\"https:\/\/blogi.ennola.fi\/wp-content\/uploads\/2013\/11\/Ultra_Panorama13.jpg\" rel=\"lightbox[932]\"><img loading=\"lazy\" decoding=\"async\" class=\"aligncenter wp-image-966 size-full\" src=\"https:\/\/blogi.ennola.fi\/wp-content\/uploads\/2013\/11\/Ultra_Panorama13-1.jpg\" alt=\"\" width=\"480\" height=\"83\" srcset=\"https:\/\/blogi.ennola.fi\/wp-content\/uploads\/2013\/11\/Ultra_Panorama13-1.jpg 480w, https:\/\/blogi.ennola.fi\/wp-content\/uploads\/2013\/11\/Ultra_Panorama13-1-150x26.jpg 150w\" sizes=\"(max-width: 480px) 100vw, 480px\" \/><\/a><\/p>\n<p><a href=\"https:\/\/blogi.ennola.fi\/wp-content\/uploads\/2013\/11\/Ultra_Panorama9.jpg\" rel=\"lightbox[932]\"><img loading=\"lazy\" decoding=\"async\" class=\"aligncenter wp-image-962 size-full\" src=\"https:\/\/blogi.ennola.fi\/wp-content\/uploads\/2013\/11\/Ultra_Panorama9-1.jpg\" alt=\"\" width=\"480\" height=\"156\" srcset=\"https:\/\/blogi.ennola.fi\/wp-content\/uploads\/2013\/11\/Ultra_Panorama9-1.jpg 480w, https:\/\/blogi.ennola.fi\/wp-content\/uploads\/2013\/11\/Ultra_Panorama9-1-150x49.jpg 150w\" sizes=\"(max-width: 480px) 100vw, 480px\" \/><\/a><\/p>\n<p><a href=\"https:\/\/blogi.ennola.fi\/wp-content\/uploads\/2013\/11\/Ultra_Panorama1.jpg\" rel=\"lightbox[932]\"><img loading=\"lazy\" decoding=\"async\" class=\"aligncenter wp-image-959 size-full\" src=\"https:\/\/blogi.ennola.fi\/wp-content\/uploads\/2013\/11\/Ultra_Panorama1-1.jpg\" alt=\"\" width=\"480\" height=\"113\" srcset=\"https:\/\/blogi.ennola.fi\/wp-content\/uploads\/2013\/11\/Ultra_Panorama1-1.jpg 480w, https:\/\/blogi.ennola.fi\/wp-content\/uploads\/2013\/11\/Ultra_Panorama1-1-150x35.jpg 150w\" sizes=\"(max-width: 480px) 100vw, 480px\" \/><\/a><\/p>\n<p>L\u00e4ht\u00f6p\u00e4iv\u00e4ni aamuna olin laittanut kellon soittamaan noin tuntia ennen p\u00e4iv\u00e4n valkenemista, jotta olisin p\u00e4\u00e4ssyt baanalle kahdeksan aikoihin, juuri kun aurinko alkoi valaista maiseman. Reissun tarkoituksena oli nauttia maisemista ja matkanteosta, joten en n\u00e4hnyt j\u00e4rkev\u00e4ksi taivaltaa pime\u00e4ss\u00e4. Valoisaa t\u00e4h\u00e4n aikaan vuodesta oli aamukahdeksasta iltaseitsem\u00e4\u00e4n, joten liikkeell\u00e4 oloon j\u00e4i yksitoista tuntia, josta yhden tunnin varasin lounaaseen kauniissa paikassa. N\u00e4in ollen vaeltamiseen j\u00e4i aikaa kymmenen tuntia p\u00e4iv\u00e4ss\u00e4.<\/p>\n<div id=\"attachment_968\" style=\"width: 310px\" class=\"wp-caption aligncenter\"><a href=\"https:\/\/blogi.ennola.fi\/wp-content\/uploads\/2013\/11\/IMG_1021.jpg\" rel=\"lightbox[932]\"><img loading=\"lazy\" decoding=\"async\" aria-describedby=\"caption-attachment-968\" class=\"wp-image-968 size-full\" title=\"Kullanvuoren n\u00e4k\u00f6torni.\" src=\"https:\/\/blogi.ennola.fi\/wp-content\/uploads\/2013\/11\/IMG_1021-1.jpg\" alt=\"\" width=\"300\" height=\"400\" srcset=\"https:\/\/blogi.ennola.fi\/wp-content\/uploads\/2013\/11\/IMG_1021-1.jpg 300w, https:\/\/blogi.ennola.fi\/wp-content\/uploads\/2013\/11\/IMG_1021-1-113x150.jpg 113w\" sizes=\"(max-width: 300px) 100vw, 300px\" \/><\/a><p id=\"caption-attachment-968\" class=\"wp-caption-text\">Kullanvuoren n\u00e4k\u00f6torni.<\/p><\/div>\n<p><a href=\"https:\/\/blogi.ennola.fi\/wp-content\/uploads\/2013\/11\/Ultra_Panorama11.jpg\" rel=\"lightbox[932]\"><img loading=\"lazy\" decoding=\"async\" class=\"aligncenter wp-image-964 size-full\" src=\"https:\/\/blogi.ennola.fi\/wp-content\/uploads\/2013\/11\/Ultra_Panorama11-1.jpg\" alt=\"\" width=\"480\" height=\"111\" srcset=\"https:\/\/blogi.ennola.fi\/wp-content\/uploads\/2013\/11\/Ultra_Panorama11-1.jpg 480w, https:\/\/blogi.ennola.fi\/wp-content\/uploads\/2013\/11\/Ultra_Panorama11-1-150x35.jpg 150w\" sizes=\"(max-width: 480px) 100vw, 480px\" \/><\/a><\/p>\n<p><a href=\"https:\/\/blogi.ennola.fi\/wp-content\/uploads\/2013\/11\/Ultra_Panorama4.jpg\" rel=\"lightbox[932]\"><img loading=\"lazy\" decoding=\"async\" class=\"aligncenter wp-image-956 size-full\" src=\"https:\/\/blogi.ennola.fi\/wp-content\/uploads\/2013\/11\/Ultra_Panorama4-1.jpg\" alt=\"\" width=\"480\" height=\"103\" srcset=\"https:\/\/blogi.ennola.fi\/wp-content\/uploads\/2013\/11\/Ultra_Panorama4-1.jpg 480w, https:\/\/blogi.ennola.fi\/wp-content\/uploads\/2013\/11\/Ultra_Panorama4-1-150x32.jpg 150w\" sizes=\"(max-width: 480px) 100vw, 480px\" \/><\/a><\/p>\n<p>Ensimm\u00e4isen\u00e4 p\u00e4iv\u00e4n\u00e4 vaelsin kauniissa aamu-usvassa Raision ja Ruskon kauneimpien peltomaisemien l\u00e4pi. Nousin Kullanvuoren n\u00e4k\u00f6tornille ihastelemaan mets\u00e4ist\u00e4 maisemaa, miss\u00e4 aamuinen sumu siivosi l\u00e4hialueen kaupungit maisemasta. Reitti kulki p\u00e4\u00e4osin peltoaukeiden ymp\u00e4r\u00f6imi\u00e4 pienehk\u00f6j\u00e4 mets\u00e4alueita pitkin. Lounastani pys\u00e4hdyin keitt\u00e4m\u00e4\u00e4n Rehtsuon laidalle. Rehtsuolta jatkoin kohti Vahdonkorven metsi\u00e4, miss\u00e4 olikin muutamia varsin kauniita mets\u00e4taipaleita. Kangenmiekan suot kiersin etel\u00e4ist\u00e4 reitti\u00e4 pitkin ja lopulta illan ollessa jo varsin pime\u00e4n\u00e4 saavuin lopulta Vajosuon laavulle.<\/p>\n<div id=\"attachment_958\" style=\"width: 490px\" class=\"wp-caption aligncenter\"><a href=\"https:\/\/blogi.ennola.fi\/wp-content\/uploads\/2013\/11\/Ultra_Panorama2.jpg\" rel=\"lightbox[932]\"><img loading=\"lazy\" decoding=\"async\" aria-describedby=\"caption-attachment-958\" class=\"wp-image-958 size-full\" title=\"Aurinko laskee Vajosuon taakse.\" src=\"https:\/\/blogi.ennola.fi\/wp-content\/uploads\/2013\/11\/Ultra_Panorama2-1.jpg\" alt=\"\" width=\"480\" height=\"164\" srcset=\"https:\/\/blogi.ennola.fi\/wp-content\/uploads\/2013\/11\/Ultra_Panorama2-1.jpg 480w, https:\/\/blogi.ennola.fi\/wp-content\/uploads\/2013\/11\/Ultra_Panorama2-1-150x51.jpg 150w\" sizes=\"(max-width: 480px) 100vw, 480px\" \/><\/a><p id=\"caption-attachment-958\" class=\"wp-caption-text\">Aurinko laskee Vajosuon taakse.<\/p><\/div>\n<p>Ensimm\u00e4isen\u00e4 p\u00e4iv\u00e4n\u00e4 olin l\u00e4htenyt liikkeelle hieman varoen, koska olin pel\u00e4nnyt heikosti vaimennettujen suunnistustossujen aiheuttavan ongelmia jaloissa kovalla alustalla k\u00e4velless\u00e4. T\u00e4m\u00e4 oli virhe, joka kostautui etenkin toisena p\u00e4iv\u00e4n\u00e4. Jo ensimm\u00e4isen p\u00e4iv\u00e4n iltana oli vasemman jalan polvitaive alkanut oireilla ja seuraavana aamuna se teki k\u00e4velyst\u00e4ni vaikeaa. P\u00e4\u00e4tin kuitenkin l\u00e4hte\u00e4 liikkeelle ja toivoin, ett\u00e4 se k\u00e4velless\u00e4 vetreytyisi. Harkitsin kuitenkin keskeytt\u00e4v\u00e4ni k\u00e4velyn Kurjenkellon opastuvalle. Muutaman tunnin k\u00e4velyn j\u00e4lkeen se kuitenkin vetreytyi sen verta hyv\u00e4ksi, ett\u00e4 p\u00e4\u00e4tin jatkaa matkaa suunnitelman mukaan. Vauhtia se sen verta kuitenkin hidasti, ett\u00e4 ihan edellisen p\u00e4iv\u00e4n vauhtiin en nyt kyenneyt.<\/p>\n<p><a href=\"https:\/\/blogi.ennola.fi\/wp-content\/uploads\/2013\/11\/Ultra_Panorama8.jpg\" rel=\"lightbox[932]\"><img loading=\"lazy\" decoding=\"async\" class=\"aligncenter wp-image-961 size-full\" src=\"https:\/\/blogi.ennola.fi\/wp-content\/uploads\/2013\/11\/Ultra_Panorama8-1.jpg\" alt=\"\" width=\"480\" height=\"95\" srcset=\"https:\/\/blogi.ennola.fi\/wp-content\/uploads\/2013\/11\/Ultra_Panorama8-1.jpg 480w, https:\/\/blogi.ennola.fi\/wp-content\/uploads\/2013\/11\/Ultra_Panorama8-1-150x30.jpg 150w\" sizes=\"(max-width: 480px) 100vw, 480px\" \/><\/a><\/p>\n<p><a href=\"https:\/\/blogi.ennola.fi\/wp-content\/uploads\/2013\/11\/Ultra_Panorama10.jpg\" rel=\"lightbox[932]\"><img loading=\"lazy\" decoding=\"async\" class=\"aligncenter wp-image-963 size-full\" src=\"https:\/\/blogi.ennola.fi\/wp-content\/uploads\/2013\/11\/Ultra_Panorama10-1.jpg\" alt=\"\" width=\"480\" height=\"123\" srcset=\"https:\/\/blogi.ennola.fi\/wp-content\/uploads\/2013\/11\/Ultra_Panorama10-1.jpg 480w, https:\/\/blogi.ennola.fi\/wp-content\/uploads\/2013\/11\/Ultra_Panorama10-1-150x38.jpg 150w\" sizes=\"(max-width: 480px) 100vw, 480px\" \/><\/a><\/p>\n<p><a href=\"https:\/\/blogi.ennola.fi\/wp-content\/uploads\/2013\/11\/Ultra_Panorama6.jpg\" rel=\"lightbox[932]\"><img loading=\"lazy\" decoding=\"async\" class=\"aligncenter wp-image-975 size-full\" src=\"https:\/\/blogi.ennola.fi\/wp-content\/uploads\/2013\/11\/Ultra_Panorama6-1.jpg\" alt=\"\" width=\"480\" height=\"95\" srcset=\"https:\/\/blogi.ennola.fi\/wp-content\/uploads\/2013\/11\/Ultra_Panorama6-1.jpg 480w, https:\/\/blogi.ennola.fi\/wp-content\/uploads\/2013\/11\/Ultra_Panorama6-1-150x30.jpg 150w\" sizes=\"(max-width: 480px) 100vw, 480px\" \/><\/a><\/p>\n<p>Aamup\u00e4iv\u00e4n kuljin Vajosuon vaelluksen reitti\u00e4, mik\u00e4 lieneekin yksi Kuhankuonon retkeilyreitist\u00f6jen kaunein taival. Kiipesin lintutorneihin niin Vajosuon kuin Kurjenrahkankin laidoilla. Nautin kauniista suomaisemista. Savoj\u00e4rven kiersin sen pohjoispuolelle avattua uutta reitti\u00e4 pitkin, mink\u00e4 monet muutkin olivat t\u00e4n\u00e4 kauniina sunnuntaip\u00e4iv\u00e4n\u00e4 l\u00f6yt\u00e4neet. Lounasta pys\u00e4hdyin keittelem\u00e4\u00e4n Lakj\u00e4rven nuotiopaikalle.<\/p>\n<p><a href=\"https:\/\/blogi.ennola.fi\/wp-content\/uploads\/2013\/11\/IMG_1101.jpg\" rel=\"lightbox[932]\"><img loading=\"lazy\" decoding=\"async\" class=\"aligncenter wp-image-969 size-full\" src=\"https:\/\/blogi.ennola.fi\/wp-content\/uploads\/2013\/11\/IMG_1101-1.jpg\" alt=\"\" width=\"420\" height=\"315\" srcset=\"https:\/\/blogi.ennola.fi\/wp-content\/uploads\/2013\/11\/IMG_1101-1.jpg 420w, https:\/\/blogi.ennola.fi\/wp-content\/uploads\/2013\/11\/IMG_1101-1-150x113.jpg 150w\" sizes=\"(max-width: 420px) 100vw, 420px\" \/><\/a><\/p>\n<p>Lakj\u00e4rvelt\u00e4 alkoi varsin tyls\u00e4 yhdyspolku kohti Pirunkirkon patikkaa. Polku oli viitoitettu mets\u00e4autotielle, joka halkoi laajoja hakkuuakkoja. Takalevon kirkko onneksi tarjosi mielenkiintoista n\u00e4ht\u00e4v\u00e4\u00e4 matkan varrelta. Pirunkirkon patikka p\u00e4iv\u00e4n lopussa taas tarjosi mielenkiintoisampia n\u00e4k\u00f6aloja. Valitettavasti pitk\u00e4t tieosuudet olivat kipeytt\u00e4neet jalkani uudestaan ja pimeys alkoi painaa p\u00e4\u00e4lle, joten hieman kiireell\u00e4 jouduin painamaan, jotta olisin ehtinyt ennen pime\u00e4n tuloa Luolakalliolle, jossa oli p\u00e4\u00e4tt\u00e4nyt viett\u00e4\u00e4 seuraavan y\u00f6n. Illalla asetuinkin nukkumaan varsin oivalliseen Luolakallion kivenkoloon.<\/p>\n<p><a href=\"https:\/\/blogi.ennola.fi\/wp-content\/uploads\/2013\/11\/IMG_1113.jpg\" rel=\"lightbox[932]\"><img loading=\"lazy\" decoding=\"async\" class=\"aligncenter wp-image-973 size-full\" src=\"https:\/\/blogi.ennola.fi\/wp-content\/uploads\/2013\/11\/IMG_1113-1.jpg\" alt=\"\" width=\"420\" height=\"315\" srcset=\"https:\/\/blogi.ennola.fi\/wp-content\/uploads\/2013\/11\/IMG_1113-1.jpg 420w, https:\/\/blogi.ennola.fi\/wp-content\/uploads\/2013\/11\/IMG_1113-1-150x113.jpg 150w\" sizes=\"(max-width: 420px) 100vw, 420px\" \/><\/a><\/p>\n<div id=\"attachment_957\" style=\"width: 490px\" class=\"wp-caption aligncenter\"><a href=\"https:\/\/blogi.ennola.fi\/wp-content\/uploads\/2013\/11\/Ultra_Panorama3.jpg\" rel=\"lightbox[932]\"><img loading=\"lazy\" decoding=\"async\" aria-describedby=\"caption-attachment-957\" class=\"wp-image-957 size-full\" title=\"Luolakallion kallionkolo.\" src=\"https:\/\/blogi.ennola.fi\/wp-content\/uploads\/2013\/11\/Ultra_Panorama3-1.jpg\" alt=\"\" width=\"480\" height=\"171\" srcset=\"https:\/\/blogi.ennola.fi\/wp-content\/uploads\/2013\/11\/Ultra_Panorama3-1.jpg 480w, https:\/\/blogi.ennola.fi\/wp-content\/uploads\/2013\/11\/Ultra_Panorama3-1-150x53.jpg 150w\" sizes=\"(max-width: 480px) 100vw, 480px\" \/><\/a><p id=\"caption-attachment-957\" class=\"wp-caption-text\">Luolakallion kallionkolo.<\/p><\/div>\n<p>Koko reitin kiert\u00e4minen t\u00e4ll\u00e4 aikataululla ei ollut mahdollista, joten p\u00e4\u00e4tin Luolakalliolta l\u00e4hte\u00e4 palaamaan takaisin kohti Raisiota. Alkumatkasta l\u00e4hdin seuraamaan vahingossa karttaani piirt\u00e4m\u00e4t\u00f6nt\u00e4 vanhaa reitti\u00e4 ja tein pienen ylim\u00e4\u00e4r\u00e4isen lenkin, mutta ilman suurempia kommelluksia tai yll\u00e4tyksi\u00e4 p\u00e4\u00e4sin palaamaan Lakj\u00e4rven nuotiopaikalle. Aika ei ollut kyps\u00e4 lounaalle, vaan p\u00e4\u00e4tin jatkaa Pukkipalon l\u00e4pi aina Asolammelle saakka lounasta viett\u00e4m\u00e4\u00e4n. Tarkoitukseni oli nyt palatessa pyrki\u00e4 kiert\u00e4m\u00e4\u00e4n kaikki lenkin eri reitti\u00e4, joten jatkoin nyt Vajosuon lenkin kiert\u00e4mist\u00e4 vastap\u00e4iv\u00e4\u00e4n. T\u00e4\u00e4ll\u00e4 vastaani tuli pari vaeltajaa, jotka olivat pys\u00e4htyneet pellon reunalle keittelem\u00e4\u00e4n ruokia. Matkaa jatkoin viel\u00e4 Kangenmiekan pohjoispuolella olevalle laavupaikalle, joka oli l\u00e4hell\u00e4 paikkaa, jossa olen paljon retkeillyt oppilaitteni kanssa.<\/p>\n<div id=\"attachment_955\" style=\"width: 490px\" class=\"wp-caption aligncenter\"><a href=\"https:\/\/blogi.ennola.fi\/wp-content\/uploads\/2013\/11\/Ultra_Panorama5.jpg\" rel=\"lightbox[932]\"><img loading=\"lazy\" decoding=\"async\" aria-describedby=\"caption-attachment-955\" class=\"wp-image-955 size-full\" title=\"Asolampi ruokatauolla.\" src=\"https:\/\/blogi.ennola.fi\/wp-content\/uploads\/2013\/11\/Ultra_Panorama5-1.jpg\" alt=\"\" width=\"480\" height=\"139\" srcset=\"https:\/\/blogi.ennola.fi\/wp-content\/uploads\/2013\/11\/Ultra_Panorama5-1.jpg 480w, https:\/\/blogi.ennola.fi\/wp-content\/uploads\/2013\/11\/Ultra_Panorama5-1-150x43.jpg 150w\" sizes=\"(max-width: 480px) 100vw, 480px\" \/><\/a><p id=\"caption-attachment-955\" class=\"wp-caption-text\">Asolampi ruokatauolla.<\/p><\/div>\n<p><a href=\"https:\/\/blogi.ennola.fi\/wp-content\/uploads\/2013\/11\/Ultra_Panorama12.jpg\" rel=\"lightbox[932]\"><img loading=\"lazy\" decoding=\"async\" class=\"aligncenter wp-image-965 size-full\" src=\"https:\/\/blogi.ennola.fi\/wp-content\/uploads\/2013\/11\/Ultra_Panorama12-1.jpg\" alt=\"\" width=\"480\" height=\"101\" srcset=\"https:\/\/blogi.ennola.fi\/wp-content\/uploads\/2013\/11\/Ultra_Panorama12-1.jpg 480w, https:\/\/blogi.ennola.fi\/wp-content\/uploads\/2013\/11\/Ultra_Panorama12-1-150x32.jpg 150w\" sizes=\"(max-width: 480px) 100vw, 480px\" \/><\/a><\/p>\n<div id=\"attachment_971\" style=\"width: 310px\" class=\"wp-caption aligncenter\"><a href=\"https:\/\/blogi.ennola.fi\/wp-content\/uploads\/2013\/11\/IMG_1176.jpg\" rel=\"lightbox[932]\"><img loading=\"lazy\" decoding=\"async\" aria-describedby=\"caption-attachment-971\" class=\"wp-image-971 size-full\" title=\"Reitin viitoitusta, uutta ja vanhaa rinnakkain.\" src=\"https:\/\/blogi.ennola.fi\/wp-content\/uploads\/2013\/11\/IMG_1176-1.jpg\" alt=\"\" width=\"300\" height=\"400\" srcset=\"https:\/\/blogi.ennola.fi\/wp-content\/uploads\/2013\/11\/IMG_1176-1.jpg 300w, https:\/\/blogi.ennola.fi\/wp-content\/uploads\/2013\/11\/IMG_1176-1-113x150.jpg 113w\" sizes=\"(max-width: 300px) 100vw, 300px\" \/><\/a><p id=\"caption-attachment-971\" class=\"wp-caption-text\">Reitin viitoitusta, uutta ja vanhaa rinnakkain.<\/p><\/div>\n<p>Viimeisen\u00e4 p\u00e4iv\u00e4n\u00e4 s\u00e4\u00e4 muuttui pilviseksi, mik\u00e4 hieman v\u00e4hensi intoa valokuvata. Palasin polkua seuraillen kohti Raisiota. Rehtsuo tuli sen verta aikaisin vastaan, ett\u00e4 p\u00e4\u00e4tin jatkaa viel\u00e4, ennen lounasta eteenp\u00e4in. T\u00e4m\u00e4 olikin pieni virhe, koska kelvollista vesipaikkaa ei meinannut mill\u00e4\u00e4n l\u00f6yty\u00e4. Lopulta l\u00f6ysin pienen sadevesilammikon kallion p\u00e4\u00e4lt\u00e4, josta pystyin lappoamaan mukin kanssa kattilallisen vett\u00e4. Maskun kohdalla kiersin Karevanrahkan kautta Raisioon. Kun sitten reitti lopulta vei Raision ABC-aseman ohi, tiesin retken olevan auttamatta ohitse. J\u00e4ljell\u00e4 olivat en\u00e4\u00e4 viimeiset tutut kilometrit kotiin.<\/p>\n<div id=\"attachment_972\" style=\"width: 430px\" class=\"wp-caption aligncenter\"><a href=\"https:\/\/blogi.ennola.fi\/wp-content\/uploads\/2013\/11\/IMG_1193.jpg\" rel=\"lightbox[932]\"><img loading=\"lazy\" decoding=\"async\" aria-describedby=\"caption-attachment-972\" class=\"wp-image-972 size-full\" title=\"Mets\u00e4keskus oli tehnyt reitille pari kilometri\u00e4 helvetillist\u00e4 rakkakivikkoa.\" src=\"https:\/\/blogi.ennola.fi\/wp-content\/uploads\/2013\/11\/IMG_1193-1.jpg\" alt=\"\" width=\"420\" height=\"315\" srcset=\"https:\/\/blogi.ennola.fi\/wp-content\/uploads\/2013\/11\/IMG_1193-1.jpg 420w, https:\/\/blogi.ennola.fi\/wp-content\/uploads\/2013\/11\/IMG_1193-1-150x113.jpg 150w\" sizes=\"(max-width: 420px) 100vw, 420px\" \/><\/a><p id=\"caption-attachment-972\" class=\"wp-caption-text\">Mets\u00e4keskus oli tehnyt reitille pari kilometri\u00e4 helvetillist\u00e4 rakkakivikkoa.<\/p><\/div>\n<p><a href=\"https:\/\/blogi.ennola.fi\/wp-content\/uploads\/2013\/11\/IMG_1195.jpg\" rel=\"lightbox[932]\"><img loading=\"lazy\" decoding=\"async\" class=\"aligncenter wp-image-970 size-full\" src=\"https:\/\/blogi.ennola.fi\/wp-content\/uploads\/2013\/11\/IMG_1195-1.jpg\" alt=\"\" width=\"300\" height=\"400\" srcset=\"https:\/\/blogi.ennola.fi\/wp-content\/uploads\/2013\/11\/IMG_1195-1.jpg 300w, https:\/\/blogi.ennola.fi\/wp-content\/uploads\/2013\/11\/IMG_1195-1-113x150.jpg 113w\" sizes=\"(max-width: 300px) 100vw, 300px\" \/><\/a><\/p>\n<div id=\"attachment_974\" style=\"width: 430px\" class=\"wp-caption aligncenter\"><a href=\"https:\/\/blogi.ennola.fi\/wp-content\/uploads\/2013\/11\/IMG_1201.jpg\" rel=\"lightbox[932]\"><img loading=\"lazy\" decoding=\"async\" aria-describedby=\"caption-attachment-974\" class=\"wp-image-974 size-full\" title=\"Kotikaupungin raja.\" src=\"https:\/\/blogi.ennola.fi\/wp-content\/uploads\/2013\/11\/IMG_1201-1.jpg\" alt=\"\" width=\"420\" height=\"315\" srcset=\"https:\/\/blogi.ennola.fi\/wp-content\/uploads\/2013\/11\/IMG_1201-1.jpg 420w, https:\/\/blogi.ennola.fi\/wp-content\/uploads\/2013\/11\/IMG_1201-1-150x113.jpg 150w\" sizes=\"(max-width: 420px) 100vw, 420px\" \/><\/a><p id=\"caption-attachment-974\" class=\"wp-caption-text\">Kotikaupungin raja.<\/p><\/div>\n<div id=\"attachment_960\" style=\"width: 490px\" class=\"wp-caption aligncenter\"><a href=\"https:\/\/blogi.ennola.fi\/wp-content\/uploads\/2013\/11\/Ultra_Panorama7.jpg\" rel=\"lightbox[932]\"><img loading=\"lazy\" decoding=\"async\" aria-describedby=\"caption-attachment-960\" class=\"wp-image-960 size-full\" title=\"T\u00e4ss\u00e4 tajusin retken auttamatta olevan jo ohi.\" src=\"https:\/\/blogi.ennola.fi\/wp-content\/uploads\/2013\/11\/Ultra_Panorama7-1.jpg\" alt=\"\" width=\"480\" height=\"146\" srcset=\"https:\/\/blogi.ennola.fi\/wp-content\/uploads\/2013\/11\/Ultra_Panorama7-1.jpg 480w, https:\/\/blogi.ennola.fi\/wp-content\/uploads\/2013\/11\/Ultra_Panorama7-1-150x46.jpg 150w\" sizes=\"(max-width: 480px) 100vw, 480px\" \/><\/a><p id=\"caption-attachment-960\" class=\"wp-caption-text\">T\u00e4ss\u00e4 tajusin retken auttamatta olevan jo ohi.<\/p><\/div>\n<p>Matkaa nelj\u00e4lle p\u00e4iv\u00e4lle kertyi lopulta 140 kilometri\u00e4. Ensimm\u00e4isen\u00e4 p\u00e4iv\u00e4n taitoin taivalta n. 40 kilsaa ja seuraavana n. 30 kilsaa, joten loppup\u00e4ivien matkaksi muodostui n. 35 kilometri\u00e4. Vajosuon lenkki oli ehdottomasti vaelluksen kaunein osuus. My\u00f6s vaellus Raisiosta Vajosuolle oli mielest\u00e4ni kivasti toteutettu. Reitti oli suurelta osin pieni\u00e4 polkuja alueen suurimpien mets\u00e4- ja suoalueiden keskell\u00e4. Teit\u00e4 ei juurikaan ollut enemp\u00e4\u00e4 kuin oli pakollista asuttujen peltoaukeiden sivuuttamiseksi. Sen sijaan pohjoisemmat yhdyspolut, jotka oli viitoitettu mets\u00e4autoteit\u00e4 pitkin, olivat tylsi\u00e4 maisemallisesti ja turhan pitki\u00e4. Olisi hyv\u00e4, jos niit\u00e4 enempi saataisiin viitoitettua metsiin, vaikka ne olisivatkin hoitometsi\u00e4.<\/p>\n","protected":false},"excerpt":{"rendered":"<p>Olen jo pitk\u00e4\u00e4n miettinyt Kuhankuonon retkeilyreitist\u00f6n k\u00e4velemist\u00e4 l\u00e4pi. Reitist\u00f6 kulkee vain muutaman sadan metrin p\u00e4\u00e4st\u00e4 kotioveltani, joten sille l\u00e4hteminen olisi helppoa suoraan kotoa. Viime syyslomalla p\u00e4\u00e4tin vihdoin toteuttaa&#8230;<\/p>\n","protected":false},"author":1,"featured_media":944,"comment_status":"open","ping_status":"open","sticky":false,"template":"","format":"standard","meta":{"footnotes":""},"categories":[25,4,3],"tags":[],"_links":{"self":[{"href":"https:\/\/blogi.ennola.fi\/index.php?rest_route=\/wp\/v2\/posts\/932"}],"collection":[{"href":"https:\/\/blogi.ennola.fi\/index.php?rest_route=\/wp\/v2\/posts"}],"about":[{"href":"https:\/\/blogi.ennola.fi\/index.php?rest_route=\/wp\/v2\/types\/post"}],"author":[{"embeddable":true,"href":"https:\/\/blogi.ennola.fi\/index.php?rest_route=\/wp\/v2\/users\/1"}],"replies":[{"embeddable":true,"href":"https:\/\/blogi.ennola.fi\/index.php?rest_route=%2Fwp%2Fv2%2Fcomments&post=932"}],"version-history":[{"count":6,"href":"https:\/\/blogi.ennola.fi\/index.php?rest_route=\/wp\/v2\/posts\/932\/revisions"}],"predecessor-version":[{"id":5062,"href":"https:\/\/blogi.ennola.fi\/index.php?rest_route=\/wp\/v2\/posts\/932\/revisions\/5062"}],"wp:featuredmedia":[{"embeddable":true,"href":"https:\/\/blogi.ennola.fi\/index.php?rest_route=\/wp\/v2\/media\/944"}],"wp:attachment":[{"href":"https:\/\/blogi.ennola.fi\/index.php?rest_route=%2Fwp%2Fv2%2Fmedia&parent=932"}],"wp:term":[{"taxonomy":"category","embeddable":true,"href":"https:\/\/blogi.ennola.fi\/index.php?rest_route=%2Fwp%2Fv2%2Fcategories&post=932"},{"taxonomy":"post_tag","embeddable":true,"href":"https:\/\/blogi.ennola.fi\/index.php?rest_route=%2Fwp%2Fv2%2Ftags&post=932"}],"curies":[{"name":"wp","href":"https:\/\/api.w.org\/{rel}","templated":true}]}}