{"id":9365,"date":"2023-10-30T19:11:17","date_gmt":"2023-10-30T17:11:17","guid":{"rendered":"https:\/\/blogi.ennola.fi\/?p=9365"},"modified":"2023-11-12T15:16:31","modified_gmt":"2023-11-12T13:16:31","slug":"ilmapalloilijan-jaljilla","status":"publish","type":"post","link":"https:\/\/blogi.ennola.fi\/?p=9365","title":{"rendered":"Ilmapalloilijan j\u00e4ljill\u00e4"},"content":{"rendered":"<p>Ilmapalloilija Salomon August Andr\u00e9e <a href=\"https:\/\/www.hs.fi\/extra\/kulttuuri2016\/art-2000002884365.html\" target=\"_blank\" rel=\"noopener noreferrer\">haaksirikkoutui pienelle Ask\u00f6renin luodolle<\/a> Korppooseen 19.10.1893. H\u00e4n oli esiintynyt vetypallollaan ilmailun\u00e4yt\u00f6ksess\u00e4 Tukholmassa tarkoituksenaan lent\u00e4\u00e4 sis\u00e4maahan, mutta tuulet veiv\u00e4tkin h\u00e4net Ahvenanmerelle. Illalla h\u00e4n saavutti Saaristomeren ja pallo oli alkanut vajota. L\u00e4heisen Brunsk\u00e4rin asukkaat h\u00e4n pel\u00e4stytti lent\u00e4ess\u00e4\u00e4n hyvin matalalta saaren ohi.<\/p>\n<p>Seuraavana aamuna Brunsk\u00e4rin asukkaat n\u00e4kiv\u00e4t jonkun heiluttavan h\u00e4t\u00e4lippua luodolla ja k\u00e4viv\u00e4t pelastamassa saarelta itsens\u00e4 satuttaneen ja litim\u00e4r\u00e4n miehen. Andr\u00e9en matkaa voidaan pit\u00e4\u00e4 ep\u00e4onnisena, mutta historian kirjoihin se on j\u00e4\u00e4nyt ensimm\u00e4isen\u00e4 meren yli suuntautuneena ilmapallolentona. My\u00f6hemmin h\u00e4nen ker\u00e4tess\u00e4\u00e4n rahoitusta Pohjoisnavan lennolle, toimi t\u00e4m\u00e4 matka meriittin\u00e4 vaativasta ilmapallomatkasta.<\/p>\n<p>Nelj\u00e4 vuotta my\u00f6hemmin Andr\u00e9e p\u00e4\u00e4si Pohjoisnavan retkelleen. Pallo ker\u00e4si itseens\u00e4 lumikuormaa ja haaksirikkoutui 82\u00b0 55&#8242; leveysasteelle. Siell\u00e4 heill\u00e4 alkoi vaativa paluu hiiht\u00e4en ja kelkkoja vet\u00e4en kohti Frans Josefin maata. J\u00e4\u00e4t kuljettivat heit\u00e4 kuitenkin kohti Huippuvuoria ja he p\u00e4\u00e4tyiv\u00e4t Valkosaarelle, mist\u00e4 heid\u00e4n j\u00e4\u00e4nteens\u00e4 l\u00f6ydettiin 1930.<\/p>\n<div id=\"attachment_9375\" style=\"width: 460px\" class=\"wp-caption aligncenter\"><a href=\"https:\/\/blogi.ennola.fi\/wp-content\/uploads\/2023\/11\/IMG_9677b.jpg\" rel=\"lightbox[9365]\"><img loading=\"lazy\" decoding=\"async\" aria-describedby=\"caption-attachment-9375\" class=\"wp-image-9375 size-full\" title=\"Salomon August Andr\u00e9en muistomerkki.\" src=\"https:\/\/blogi.ennola.fi\/wp-content\/uploads\/2023\/11\/IMG_9677b-1.jpg\" alt=\"\" width=\"450\" height=\"300\" srcset=\"https:\/\/blogi.ennola.fi\/wp-content\/uploads\/2023\/11\/IMG_9677b-1.jpg 450w, https:\/\/blogi.ennola.fi\/wp-content\/uploads\/2023\/11\/IMG_9677b-1-150x100.jpg 150w\" sizes=\"(max-width: 450px) 100vw, 450px\" \/><\/a><p id=\"caption-attachment-9375\" class=\"wp-caption-text\">Salomon August Andr\u00e9en muistomerkki.<\/p><\/div>\n<div class=\"mceTemp\"><\/div>\n<div id=\"attachment_9381\" style=\"width: 460px\" class=\"wp-caption aligncenter\"><a href=\"https:\/\/blogi.ennola.fi\/wp-content\/uploads\/2023\/11\/DSCI1982.jpg\" rel=\"lightbox[9365]\"><img loading=\"lazy\" decoding=\"async\" aria-describedby=\"caption-attachment-9381\" class=\"wp-image-9381 size-full\" title=\"Kylm\u00e4melontaa.\" src=\"https:\/\/blogi.ennola.fi\/wp-content\/uploads\/2023\/11\/DSCI1982-1.jpg\" alt=\"\" width=\"450\" height=\"311\" srcset=\"https:\/\/blogi.ennola.fi\/wp-content\/uploads\/2023\/11\/DSCI1982-1.jpg 450w, https:\/\/blogi.ennola.fi\/wp-content\/uploads\/2023\/11\/DSCI1982-1-150x104.jpg 150w\" sizes=\"(max-width: 450px) 100vw, 450px\" \/><\/a><p id=\"caption-attachment-9381\" class=\"wp-caption-text\">Kylm\u00e4melontaa.<\/p><\/div>\n<div id=\"attachment_9374\" style=\"width: 460px\" class=\"wp-caption aligncenter\"><a href=\"https:\/\/blogi.ennola.fi\/wp-content\/uploads\/2023\/11\/DSCI1986.jpg\" rel=\"lightbox[9365]\"><img loading=\"lazy\" decoding=\"async\" aria-describedby=\"caption-attachment-9374\" class=\"wp-image-9374 size-full\" title=\"Kylm\u00e4melontaa.\" src=\"https:\/\/blogi.ennola.fi\/wp-content\/uploads\/2023\/11\/DSCI1986-1.jpg\" alt=\"\" width=\"450\" height=\"303\" srcset=\"https:\/\/blogi.ennola.fi\/wp-content\/uploads\/2023\/11\/DSCI1986-1.jpg 450w, https:\/\/blogi.ennola.fi\/wp-content\/uploads\/2023\/11\/DSCI1986-1-150x101.jpg 150w\" sizes=\"(max-width: 450px) 100vw, 450px\" \/><\/a><p id=\"caption-attachment-9374\" class=\"wp-caption-text\">Kylm\u00e4melontaa.<\/p><\/div>\n<p>Melko tarkkaan 130 vuotta my\u00f6hemmin p\u00e4\u00e4timme poiketa tuolle pienelle Ask\u00f6renin luodolle. Luoto oli sopiva m\u00e4\u00e4r\u00e4np\u00e4\u00e4 lokakuun viimeisen viikonlopun pienelle melontaretkellemme. L\u00e4ht\u00f6paikkana toimi Korpostr\u00f6m ja y\u00f6t\u00e4 olimme Konungssk\u00e4rin autiotuvan pihassa.<\/p>\n<p>Viikonlopun s\u00e4\u00e4 oli jo varsin syksyinen. Aamu y\u00f6ll\u00e4 oli kirkas kuutamo ja auringon noustessa taivas oli pilvet\u00f6n. Muuten s\u00e4\u00e4 oli varsin pilvinen ja viile\u00e4. Y\u00f6ll\u00e4 pakkasta oli reilusti ja kalliolammikot olivat aamulla j\u00e4\u00e4ss\u00e4. Tuuli pysyi koko viikonlopun maltillisena.<\/p>\n<p>Syksyinen luonto oli jo aika hiljainen. Merell\u00e4 n\u00e4kyi niit\u00e4 tavallisia lintuja: merikotkia, kyhmyjoutsenia, sinisorsia, telkki\u00e4, isokoskeloita ja alli. Jollain luodolla oli my\u00f6h\u00e4inen v\u00e4st\u00e4r\u00e4kkiparvi. Variksia oli muuttamassa etel\u00e4\u00e4n. K\u00e4pytikat ker\u00e4iliv\u00e4t vararavintoa saaressa.<\/p>\n<div id=\"attachment_9377\" style=\"width: 490px\" class=\"wp-caption aligncenter\"><a href=\"https:\/\/blogi.ennola.fi\/wp-content\/uploads\/2023\/11\/Konun_Panorama72.jpg\" rel=\"lightbox[9365]\"><img loading=\"lazy\" decoding=\"async\" aria-describedby=\"caption-attachment-9377\" class=\"wp-image-9377 size-full\" title=\"Kuunlasku, Konungssk\u00e4r.\" src=\"https:\/\/blogi.ennola.fi\/wp-content\/uploads\/2023\/11\/Konun_Panorama72-1.jpg\" alt=\"\" width=\"480\" height=\"108\" srcset=\"https:\/\/blogi.ennola.fi\/wp-content\/uploads\/2023\/11\/Konun_Panorama72-1.jpg 480w, https:\/\/blogi.ennola.fi\/wp-content\/uploads\/2023\/11\/Konun_Panorama72-1-150x34.jpg 150w\" sizes=\"(max-width: 480px) 100vw, 480px\" \/><\/a><p id=\"caption-attachment-9377\" class=\"wp-caption-text\">Kuunlasku, Konungssk\u00e4r.<\/p><\/div>\n<div id=\"attachment_9379\" style=\"width: 490px\" class=\"wp-caption aligncenter\"><a href=\"https:\/\/blogi.ennola.fi\/wp-content\/uploads\/2023\/11\/Konun_Panorama71.jpg\" rel=\"lightbox[9365]\"><img loading=\"lazy\" decoding=\"async\" aria-describedby=\"caption-attachment-9379\" class=\"wp-image-9379 size-full\" title=\"Konungssk\u00e4r.\" src=\"https:\/\/blogi.ennola.fi\/wp-content\/uploads\/2023\/11\/Konun_Panorama71-1.jpg\" alt=\"\" width=\"480\" height=\"153\" srcset=\"https:\/\/blogi.ennola.fi\/wp-content\/uploads\/2023\/11\/Konun_Panorama71-1.jpg 480w, https:\/\/blogi.ennola.fi\/wp-content\/uploads\/2023\/11\/Konun_Panorama71-1-150x48.jpg 150w\" sizes=\"(max-width: 480px) 100vw, 480px\" \/><\/a><p id=\"caption-attachment-9379\" class=\"wp-caption-text\">Konungssk\u00e4r.<\/p><\/div>\n<div id=\"attachment_9378\" style=\"width: 490px\" class=\"wp-caption aligncenter\"><a href=\"https:\/\/blogi.ennola.fi\/wp-content\/uploads\/2023\/11\/Konun_Panorama74.jpg\" rel=\"lightbox[9365]\"><img loading=\"lazy\" decoding=\"async\" aria-describedby=\"caption-attachment-9378\" class=\"wp-image-9378 size-full\" title=\"Auringonnousu ja kuunlasku, Konungssk\u00e4r.\" src=\"https:\/\/blogi.ennola.fi\/wp-content\/uploads\/2023\/11\/Konun_Panorama74-1.jpg\" alt=\"\" width=\"480\" height=\"132\" srcset=\"https:\/\/blogi.ennola.fi\/wp-content\/uploads\/2023\/11\/Konun_Panorama74-1.jpg 480w, https:\/\/blogi.ennola.fi\/wp-content\/uploads\/2023\/11\/Konun_Panorama74-1-150x41.jpg 150w\" sizes=\"(max-width: 480px) 100vw, 480px\" \/><\/a><p id=\"caption-attachment-9378\" class=\"wp-caption-text\">Auringonnousu ja kuunlasku, Konungssk\u00e4r.<\/p><\/div>\n<div id=\"attachment_9380\" style=\"width: 490px\" class=\"wp-caption aligncenter\"><a href=\"https:\/\/blogi.ennola.fi\/wp-content\/uploads\/2023\/11\/Konun_Panorama73.jpg\" rel=\"lightbox[9365]\"><img loading=\"lazy\" decoding=\"async\" aria-describedby=\"caption-attachment-9380\" class=\"wp-image-9380 size-full\" title=\"Konungssk\u00e4r.\" src=\"https:\/\/blogi.ennola.fi\/wp-content\/uploads\/2023\/11\/Konun_Panorama73-1.jpg\" alt=\"\" width=\"480\" height=\"232\" srcset=\"https:\/\/blogi.ennola.fi\/wp-content\/uploads\/2023\/11\/Konun_Panorama73-1.jpg 480w, https:\/\/blogi.ennola.fi\/wp-content\/uploads\/2023\/11\/Konun_Panorama73-1-150x73.jpg 150w\" sizes=\"(max-width: 480px) 100vw, 480px\" \/><\/a><p id=\"caption-attachment-9380\" class=\"wp-caption-text\">Konungssk\u00e4r.<\/p><\/div>\n<div id=\"attachment_9376\" style=\"width: 290px\" class=\"wp-caption aligncenter\"><a href=\"https:\/\/blogi.ennola.fi\/wp-content\/uploads\/2023\/11\/IMG_9727.jpg\" rel=\"lightbox[9365]\"><img loading=\"lazy\" decoding=\"async\" aria-describedby=\"caption-attachment-9376\" class=\"wp-image-9376 size-full\" title=\"Koirilta kielletty saari?\" src=\"https:\/\/blogi.ennola.fi\/wp-content\/uploads\/2023\/11\/IMG_9727-1.jpg\" alt=\"\" width=\"280\" height=\"420\" srcset=\"https:\/\/blogi.ennola.fi\/wp-content\/uploads\/2023\/11\/IMG_9727-1.jpg 280w, https:\/\/blogi.ennola.fi\/wp-content\/uploads\/2023\/11\/IMG_9727-1-267x400.jpg 267w, https:\/\/blogi.ennola.fi\/wp-content\/uploads\/2023\/11\/IMG_9727-1-100x150.jpg 100w\" sizes=\"(max-width: 280px) 100vw, 280px\" \/><\/a><p id=\"caption-attachment-9376\" class=\"wp-caption-text\">Koirilta kielletty saari?<\/p><\/div>\n<p>Varsin mukava, lyhyt retki yst\u00e4vien seurassa. Pitk\u00e4 ja pime\u00e4 y\u00f6, melontaa viile\u00e4ss\u00e4 vedess\u00e4, lintujen tarkkailua ja hyv\u00e4\u00e4 ruokaa. Niin ja Afrikan T\u00e4hti, miss\u00e4 onni ei minulle ollut my\u00f6t\u00e4inen.<\/p>\n","protected":false},"excerpt":{"rendered":"<p>Ilmapalloilija Salomon August Andr\u00e9e haaksirikkoutui pienelle Ask\u00f6renin luodolle Korppooseen 19.10.1893. H\u00e4n oli esiintynyt vetypallollaan ilmailun\u00e4yt\u00f6ksess\u00e4 Tukholmassa tarkoituksenaan lent\u00e4\u00e4 sis\u00e4maahan, mutta tuulet veiv\u00e4tkin h\u00e4net Ahvenanmerelle. Illalla h\u00e4n saavutti Saaristomeren&#8230;<\/p>\n","protected":false},"author":1,"featured_media":9382,"comment_status":"open","ping_status":"open","sticky":false,"template":"","format":"standard","meta":{"footnotes":""},"categories":[4,8],"tags":[],"_links":{"self":[{"href":"https:\/\/blogi.ennola.fi\/index.php?rest_route=\/wp\/v2\/posts\/9365"}],"collection":[{"href":"https:\/\/blogi.ennola.fi\/index.php?rest_route=\/wp\/v2\/posts"}],"about":[{"href":"https:\/\/blogi.ennola.fi\/index.php?rest_route=\/wp\/v2\/types\/post"}],"author":[{"embeddable":true,"href":"https:\/\/blogi.ennola.fi\/index.php?rest_route=\/wp\/v2\/users\/1"}],"replies":[{"embeddable":true,"href":"https:\/\/blogi.ennola.fi\/index.php?rest_route=%2Fwp%2Fv2%2Fcomments&post=9365"}],"version-history":[{"count":9,"href":"https:\/\/blogi.ennola.fi\/index.php?rest_route=\/wp\/v2\/posts\/9365\/revisions"}],"predecessor-version":[{"id":9406,"href":"https:\/\/blogi.ennola.fi\/index.php?rest_route=\/wp\/v2\/posts\/9365\/revisions\/9406"}],"wp:featuredmedia":[{"embeddable":true,"href":"https:\/\/blogi.ennola.fi\/index.php?rest_route=\/wp\/v2\/media\/9382"}],"wp:attachment":[{"href":"https:\/\/blogi.ennola.fi\/index.php?rest_route=%2Fwp%2Fv2%2Fmedia&parent=9365"}],"wp:term":[{"taxonomy":"category","embeddable":true,"href":"https:\/\/blogi.ennola.fi\/index.php?rest_route=%2Fwp%2Fv2%2Fcategories&post=9365"},{"taxonomy":"post_tag","embeddable":true,"href":"https:\/\/blogi.ennola.fi\/index.php?rest_route=%2Fwp%2Fv2%2Ftags&post=9365"}],"curies":[{"name":"wp","href":"https:\/\/api.w.org\/{rel}","templated":true}]}}