{"id":9408,"date":"2023-11-26T20:21:41","date_gmt":"2023-11-26T18:21:41","guid":{"rendered":"https:\/\/blogi.ennola.fi\/?p=9408"},"modified":"2023-12-26T20:23:15","modified_gmt":"2023-12-26T18:23:15","slug":"uto","status":"publish","type":"post","link":"https:\/\/blogi.ennola.fi\/?p=9408","title":{"rendered":"Ut\u00f6"},"content":{"rendered":"<p>Teimme Pippurin kanssa kahden y\u00f6n retken Ut\u00f6seen. Olin muutaman kerran aiemmin poikennut lyhyesti Ut\u00f6ss\u00e4 matkalla Jurmoon, kun lautta menomatkalla ei poikennut Jurmossa. T\u00e4m\u00e4 oli ensimm\u00e4inen pidempi retkeni, jolla oli aikaa tutustua saareen kunnolla.<\/p>\n<div id=\"attachment_9428\" style=\"width: 490px\" class=\"wp-caption aligncenter\"><a href=\"https:\/\/blogi.ennola.fi\/wp-content\/uploads\/2023\/12\/Uto_Panorama8.jpg\" rel=\"lightbox[9408]\"><img loading=\"lazy\" decoding=\"async\" aria-describedby=\"caption-attachment-9428\" class=\"wp-image-9428 size-full\" title=\"Ut\u00f6n kyl\u00e4n ranta.\" src=\"https:\/\/blogi.ennola.fi\/wp-content\/uploads\/2023\/12\/Uto_Panorama8-1.jpg\" alt=\"\" width=\"480\" height=\"142\" srcset=\"https:\/\/blogi.ennola.fi\/wp-content\/uploads\/2023\/12\/Uto_Panorama8-1.jpg 480w, https:\/\/blogi.ennola.fi\/wp-content\/uploads\/2023\/12\/Uto_Panorama8-1-150x44.jpg 150w\" sizes=\"(max-width: 480px) 100vw, 480px\" \/><\/a><p id=\"caption-attachment-9428\" class=\"wp-caption-text\">Ut\u00f6n kyl\u00e4n ranta.<\/p><\/div>\n<div id=\"attachment_9427\" style=\"width: 490px\" class=\"wp-caption aligncenter\"><a href=\"https:\/\/blogi.ennola.fi\/wp-content\/uploads\/2023\/12\/Uto_Panorama7.jpg\" rel=\"lightbox[9408]\"><img loading=\"lazy\" decoding=\"async\" aria-describedby=\"caption-attachment-9427\" class=\"wp-image-9427 size-full\" title=\"Majakalta.\" src=\"https:\/\/blogi.ennola.fi\/wp-content\/uploads\/2023\/12\/Uto_Panorama7-1.jpg\" alt=\"\" width=\"480\" height=\"115\" srcset=\"https:\/\/blogi.ennola.fi\/wp-content\/uploads\/2023\/12\/Uto_Panorama7-1.jpg 480w, https:\/\/blogi.ennola.fi\/wp-content\/uploads\/2023\/12\/Uto_Panorama7-1-150x36.jpg 150w\" sizes=\"(max-width: 480px) 100vw, 480px\" \/><\/a><p id=\"caption-attachment-9427\" class=\"wp-caption-text\">Majakalta.<\/p><\/div>\n<p>Alun perin tarkoitukseni oli palata Jurmon ja Berghamnin kautta takaisin, mutta Pippuri v\u00e4s\u00e4hti ensimm\u00e4isen\u00e4 p\u00e4iv\u00e4n\u00e4 saarenymp\u00e4rik\u00e4velyyn ja j\u00e4i seuraavana p\u00e4iv\u00e4n\u00e4 telttaan makaamaan. Ajattelin, ett\u00e4 sill\u00e4 olisi tyls\u00e4\u00e4 nukkua makuupussissa, minun retkeilless\u00e4 saaressa, joten palasimme kotiin suoraan Ut\u00f6st\u00e4. Koiraparka taitaa tulla vanhaksi.<\/p>\n<div class=\"mceTemp\"><\/div>\n<div id=\"attachment_9426\" style=\"width: 490px\" class=\"wp-caption aligncenter\"><a href=\"https:\/\/blogi.ennola.fi\/wp-content\/uploads\/2023\/12\/Uto_Panorama9.jpg\" rel=\"lightbox[9408]\"><img loading=\"lazy\" decoding=\"async\" aria-describedby=\"caption-attachment-9426\" class=\"wp-image-9426 size-full\" title=\"Kesn\u00e4s.\" src=\"https:\/\/blogi.ennola.fi\/wp-content\/uploads\/2023\/12\/Uto_Panorama9-1.jpg\" alt=\"\" width=\"480\" height=\"126\" srcset=\"https:\/\/blogi.ennola.fi\/wp-content\/uploads\/2023\/12\/Uto_Panorama9-1.jpg 480w, https:\/\/blogi.ennola.fi\/wp-content\/uploads\/2023\/12\/Uto_Panorama9-1-150x39.jpg 150w\" sizes=\"(max-width: 480px) 100vw, 480px\" \/><\/a><p id=\"caption-attachment-9426\" class=\"wp-caption-text\">Kesn\u00e4s.<\/p><\/div>\n<div id=\"attachment_9425\" style=\"width: 490px\" class=\"wp-caption aligncenter\"><a href=\"https:\/\/blogi.ennola.fi\/wp-content\/uploads\/2023\/12\/Uto_Panorama5.jpg\" rel=\"lightbox[9408]\"><img loading=\"lazy\" decoding=\"async\" aria-describedby=\"caption-attachment-9425\" class=\"wp-image-9425 size-full\" title=\"Kesn\u00e4s.\" src=\"https:\/\/blogi.ennola.fi\/wp-content\/uploads\/2023\/12\/Uto_Panorama5-1.jpg\" alt=\"\" width=\"480\" height=\"126\" srcset=\"https:\/\/blogi.ennola.fi\/wp-content\/uploads\/2023\/12\/Uto_Panorama5-1.jpg 480w, https:\/\/blogi.ennola.fi\/wp-content\/uploads\/2023\/12\/Uto_Panorama5-1-150x39.jpg 150w\" sizes=\"(max-width: 480px) 100vw, 480px\" \/><\/a><p id=\"caption-attachment-9425\" class=\"wp-caption-text\">Kesn\u00e4s.<\/p><\/div>\n<div id=\"attachment_9424\" style=\"width: 490px\" class=\"wp-caption aligncenter\"><a href=\"https:\/\/blogi.ennola.fi\/wp-content\/uploads\/2023\/12\/Uto_Panorama6.jpg\" rel=\"lightbox[9408]\"><img loading=\"lazy\" decoding=\"async\" aria-describedby=\"caption-attachment-9424\" class=\"wp-image-9424 size-full\" title=\"Kesn\u00e4s.\" src=\"https:\/\/blogi.ennola.fi\/wp-content\/uploads\/2023\/12\/Uto_Panorama6-1.jpg\" alt=\"\" width=\"480\" height=\"210\" srcset=\"https:\/\/blogi.ennola.fi\/wp-content\/uploads\/2023\/12\/Uto_Panorama6-1.jpg 480w, https:\/\/blogi.ennola.fi\/wp-content\/uploads\/2023\/12\/Uto_Panorama6-1-150x66.jpg 150w\" sizes=\"(max-width: 480px) 100vw, 480px\" \/><\/a><p id=\"caption-attachment-9424\" class=\"wp-caption-text\">Kesn\u00e4s.<\/p><\/div>\n<p>Koska Ut\u00f6n ja Jurmon leiripaikkojen l\u00e4heisyyteen kulki tieura, niin p\u00e4\u00e4tin ostaa varusteiden kuljetukseen maitok\u00e4rryt. Niiss\u00e4 kulki k\u00e4tev\u00e4sti retkeilyvarusteet, Ikea-kassillinen polttopuuta, viikon ruuat (joita ei sitten tarvittukaan l\u00e4hesk\u00e4\u00e4n kaikkia) sek\u00e4 painava kameravarustus nelj\u00e4n kilon lintuobjektiiveineen ja viiden kilon jalustoineen.<\/p>\n<div id=\"attachment_9434\" style=\"width: 460px\" class=\"wp-caption aligncenter\"><a href=\"https:\/\/blogi.ennola.fi\/wp-content\/uploads\/2023\/12\/IMG_2039b.jpg\" rel=\"lightbox[9408]\"><img loading=\"lazy\" decoding=\"async\" aria-describedby=\"caption-attachment-9434\" class=\"wp-image-9434 size-full\" title=\"Maitok\u00e4rryt tavaran kuljetukseen.\" src=\"https:\/\/blogi.ennola.fi\/wp-content\/uploads\/2023\/12\/IMG_2039b-1.jpg\" alt=\"\" width=\"450\" height=\"299\" srcset=\"https:\/\/blogi.ennola.fi\/wp-content\/uploads\/2023\/12\/IMG_2039b-1.jpg 450w, https:\/\/blogi.ennola.fi\/wp-content\/uploads\/2023\/12\/IMG_2039b-1-150x100.jpg 150w\" sizes=\"(max-width: 450px) 100vw, 450px\" \/><\/a><p id=\"caption-attachment-9434\" class=\"wp-caption-text\">Maitok\u00e4rryt tavaran kuljetukseen.<\/p><\/div>\n<p>Telttana minulla oli pieni kamiinatelttani, jonka tuulenkest\u00e4vyyden varmistin lis\u00e4\u00e4m\u00e4ll\u00e4 siihen puuttuneet tuulinarut ja korjaamalla alkuper\u00e4iset paremmiksi. Kamiinan piippuun viritin harukset. Olihan Ut\u00f6n telttapaikka varsin tuulisella paikalla puuttomalla niemell\u00e4. Vanhat armeijan bunkkerit toki tarjosivat pient\u00e4 tuulen suojaa.<\/p>\n<div id=\"attachment_9432\" style=\"width: 460px\" class=\"wp-caption aligncenter\"><a href=\"https:\/\/blogi.ennola.fi\/wp-content\/uploads\/2023\/12\/IMG_1892.jpg\" rel=\"lightbox[9408]\"><img loading=\"lazy\" decoding=\"async\" aria-describedby=\"caption-attachment-9432\" class=\"wp-image-9432 size-full\" title=\"Kamiinateltta kiinnitettyn\u00e4 tiukasti tuuleen.\" src=\"https:\/\/blogi.ennola.fi\/wp-content\/uploads\/2023\/12\/IMG_1892-1.jpg\" alt=\"\" width=\"450\" height=\"298\" srcset=\"https:\/\/blogi.ennola.fi\/wp-content\/uploads\/2023\/12\/IMG_1892-1.jpg 450w, https:\/\/blogi.ennola.fi\/wp-content\/uploads\/2023\/12\/IMG_1892-1-150x99.jpg 150w\" sizes=\"(max-width: 450px) 100vw, 450px\" \/><\/a><p id=\"caption-attachment-9432\" class=\"wp-caption-text\">Kamiinateltta kiinnitettyn\u00e4 tiukasti tuuleen.<\/p><\/div>\n<p>Ut\u00f6 tunnetaan hyv\u00e4n\u00e4 lintupaikkana, joten olin varautunut kattavalla lintujen kuvausvarustuksella. Syysmuutto oli kuitenkin jo ohi ja ne harvat vesilinnut, mit\u00e4 saaren ymp\u00e4rist\u00f6ss\u00e4 viel\u00e4 oli, uivat turhan kaukana kuvaamisen kannalta.<\/p>\n<p>Kaiken kaikkiaan n\u00e4in ainakin 22 lintulajia: kyhmy- ja laulujoutsen, telkk\u00e4, isokoskelo, sinisorsa, alli, merimetso, merikotka, meri- ja harmaalokki, kiuru, j\u00e4rripeippo, viherpeippo, urpiainen, tali- ja kuusitiainen, kottarainen, musta-, laulu- ja r\u00e4k\u00e4ttirastas, korppi sek\u00e4 varis. Merisirrej\u00e4 oli toiveissa l\u00f6yt\u00e4\u00e4, mutta j\u00e4iv\u00e4t t\u00e4ll\u00e4 kertaa l\u00f6ytym\u00e4tt\u00e4.<\/p>\n<div id=\"attachment_9422\" style=\"width: 460px\" class=\"wp-caption aligncenter\"><a href=\"https:\/\/blogi.ennola.fi\/wp-content\/uploads\/2023\/12\/IMG_1691.jpg\" rel=\"lightbox[9408]\"><img loading=\"lazy\" decoding=\"async\" aria-describedby=\"caption-attachment-9422\" class=\"wp-image-9422 size-full\" title=\"Telkk\u00e4 kyl\u00e4rannassa.\" src=\"https:\/\/blogi.ennola.fi\/wp-content\/uploads\/2023\/12\/IMG_1691-1.jpg\" alt=\"\" width=\"450\" height=\"296\" srcset=\"https:\/\/blogi.ennola.fi\/wp-content\/uploads\/2023\/12\/IMG_1691-1.jpg 450w, https:\/\/blogi.ennola.fi\/wp-content\/uploads\/2023\/12\/IMG_1691-1-150x99.jpg 150w\" sizes=\"(max-width: 450px) 100vw, 450px\" \/><\/a><p id=\"caption-attachment-9422\" class=\"wp-caption-text\">Telkk\u00e4 kyl\u00e4rannassa.<\/p><\/div>\n<p>Iltaisin oli paljon pime\u00e4\u00e4 luppoaikaa, joten yhden kirjan ehdin lukea: Sara Al Husaini, Huono tytt\u00f6. Kirjan aihe oli raskas mutta t\u00e4rke\u00e4. Kirja oli hyvin kirjoitettu ja lis\u00e4si omaa ymm\u00e4rryst\u00e4ni seksuaalisesta ja kunniav\u00e4kivallasta sek\u00e4 naisen asemasta arabiyhteis\u00f6ss\u00e4.<\/p>\n<p>S\u00e4\u00e4n suhteen olin pikkaisen onnekas, kun toisena y\u00f6n\u00e4 saareen satoi ensilumi. Niinp\u00e4 aamulla sain kuvatuksi talvisia maisemakuvia Ut\u00f6st\u00e4 meren ollessa sula. Ut\u00f6n tasalla kun harvoin on lunta muuten kuin muutamina p\u00e4ivin\u00e4 talvessa.<\/p>\n<div id=\"attachment_9433\" style=\"width: 460px\" class=\"wp-caption aligncenter\"><a href=\"https:\/\/blogi.ennola.fi\/wp-content\/uploads\/2023\/12\/IMG_2029.jpg\" rel=\"lightbox[9408]\"><img loading=\"lazy\" decoding=\"async\" aria-describedby=\"caption-attachment-9433\" class=\"wp-image-9433 size-full\" title=\"Tupakointi kielletty.\" src=\"https:\/\/blogi.ennola.fi\/wp-content\/uploads\/2023\/12\/IMG_2029-1.jpg\" alt=\"\" width=\"450\" height=\"300\" srcset=\"https:\/\/blogi.ennola.fi\/wp-content\/uploads\/2023\/12\/IMG_2029-1.jpg 450w, https:\/\/blogi.ennola.fi\/wp-content\/uploads\/2023\/12\/IMG_2029-1-150x100.jpg 150w\" sizes=\"(max-width: 450px) 100vw, 450px\" \/><\/a><p id=\"caption-attachment-9433\" class=\"wp-caption-text\">Tupakointi kielletty.<\/p><\/div>\n<p>P\u00e4iv\u00e4n aikana tuuli sitten yltyi myrskyksi, joten olin huolissani teltan kest\u00e4vyydest\u00e4 ja purin sen hyviss\u00e4 ajoin pois. Tuuli nousi Ut\u00f6n oman tuulimittarin mukaan jopa 18 m\/s lukemiin. Baldur (tai pit\u00e4isik\u00f6 sanoa m\/s Ut\u00f6) kallistelii jo ihan hyvin siin\u00e4 tuulessa. Isoimmassa niiauksessa kuului, kun tavarat lenteli jossain alemmalla kannella. Onneksi kiinnitin k\u00e4rryn irtohihnalla kiinni laivan rakenteisiin, ettei l\u00e4htenyt liukumaan pitkin poikin ruumaa.<\/p>\n<div id=\"attachment_9431\" style=\"width: 490px\" class=\"wp-caption aligncenter\"><a href=\"https:\/\/blogi.ennola.fi\/wp-content\/uploads\/2023\/12\/Uto_Panorama2.jpg\" rel=\"lightbox[9408]\"><img loading=\"lazy\" decoding=\"async\" aria-describedby=\"caption-attachment-9431\" class=\"wp-image-9431 size-full\" title=\"Ensilumi Kesn\u00e4s.\" src=\"https:\/\/blogi.ennola.fi\/wp-content\/uploads\/2023\/12\/Uto_Panorama2-1.jpg\" alt=\"\" width=\"480\" height=\"224\" srcset=\"https:\/\/blogi.ennola.fi\/wp-content\/uploads\/2023\/12\/Uto_Panorama2-1.jpg 480w, https:\/\/blogi.ennola.fi\/wp-content\/uploads\/2023\/12\/Uto_Panorama2-1-150x70.jpg 150w\" sizes=\"(max-width: 480px) 100vw, 480px\" \/><\/a><p id=\"caption-attachment-9431\" class=\"wp-caption-text\">Ensilumi Kesn\u00e4s.<\/p><\/div>\n<div id=\"attachment_9430\" style=\"width: 490px\" class=\"wp-caption aligncenter\"><a href=\"https:\/\/blogi.ennola.fi\/wp-content\/uploads\/2023\/12\/Uto_Panorama4.jpg\" rel=\"lightbox[9408]\"><img loading=\"lazy\" decoding=\"async\" aria-describedby=\"caption-attachment-9430\" class=\"wp-image-9430 size-full\" title=\"Ensilumi Kesn\u00e4s.\" src=\"https:\/\/blogi.ennola.fi\/wp-content\/uploads\/2023\/12\/Uto_Panorama4-1.jpg\" alt=\"\" width=\"480\" height=\"156\" srcset=\"https:\/\/blogi.ennola.fi\/wp-content\/uploads\/2023\/12\/Uto_Panorama4-1.jpg 480w, https:\/\/blogi.ennola.fi\/wp-content\/uploads\/2023\/12\/Uto_Panorama4-1-150x49.jpg 150w\" sizes=\"(max-width: 480px) 100vw, 480px\" \/><\/a><p id=\"caption-attachment-9430\" class=\"wp-caption-text\">Ensilumi Kesn\u00e4s.<\/p><\/div>\n<div id=\"attachment_9429\" style=\"width: 490px\" class=\"wp-caption aligncenter\"><a href=\"https:\/\/blogi.ennola.fi\/wp-content\/uploads\/2023\/12\/Uto_Panorama3.jpg\" rel=\"lightbox[9408]\"><img loading=\"lazy\" decoding=\"async\" aria-describedby=\"caption-attachment-9429\" class=\"wp-image-9429 size-full\" title=\"Ensilumi Kesn\u00e4s.\" src=\"https:\/\/blogi.ennola.fi\/wp-content\/uploads\/2023\/12\/Uto_Panorama3-1.jpg\" alt=\"\" width=\"480\" height=\"140\" srcset=\"https:\/\/blogi.ennola.fi\/wp-content\/uploads\/2023\/12\/Uto_Panorama3-1.jpg 480w, https:\/\/blogi.ennola.fi\/wp-content\/uploads\/2023\/12\/Uto_Panorama3-1-150x44.jpg 150w\" sizes=\"(max-width: 480px) 100vw, 480px\" \/><\/a><p id=\"caption-attachment-9429\" class=\"wp-caption-text\">Ensilumi Kesn\u00e4s.<\/p><\/div>\n<p>Saarella on yh\u00e4 paljon suljettuja sotilasalueita, joilla liikkuminen on kielletty\u00e4. K\u00e4yt\u00e4nn\u00f6ss\u00e4 vain saaren etel\u00e4osissa on rakentamatonta rantaa, miss\u00e4 saa vapaasti kulkea. Niill\u00e4kin on paljon n\u00e4kyviss\u00e4 armeija-ajan j\u00e4lki\u00e4, betonibunkkereita, vahoja kaapeleita sek\u00e4 erilaisia rautatankoja t\u00f6rr\u00f6tt\u00e4m\u00e4ss\u00e4 miss\u00e4 milloinkin. Vapaan rannan keskell\u00e4 on saaren j\u00e4teasema logistisesti oudossa paikassa h\u00e4iritsem\u00e4ss\u00e4 siell\u00e4 otettuja panoraamakuvia.<\/p>\n<div id=\"attachment_9423\" style=\"width: 490px\" class=\"wp-caption aligncenter\"><a href=\"https:\/\/blogi.ennola.fi\/wp-content\/uploads\/2023\/12\/Uto_Panorama1.jpg\" rel=\"lightbox[9408]\"><img loading=\"lazy\" decoding=\"async\" aria-describedby=\"caption-attachment-9423\" class=\"wp-image-9423 size-full\" title=\"Draken muistomerkki.\" src=\"https:\/\/blogi.ennola.fi\/wp-content\/uploads\/2023\/12\/Uto_Panorama1-1.jpg\" alt=\"\" width=\"480\" height=\"275\" srcset=\"https:\/\/blogi.ennola.fi\/wp-content\/uploads\/2023\/12\/Uto_Panorama1-1.jpg 480w, https:\/\/blogi.ennola.fi\/wp-content\/uploads\/2023\/12\/Uto_Panorama1-1-150x86.jpg 150w\" sizes=\"(max-width: 480px) 100vw, 480px\" \/><\/a><p id=\"caption-attachment-9423\" class=\"wp-caption-text\">Draken muistomerkki.<\/p><\/div>\n<p>Monet kehuvat luontoharrastajat Ut\u00f6t\u00e4, mutta minulle retkikohteena se oli pettymys. Jos vertaan Ut\u00f6n luontoretkeilymahdollisuuksia esimerkiksi Jurmoon tai \u00d6r\u00f6seen, ovat ne aika vaatimattomat. \u00a0Ehk\u00e4 aikaisemmin muuttoaikaan tilanne olisi ollut toinen tai jos olisin kajakkini mukaan, jolloin olisin pystynyt liikkumaan saaren l\u00e4hivesill\u00e4.<\/p>\n","protected":false},"excerpt":{"rendered":"<p>Teimme Pippurin kanssa kahden y\u00f6n retken Ut\u00f6seen. Olin muutaman kerran aiemmin poikennut lyhyesti Ut\u00f6ss\u00e4 matkalla Jurmoon, kun lautta menomatkalla ei poikennut Jurmossa. T\u00e4m\u00e4 oli ensimm\u00e4inen pidempi retkeni, jolla&#8230;<\/p>\n","protected":false},"author":1,"featured_media":9435,"comment_status":"open","ping_status":"open","sticky":false,"template":"","format":"standard","meta":{"footnotes":""},"categories":[4,3],"tags":[],"_links":{"self":[{"href":"https:\/\/blogi.ennola.fi\/index.php?rest_route=\/wp\/v2\/posts\/9408"}],"collection":[{"href":"https:\/\/blogi.ennola.fi\/index.php?rest_route=\/wp\/v2\/posts"}],"about":[{"href":"https:\/\/blogi.ennola.fi\/index.php?rest_route=\/wp\/v2\/types\/post"}],"author":[{"embeddable":true,"href":"https:\/\/blogi.ennola.fi\/index.php?rest_route=\/wp\/v2\/users\/1"}],"replies":[{"embeddable":true,"href":"https:\/\/blogi.ennola.fi\/index.php?rest_route=%2Fwp%2Fv2%2Fcomments&post=9408"}],"version-history":[{"count":6,"href":"https:\/\/blogi.ennola.fi\/index.php?rest_route=\/wp\/v2\/posts\/9408\/revisions"}],"predecessor-version":[{"id":9589,"href":"https:\/\/blogi.ennola.fi\/index.php?rest_route=\/wp\/v2\/posts\/9408\/revisions\/9589"}],"wp:featuredmedia":[{"embeddable":true,"href":"https:\/\/blogi.ennola.fi\/index.php?rest_route=\/wp\/v2\/media\/9435"}],"wp:attachment":[{"href":"https:\/\/blogi.ennola.fi\/index.php?rest_route=%2Fwp%2Fv2%2Fmedia&parent=9408"}],"wp:term":[{"taxonomy":"category","embeddable":true,"href":"https:\/\/blogi.ennola.fi\/index.php?rest_route=%2Fwp%2Fv2%2Fcategories&post=9408"},{"taxonomy":"post_tag","embeddable":true,"href":"https:\/\/blogi.ennola.fi\/index.php?rest_route=%2Fwp%2Fv2%2Ftags&post=9408"}],"curies":[{"name":"wp","href":"https:\/\/api.w.org\/{rel}","templated":true}]}}